{"id":23490,"date":"2025-02-03T19:11:04","date_gmt":"2025-02-03T18:11:04","guid":{"rendered":"https:\/\/insideamateurfussball-ffm.de\/?p=23490"},"modified":"2025-02-03T19:12:41","modified_gmt":"2025-02-03T18:12:41","slug":"fc-croatia-gewinnt-ersten-test-bei-sw-griesheim","status":"publish","type":"post","link":"https:\/\/insideamateurfussball-ffm.de\/?p=23490","title":{"rendered":"FC Croatia gewinnt ersten Test bei SW Griesheim"},"content":{"rendered":"<h3>Mit 4:2 gewann Kreisoberliga-Schlusslicht FC Croatia das erste Testspiel beim A-Ligisten DJK Schwarz-Wei\u00df Griesheim und pr\u00e4sentierte einen weiteren Neuzugang f\u00fcr die Torh\u00fcterposition.\u00a0<\/h3>\n<figure id=\"attachment_23491\" aria-describedby=\"caption-attachment-23491\" style=\"width: 886px\" class=\"wp-caption alignnone\"><img loading=\"lazy\" decoding=\"async\" class=\"wp-image-23491 size-full\" src=\"http:\/\/insideamateurfussball-ffm.de\/wp-content\/uploads\/2025\/02\/crao3.jpg\" alt=\"\" width=\"886\" height=\"611\" srcset=\"https:\/\/insideamateurfussball-ffm.de\/wp-content\/uploads\/2025\/02\/crao3.jpg 886w, https:\/\/insideamateurfussball-ffm.de\/wp-content\/uploads\/2025\/02\/crao3-300x207.jpg 300w, https:\/\/insideamateurfussball-ffm.de\/wp-content\/uploads\/2025\/02\/crao3-768x530.jpg 768w\" sizes=\"auto, (max-width: 886px) 100vw, 886px\" \/><figcaption id=\"caption-attachment-23491\" class=\"wp-caption-text\">Croatias Trainer Slavko Strinavic (links). Foto: Mithat G\u00fcrser.<\/figcaption><\/figure>\n<h3>DJK Schwarz-Wei\u00df Griesheim &#8211; FC Croatia 2:4 (1:3)<\/h3>\n<p><img loading=\"lazy\" decoding=\"async\" class=\"alignnone size-full wp-image-172\" src=\"http:\/\/insideamateurfussball-ffm.de\/wp-content\/uploads\/2022\/05\/DJK-SW-G.jpg\" alt=\"\" width=\"80\" height=\"80\" \/><img loading=\"lazy\" decoding=\"async\" class=\"alignnone size-full wp-image-29\" src=\"http:\/\/insideamateurfussball-ffm.de\/wp-content\/uploads\/2021\/11\/croatia.jpg\" alt=\"\" width=\"63\" height=\"80\" \/><\/p>\n<p>Die klassenh\u00f6heren G\u00e4ste waren durch Ante Strljic in F\u00fchrung gegangen (14.). Strljic (35.) und Marcel Ladan (36.) erh\u00f6hten auf dem Kunstrasenplatz am Rebstock auf ein komfortables 3:0, ehe den Hausherren kurz vor der Pause durch Omar Nerolatif der Anschluss gelang (44.). Nach dem Seitenwechsel wechselte Croatia auf der Torh\u00fcterposition.<\/p>\n<p>F\u00fcr den vom Hessenligisten Hanau 93 gekommenen Josip Galic kam sein j\u00fcngerer Bruder Antonio, der aus der U19 des FC Erlensee kommt. Die weiteren Tore im zweiten Abschnitt markierten Marko Krunic f\u00fcr Croatia (55.). Davide Ippolito erzielte den Endstand zum 2:4 per Foulelfmeter (85.).<\/p>\n<h3><span style=\"text-decoration: underline;\">Systemwechsel dank breitem Kader<\/span><\/h3>\n<p>&#8222;Nach vier Trainingseinheiten war das ein unangenehmer Gegner in einer Partie mit zwei verschiedenen Halbzeiten. Nach der Pause war das ein wildes Hin und Her&#8220;, analysierte Croatias Sportdirektor Darko Krolo. Man habe mit einem breiten Kader das System nach der Pause gewechselt, um einiges einzustudieren.<\/p>\n<p>Der von den Sportfreunden Oberau (KOL B\u00fcdingen) gekommene St\u00fcrmer Stefano Amore befinde sich noch im Urlaub und steige erst in dieser Woche ins Training ein. F\u00fcr Mittwoch (20 Uhr) ist ein interessanter &#8222;Balkan-Vergleich&#8220; an der Ackermannwiese angesetzt. Es kommt zur Begegnung beim Gruppenliga-Verein SV Bosnien\/Herzegowina (20 Uhr), gegen den es seit der Saison 2011\/12 kein Punktspiel mehr gegeben hat.\u00a0<\/p>\n<h3><span style=\"text-decoration: underline;\">Schiedsrichter: Rachid Ouali (Eintracht Frankfurt). Zuschauer: 61. <\/span><\/h3>\n<h3><span style=\"text-decoration: underline;\">Tore: 0:1, 0:2 Ante Strljic (14.\/35.), 0:3 Marcel Ladan (36.), 1:3 Omar Nerolatif (44.), 1:4 Marko Krunic (55.), 2:4 Davide Ippolito (85.\/Foulelfmeter). <\/span><\/h3>\n<h3><span style=\"text-decoration: underline;\">Bildergalerie: Unser Fotograf Mithat G\u00fcrser war am Rebstock zu Gast!\u00a0<\/span><\/h3>\n\n\n<figure class=\"wp-block-gallery has-nested-images columns-default is-cropped wp-block-gallery-1 is-layout-flex wp-block-gallery-is-layout-flex\">\n<figure class=\"wp-block-image size-large\"><img loading=\"lazy\" decoding=\"async\" width=\"886\" height=\"587\" data-id=\"23492\" src=\"https:\/\/insideamateurfussball-ffm.de\/wp-content\/uploads\/2025\/02\/crao7.jpg\" alt=\"\" class=\"wp-image-23492\" srcset=\"https:\/\/insideamateurfussball-ffm.de\/wp-content\/uploads\/2025\/02\/crao7.jpg 886w, https:\/\/insideamateurfussball-ffm.de\/wp-content\/uploads\/2025\/02\/crao7-300x199.jpg 300w, https:\/\/insideamateurfussball-ffm.de\/wp-content\/uploads\/2025\/02\/crao7-768x509.jpg 768w\" sizes=\"auto, (max-width: 886px) 100vw, 886px\" \/><\/figure>\n<\/figure>\n\n\n\n<figure class=\"wp-block-gallery has-nested-images columns-default is-cropped wp-block-gallery-2 is-layout-flex wp-block-gallery-is-layout-flex\">\n<figure class=\"wp-block-image size-large\"><img loading=\"lazy\" decoding=\"async\" width=\"886\" height=\"661\" data-id=\"23493\" src=\"https:\/\/insideamateurfussball-ffm.de\/wp-content\/uploads\/2025\/02\/crao10.jpg\" alt=\"\" class=\"wp-image-23493\" srcset=\"https:\/\/insideamateurfussball-ffm.de\/wp-content\/uploads\/2025\/02\/crao10.jpg 886w, https:\/\/insideamateurfussball-ffm.de\/wp-content\/uploads\/2025\/02\/crao10-300x224.jpg 300w, https:\/\/insideamateurfussball-ffm.de\/wp-content\/uploads\/2025\/02\/crao10-768x573.jpg 768w\" sizes=\"auto, (max-width: 886px) 100vw, 886px\" \/><\/figure>\n<\/figure>\n\n\n\n<figure class=\"wp-block-gallery has-nested-images columns-default is-cropped wp-block-gallery-3 is-layout-flex wp-block-gallery-is-layout-flex\">\n<figure class=\"wp-block-image size-large\"><img loading=\"lazy\" decoding=\"async\" width=\"886\" height=\"565\" data-id=\"23494\" src=\"https:\/\/insideamateurfussball-ffm.de\/wp-content\/uploads\/2025\/02\/croa12.jpg\" alt=\"\" class=\"wp-image-23494\" srcset=\"https:\/\/insideamateurfussball-ffm.de\/wp-content\/uploads\/2025\/02\/croa12.jpg 886w, https:\/\/insideamateurfussball-ffm.de\/wp-content\/uploads\/2025\/02\/croa12-300x191.jpg 300w, https:\/\/insideamateurfussball-ffm.de\/wp-content\/uploads\/2025\/02\/croa12-768x490.jpg 768w\" sizes=\"auto, (max-width: 886px) 100vw, 886px\" \/><\/figure>\n<\/figure>\n\n\n\n<figure class=\"wp-block-gallery has-nested-images columns-default is-cropped wp-block-gallery-4 is-layout-flex wp-block-gallery-is-layout-flex\">\n<figure class=\"wp-block-image size-large\"><img loading=\"lazy\" decoding=\"async\" width=\"543\" height=\"748\" data-id=\"23495\" src=\"https:\/\/insideamateurfussball-ffm.de\/wp-content\/uploads\/2025\/02\/crao5.jpg\" alt=\"\" class=\"wp-image-23495\" srcset=\"https:\/\/insideamateurfussball-ffm.de\/wp-content\/uploads\/2025\/02\/crao5.jpg 543w, https:\/\/insideamateurfussball-ffm.de\/wp-content\/uploads\/2025\/02\/crao5-218x300.jpg 218w\" sizes=\"auto, (max-width: 543px) 100vw, 543px\" \/><\/figure>\n<\/figure>\n\n\n\n<figure class=\"wp-block-gallery has-nested-images columns-default is-cropped wp-block-gallery-5 is-layout-flex wp-block-gallery-is-layout-flex\">\n<figure class=\"wp-block-image size-large\"><img loading=\"lazy\" decoding=\"async\" width=\"886\" height=\"634\" data-id=\"23496\" src=\"https:\/\/insideamateurfussball-ffm.de\/wp-content\/uploads\/2025\/02\/crao8.jpg\" alt=\"\" class=\"wp-image-23496\" srcset=\"https:\/\/insideamateurfussball-ffm.de\/wp-content\/uploads\/2025\/02\/crao8.jpg 886w, https:\/\/insideamateurfussball-ffm.de\/wp-content\/uploads\/2025\/02\/crao8-300x215.jpg 300w, https:\/\/insideamateurfussball-ffm.de\/wp-content\/uploads\/2025\/02\/crao8-768x550.jpg 768w\" sizes=\"auto, (max-width: 886px) 100vw, 886px\" \/><\/figure>\n<\/figure>\n\n\n\n<figure class=\"wp-block-gallery has-nested-images columns-default is-cropped wp-block-gallery-6 is-layout-flex wp-block-gallery-is-layout-flex\">\n<figure class=\"wp-block-image size-large\"><img loading=\"lazy\" decoding=\"async\" width=\"886\" height=\"589\" data-id=\"23497\" src=\"https:\/\/insideamateurfussball-ffm.de\/wp-content\/uploads\/2025\/02\/crao12.jpg\" alt=\"\" class=\"wp-image-23497\" srcset=\"https:\/\/insideamateurfussball-ffm.de\/wp-content\/uploads\/2025\/02\/crao12.jpg 886w, https:\/\/insideamateurfussball-ffm.de\/wp-content\/uploads\/2025\/02\/crao12-300x199.jpg 300w, https:\/\/insideamateurfussball-ffm.de\/wp-content\/uploads\/2025\/02\/crao12-768x511.jpg 768w\" sizes=\"auto, (max-width: 886px) 100vw, 886px\" \/><\/figure>\n<\/figure>\n\n\n\n<figure class=\"wp-block-gallery has-nested-images columns-default is-cropped wp-block-gallery-7 is-layout-flex wp-block-gallery-is-layout-flex\">\n<figure class=\"wp-block-image size-large\"><img loading=\"lazy\" decoding=\"async\" width=\"886\" height=\"662\" data-id=\"23498\" src=\"https:\/\/insideamateurfussball-ffm.de\/wp-content\/uploads\/2025\/02\/croa8-1.jpg\" alt=\"\" class=\"wp-image-23498\" srcset=\"https:\/\/insideamateurfussball-ffm.de\/wp-content\/uploads\/2025\/02\/croa8-1.jpg 886w, https:\/\/insideamateurfussball-ffm.de\/wp-content\/uploads\/2025\/02\/croa8-1-300x224.jpg 300w, https:\/\/insideamateurfussball-ffm.de\/wp-content\/uploads\/2025\/02\/croa8-1-768x574.jpg 768w\" sizes=\"auto, (max-width: 886px) 100vw, 886px\" \/><\/figure>\n<\/figure>\n\n\n\n<figure class=\"wp-block-gallery has-nested-images columns-default is-cropped wp-block-gallery-8 is-layout-flex wp-block-gallery-is-layout-flex\">\n<figure class=\"wp-block-image size-large\"><img loading=\"lazy\" decoding=\"async\" width=\"1006\" height=\"748\" data-id=\"23499\" src=\"https:\/\/insideamateurfussball-ffm.de\/wp-content\/uploads\/2025\/02\/crao1.jpg\" alt=\"\" class=\"wp-image-23499\" srcset=\"https:\/\/insideamateurfussball-ffm.de\/wp-content\/uploads\/2025\/02\/crao1.jpg 1006w, https:\/\/insideamateurfussball-ffm.de\/wp-content\/uploads\/2025\/02\/crao1-300x223.jpg 300w, https:\/\/insideamateurfussball-ffm.de\/wp-content\/uploads\/2025\/02\/crao1-768x571.jpg 768w\" sizes=\"auto, (max-width: 1006px) 100vw, 1006px\" \/><\/figure>\n<\/figure>\n\n\n\n<figure class=\"wp-block-gallery has-nested-images columns-default is-cropped wp-block-gallery-9 is-layout-flex wp-block-gallery-is-layout-flex\">\n<figure class=\"wp-block-image size-large\"><img loading=\"lazy\" decoding=\"async\" width=\"886\" height=\"612\" data-id=\"23500\" src=\"https:\/\/insideamateurfussball-ffm.de\/wp-content\/uploads\/2025\/02\/crao6.jpg\" alt=\"\" class=\"wp-image-23500\" srcset=\"https:\/\/insideamateurfussball-ffm.de\/wp-content\/uploads\/2025\/02\/crao6.jpg 886w, https:\/\/insideamateurfussball-ffm.de\/wp-content\/uploads\/2025\/02\/crao6-300x207.jpg 300w, https:\/\/insideamateurfussball-ffm.de\/wp-content\/uploads\/2025\/02\/crao6-768x530.jpg 768w\" sizes=\"auto, (max-width: 886px) 100vw, 886px\" \/><\/figure>\n<\/figure>\n\n\n\n<figure class=\"wp-block-gallery has-nested-images columns-default is-cropped wp-block-gallery-10 is-layout-flex wp-block-gallery-is-layout-flex\">\n<figure class=\"wp-block-image size-large\"><img loading=\"lazy\" decoding=\"async\" width=\"886\" height=\"656\" data-id=\"23501\" src=\"https:\/\/insideamateurfussball-ffm.de\/wp-content\/uploads\/2025\/02\/crao9.jpg\" alt=\"\" class=\"wp-image-23501\" srcset=\"https:\/\/insideamateurfussball-ffm.de\/wp-content\/uploads\/2025\/02\/crao9.jpg 886w, https:\/\/insideamateurfussball-ffm.de\/wp-content\/uploads\/2025\/02\/crao9-300x222.jpg 300w, https:\/\/insideamateurfussball-ffm.de\/wp-content\/uploads\/2025\/02\/crao9-768x569.jpg 768w\" sizes=\"auto, (max-width: 886px) 100vw, 886px\" \/><\/figure>\n<\/figure>\n\n\n\n<figure class=\"wp-block-gallery has-nested-images columns-default is-cropped wp-block-gallery-11 is-layout-flex wp-block-gallery-is-layout-flex\">\n<figure class=\"wp-block-image size-large\"><img loading=\"lazy\" decoding=\"async\" width=\"886\" height=\"588\" data-id=\"23502\" src=\"https:\/\/insideamateurfussball-ffm.de\/wp-content\/uploads\/2025\/02\/croa10-1.jpg\" alt=\"\" class=\"wp-image-23502\" srcset=\"https:\/\/insideamateurfussball-ffm.de\/wp-content\/uploads\/2025\/02\/croa10-1.jpg 886w, https:\/\/insideamateurfussball-ffm.de\/wp-content\/uploads\/2025\/02\/croa10-1-300x199.jpg 300w, https:\/\/insideamateurfussball-ffm.de\/wp-content\/uploads\/2025\/02\/croa10-1-768x510.jpg 768w\" sizes=\"auto, (max-width: 886px) 100vw, 886px\" \/><\/figure>\n<\/figure>\n\n\n\n<figure class=\"wp-block-gallery has-nested-images columns-default is-cropped wp-block-gallery-12 is-layout-flex wp-block-gallery-is-layout-flex\">\n<figure class=\"wp-block-image size-large\"><img loading=\"lazy\" decoding=\"async\" width=\"908\" height=\"591\" data-id=\"23503\" src=\"https:\/\/insideamateurfussball-ffm.de\/wp-content\/uploads\/2025\/02\/crao2.jpg\" alt=\"\" class=\"wp-image-23503\" srcset=\"https:\/\/insideamateurfussball-ffm.de\/wp-content\/uploads\/2025\/02\/crao2.jpg 908w, https:\/\/insideamateurfussball-ffm.de\/wp-content\/uploads\/2025\/02\/crao2-300x195.jpg 300w, https:\/\/insideamateurfussball-ffm.de\/wp-content\/uploads\/2025\/02\/crao2-768x500.jpg 768w\" sizes=\"auto, (max-width: 908px) 100vw, 908px\" \/><\/figure>\n<\/figure>\n","protected":false},"excerpt":{"rendered":"<p>Mit 4:2 gewann Kreisoberliga-Schlusslicht FC Croatia das erste Testspiel beim A-Ligisten DJK Schwarz-Wei\u00df Griesheim und pr\u00e4sentierte einen weiteren Neuzugang f\u00fcr die Torh\u00fcterposition.\u00a0 DJK Schwarz-Wei\u00df Griesheim &#8211; FC Croatia 2:4 (1:3) Die klassenh\u00f6heren G\u00e4ste waren durch Ante Strljic in F\u00fchrung gegangen (14.). Strljic (35.) und Marcel Ladan (36.) erh\u00f6hten auf dem Kunstrasenplatz am Rebstock auf ein [&hellip;]<\/p>\n","protected":false},"author":1,"featured_media":23491,"comment_status":"closed","ping_status":"closed","sticky":true,"template":"","format":"standard","meta":{"footnotes":""},"categories":[21],"tags":[],"class_list":["post-23490","post","type-post","status-publish","format-standard","has-post-thumbnail","hentry","category-testspiele"],"_links":{"self":[{"href":"https:\/\/insideamateurfussball-ffm.de\/index.php?rest_route=\/wp\/v2\/posts\/23490","targetHints":{"allow":["GET"]}}],"collection":[{"href":"https:\/\/insideamateurfussball-ffm.de\/index.php?rest_route=\/wp\/v2\/posts"}],"about":[{"href":"https:\/\/insideamateurfussball-ffm.de\/index.php?rest_route=\/wp\/v2\/types\/post"}],"author":[{"embeddable":true,"href":"https:\/\/insideamateurfussball-ffm.de\/index.php?rest_route=\/wp\/v2\/users\/1"}],"replies":[{"embeddable":true,"href":"https:\/\/insideamateurfussball-ffm.de\/index.php?rest_route=%2Fwp%2Fv2%2Fcomments&post=23490"}],"version-history":[{"count":2,"href":"https:\/\/insideamateurfussball-ffm.de\/index.php?rest_route=\/wp\/v2\/posts\/23490\/revisions"}],"predecessor-version":[{"id":23505,"href":"https:\/\/insideamateurfussball-ffm.de\/index.php?rest_route=\/wp\/v2\/posts\/23490\/revisions\/23505"}],"wp:featuredmedia":[{"embeddable":true,"href":"https:\/\/insideamateurfussball-ffm.de\/index.php?rest_route=\/wp\/v2\/media\/23491"}],"wp:attachment":[{"href":"https:\/\/insideamateurfussball-ffm.de\/index.php?rest_route=%2Fwp%2Fv2%2Fmedia&parent=23490"}],"wp:term":[{"taxonomy":"category","embeddable":true,"href":"https:\/\/insideamateurfussball-ffm.de\/index.php?rest_route=%2Fwp%2Fv2%2Fcategories&post=23490"},{"taxonomy":"post_tag","embeddable":true,"href":"https:\/\/insideamateurfussball-ffm.de\/index.php?rest_route=%2Fwp%2Fv2%2Ftags&post=23490"}],"curies":[{"name":"wp","href":"https:\/\/api.w.org\/{rel}","templated":true}]}}