{"id":23434,"date":"2025-02-01T14:40:58","date_gmt":"2025-02-01T13:40:58","guid":{"rendered":"https:\/\/insideamateurfussball-ffm.de\/?p=23434"},"modified":"2025-02-02T18:22:18","modified_gmt":"2025-02-02T17:22:18","slug":"fechenheim-zurueckhaltend-bei-zielen","status":"publish","type":"post","link":"https:\/\/insideamateurfussball-ffm.de\/?p=23434","title":{"rendered":"Fechenheim zur\u00fcckhaltend bei Zielen"},"content":{"rendered":"<h4>Die Spvgg. 03 Fechenheim liegt mit 38 Punkten auf dem dritten Tabellenplatz, nur einen Punkt hinter dem Relegationsplatz. Trotzdem h\u00f6rt man vom Verein keine Ziele, die in Richtung Aufstieg, der durchaus m\u00f6glich erscheint, gehen.<\/h4>\n<figure id=\"attachment_23236\" aria-describedby=\"caption-attachment-23236\" style=\"width: 1280px\" class=\"wp-caption alignnone\"><img loading=\"lazy\" decoding=\"async\" class=\"wp-image-23236 size-full\" src=\"http:\/\/insideamateurfussball-ffm.de\/wp-content\/uploads\/2025\/01\/Fechenheim.jpg\" alt=\"\" width=\"1280\" height=\"720\" srcset=\"https:\/\/insideamateurfussball-ffm.de\/wp-content\/uploads\/2025\/01\/Fechenheim.jpg 1280w, https:\/\/insideamateurfussball-ffm.de\/wp-content\/uploads\/2025\/01\/Fechenheim-300x169.jpg 300w, https:\/\/insideamateurfussball-ffm.de\/wp-content\/uploads\/2025\/01\/Fechenheim-1024x576.jpg 1024w, https:\/\/insideamateurfussball-ffm.de\/wp-content\/uploads\/2025\/01\/Fechenheim-768x432.jpg 768w\" sizes=\"auto, (max-width: 1280px) 100vw, 1280px\" \/><figcaption id=\"caption-attachment-23236\" class=\"wp-caption-text\">Grafik: MZ<\/figcaption><\/figure>\n<p><img loading=\"lazy\" decoding=\"async\" class=\"alignnone size-full wp-image-603\" src=\"http:\/\/insideamateurfussball-ffm.de\/wp-content\/uploads\/2022\/06\/Fech03.jpg\" alt=\"\" width=\"52\" height=\"80\" \/><\/p>\n<p>Die Spvgg. 03 Fechenheim hatte in dieser Saison bis zur Winterpause drei Trainer, der in die Saison gestartete Maximilian Schmidt gab das Amt nach einigen Wochen aus pers\u00f6nlichen Gr\u00fcnden ab, Fechenheims Sportlicher Leiter Asghar Ali-Jaali \u00fcbernahm \u00fcbergangsweise und war durchaus erfolgreich mit der Mannschaft und sechs Siegen in Folge. Mitte Oktober wurde dann mit Piradeep Siva Anandan der neue Trainer vorgestellt, der mit der Mannschaft in beiden Wettbewerben noch Chancen hat.<\/p>\n<p>In der Gruppenliga steht die Mannschaft auf Platz 3 mit einem Punkt hinter dem Relegationsplatz, im Kreispokal muss Fechenheim am 23.Februar im Viertelfinale zum Ligakonkurrenten nach Seckbach. Mit Yassin Chaouki (16 Tore), Felix Casalino (14 Tore) und Ouassim Ouass (11 Tore),stehen drei Spieler in den Top Ten der Torsch\u00fctzenliste, ein Zeichen f\u00fcr die gestiegene Effektivit\u00e4t im Sturm gegen\u00fcber dem letzten Jahr.<\/p>\n<p>Die Fragen im Rahmen der Winterserie beantwortete uns Trainer Piradeep Siva Anandan.<\/p>\n<h3><strong>Wie bewertet ihr den Verlauf dieser Saison bis zur Winterpause? <\/strong><\/h3>\n<p>Nach einem holprigen Start hat sich die Mannschaft gefangen und teilweise sehr gute Spiele gezeigt \u2013 auch gegen die Top Teams der Liga. Im Laufe der Hinserie hat die Mannschaft stetig daran gearbeitet, kompakter im Verbund zu verteidigen und geschlossen aufzutreten. Mit dem aktuellen Tabellenplatz und der gezeigten Leistung sind wir zufrieden.<\/p>\n<h3><strong>Wo seht ihr f\u00fcr euch noch Verbesserungsm\u00f6glichkeiten?<\/strong><\/h3>\n<p>Die Effizienz vor dem Tor ist noch verbesserungsw\u00fcrdig. Zudem sollte es unser Ziel sein, konstantere Leistungen abzurufen.<\/p>\n<h3><strong>Welche Ziele habt ihr f\u00fcr den restlichen Saisonverlauf?<\/strong><\/h3>\n<p>Wir schauen von Spiel zu Spiel und m\u00f6chten besser starten als im vergangenen Sommer. Wir wollen konstantere Leistungen abrufen und somit eine h\u00f6here Punkteausbeute erreichen.<\/p>\n<h3><strong>Welche Ver\u00e4nderungen im Kader gibt es in der Winterpause?<\/strong><\/h3>\n<div>Zugang: Metehan Karakus (FSV Friedrichsdorf),<\/div>\n<div>Abg\u00e4nge: Semih Y\u00fczen (T\u00fcrk G\u00fcc\u00fc Dietzenbach), Nadim Ahmed (BSC Schwarz-Wei\u00df 19).<\/div>\n<p><span style=\"text-decoration: underline;\"><strong>Ver\u00f6ffentlichte Testspiele (Daten von fussball.de):<\/strong><\/span><\/p>\n<p>30.01.25, 19:30 Uhr: Spvgg. 03 Fechenheim \u2013 SV M\u00fcnster 2:2<\/p>\n<p>02.02.25, 14:30 Uhr: Spvgg. 03 Fechenheim \u2013 TS Ober-Roden<\/p>\n<p>09.02.25, 15:00 Uhr: Viktoria Griesheim \u2013 Spvgg. 03 Fechenheim<\/p>\n<p>13.02.25, 20:00 Uhr: Spvgg. 03 Fechenheim \u2013 SG Bornheim<\/p>\n<p>16.02.25, 14:30 Uhr: Spvgg. 03 Fechenheim \u2013 SKC Barbaros Mainz<\/p>\n<p><span style=\"text-decoration: underline;\"><strong>Kreispokal, Viertelfinale:<\/strong><\/span><\/p>\n<p>23.02.25, 15:00 Uhr: FG Seckbach \u2013 Spvgg. 03 Fechenheim<\/p>\n<p><span style=\"text-decoration: underline;\"><strong>Saisonrestart:<\/strong><\/span><\/p>\n<p>01.03.25: Spvgg. 05\/99 Bomber Bad Homburg \u2013 Spvgg. 03 Fechenheim<\/p>\n<p>Datum und Uhrzeit des Spiels in Bad Homburg sind aber noch unklar und werden bei der Gruppenligabesprechung festgelegt.<\/p>\n","protected":false},"excerpt":{"rendered":"<p>Die Spvgg. 03 Fechenheim liegt mit 38 Punkten auf dem dritten Tabellenplatz, nur einen Punkt hinter dem Relegationsplatz. Trotzdem h\u00f6rt man vom Verein keine Ziele, die in Richtung Aufstieg, der durchaus m\u00f6glich erscheint, gehen. Die Spvgg. 03 Fechenheim hatte in dieser Saison bis zur Winterpause drei Trainer, der in die Saison gestartete Maximilian Schmidt gab [&hellip;]<\/p>\n","protected":false},"author":3,"featured_media":23236,"comment_status":"closed","ping_status":"open","sticky":true,"template":"","format":"standard","meta":{"footnotes":""},"categories":[13],"tags":[],"class_list":["post-23434","post","type-post","status-publish","format-standard","has-post-thumbnail","hentry","category-gruppenliga-frankfurt-west"],"_links":{"self":[{"href":"https:\/\/insideamateurfussball-ffm.de\/index.php?rest_route=\/wp\/v2\/posts\/23434","targetHints":{"allow":["GET"]}}],"collection":[{"href":"https:\/\/insideamateurfussball-ffm.de\/index.php?rest_route=\/wp\/v2\/posts"}],"about":[{"href":"https:\/\/insideamateurfussball-ffm.de\/index.php?rest_route=\/wp\/v2\/types\/post"}],"author":[{"embeddable":true,"href":"https:\/\/insideamateurfussball-ffm.de\/index.php?rest_route=\/wp\/v2\/users\/3"}],"replies":[{"embeddable":true,"href":"https:\/\/insideamateurfussball-ffm.de\/index.php?rest_route=%2Fwp%2Fv2%2Fcomments&post=23434"}],"version-history":[{"count":3,"href":"https:\/\/insideamateurfussball-ffm.de\/index.php?rest_route=\/wp\/v2\/posts\/23434\/revisions"}],"predecessor-version":[{"id":23437,"href":"https:\/\/insideamateurfussball-ffm.de\/index.php?rest_route=\/wp\/v2\/posts\/23434\/revisions\/23437"}],"wp:featuredmedia":[{"embeddable":true,"href":"https:\/\/insideamateurfussball-ffm.de\/index.php?rest_route=\/wp\/v2\/media\/23236"}],"wp:attachment":[{"href":"https:\/\/insideamateurfussball-ffm.de\/index.php?rest_route=%2Fwp%2Fv2%2Fmedia&parent=23434"}],"wp:term":[{"taxonomy":"category","embeddable":true,"href":"https:\/\/insideamateurfussball-ffm.de\/index.php?rest_route=%2Fwp%2Fv2%2Fcategories&post=23434"},{"taxonomy":"post_tag","embeddable":true,"href":"https:\/\/insideamateurfussball-ffm.de\/index.php?rest_route=%2Fwp%2Fv2%2Ftags&post=23434"}],"curies":[{"name":"wp","href":"https:\/\/api.w.org\/{rel}","templated":true}]}}