{"id":23431,"date":"2025-01-31T17:03:22","date_gmt":"2025-01-31T16:03:22","guid":{"rendered":"https:\/\/insideamateurfussball-ffm.de\/?p=23431"},"modified":"2025-01-31T17:03:22","modified_gmt":"2025-01-31T16:03:22","slug":"rw-frankfurt-will-fruehzeitigen-klassenerhalt","status":"publish","type":"post","link":"https:\/\/insideamateurfussball-ffm.de\/?p=23431","title":{"rendered":"RW Frankfurt will fr\u00fchzeitigen Klassenerhalt"},"content":{"rendered":"<h4>Nach dem dramatischen Klassenerhalt in der letzten Saison durch ein Tor in der Nachspielzeit im letzten Spiel m\u00f6chte die SG RW Frankfurt die Klasse in dieser Saison fr\u00fcher sichern, derzeit steht man mit 29 Punkten auf dem 10.Tabellenplatz.<\/h4>\n<figure id=\"attachment_23250\" aria-describedby=\"caption-attachment-23250\" style=\"width: 1280px\" class=\"wp-caption alignnone\"><img loading=\"lazy\" decoding=\"async\" class=\"wp-image-23250 size-full\" src=\"http:\/\/insideamateurfussball-ffm.de\/wp-content\/uploads\/2025\/01\/rwfrankfurt.jpg\" alt=\"\" width=\"1280\" height=\"720\" srcset=\"https:\/\/insideamateurfussball-ffm.de\/wp-content\/uploads\/2025\/01\/rwfrankfurt.jpg 1280w, https:\/\/insideamateurfussball-ffm.de\/wp-content\/uploads\/2025\/01\/rwfrankfurt-300x169.jpg 300w, https:\/\/insideamateurfussball-ffm.de\/wp-content\/uploads\/2025\/01\/rwfrankfurt-1024x576.jpg 1024w, https:\/\/insideamateurfussball-ffm.de\/wp-content\/uploads\/2025\/01\/rwfrankfurt-768x432.jpg 768w\" sizes=\"auto, (max-width: 1280px) 100vw, 1280px\" \/><figcaption id=\"caption-attachment-23250\" class=\"wp-caption-text\">Grafik: MZ<\/figcaption><\/figure>\n<p><img loading=\"lazy\" decoding=\"async\" class=\"alignnone size-full wp-image-120\" src=\"http:\/\/insideamateurfussball-ffm.de\/wp-content\/uploads\/2022\/05\/rot-weiss.png\" alt=\"\" width=\"80\" height=\"70\" \/><\/p>\n<p>Dank seiner Heimst\u00e4rke mit 20 Punkten in 11 Spielen haben die Rot-Weissen sich in dieser Saison zur Winterpause einen guten Abstand auf die Abstiegspl\u00e4tze erspielen k\u00f6nnen, vor der Winterpause holten die Frankfurter in den letzten f\u00fcnf Spielen 11 Punkte und schlugen dabei sogar den damaligen Tabellenf\u00fchrer SV Hummetroth.<\/p>\n<p>Die Fragen im Rahmen der Winterserie beantwortete uns Trainer Ibo Cigdem.<\/p>\n<h3><strong>Wie bewertet ihr den Verlauf dieser Saison bis zur Winterpause?<\/strong><\/h3>\n<p>Nach dem sehr chaotischen und auch Last-Minute Klassenerhalt waren uns die H\u00e4nde gebunden, fr\u00fchzeitig planen zu k\u00f6nnen, aber wenn man die ersten 6 Spieltage ausblendet, war es eigentlich die Entwicklung, die wir nehmen wollten, einen guten Spirit und Drive in die Mannschaft zu bekommen und mutigen attraktiven ergebnisorientierten Fu\u00dfball zu spielen!<\/p>\n<h3>\u00a0<strong>Wo seht ihr f\u00fcr euch noch Verbesserungsm\u00f6glichkeiten?<\/strong><\/h3>\n<p>Dass wir hart erk\u00e4mpfende Momente nicht durch eine klitzekleine Unachtsamkeit aus der Hand geben. Jedoch sind wir ein Ausbildungsverein und diese Spieler wachsen enorm durch Erfolge und lernen schneller durch Fehler.<\/p>\n<h3><strong>Welche Ziele habt ihr f\u00fcr den restlichen Saisonverlauf?<\/strong><\/h3>\n<p>Wir wollen fr\u00fchzeitig mit dem Abstieg nichts zu tun haben und idealerweise noch eon paar Tabellenpl\u00e4tze raufklettern.<\/p>\n<h3><strong>Welche Ver\u00e4nderungen im Kader gibt es in der Winterpause?<\/strong><\/h3>\n<p>Neu: Cem Bektas (Steinbach), Dino Bektas (vikt Griesheim), beide RW DNA<\/p>\n<p>Abg\u00e4nge: Shuto Nabeta (Japan), Patrick G\u00fcrser (T\u00fcrk FFM), Nico Meurer (unbekannt)<\/p>\n<p><span style=\"text-decoration: underline;\"><strong>Ver\u00f6ffentlichte Testspiele (Daten von fussball.de):<\/strong><\/span><\/p>\n<p>26.01.25, 14:00 Uhr: RW Frankfurt \u2013 T\u00fcrkg\u00fcc\u00fc Frankfurt 7:3<\/p>\n<p>02.02.25, 15:00 Uhr: FC Kalbach \u2013 RW Frankfurt<\/p>\n<p>06.02.25, 19:30 Uhr: RW Frankfurt \u2013 TuRa Niederh\u00f6chstadt<\/p>\n<p>11.02.25, 19:15 Uhr: RW Frankfurt \u2013 SV Bosnien\/Herzegowina<\/p>\n<p>16.02.25, 14:00 Uhr: FSV Friedrichsdorf \u2013 RW Frankfurt<\/p>\n<p>23.02.35, 14:00 Uhr: RW Frankfurt -SV Zeilsheim<\/p>\n<p><span style=\"text-decoration: underline;\"><strong>Saisonrestart:<\/strong><\/span><\/p>\n<p>01.03.25: RW Frankfurt \u2013 DJK Spfr. Bad Homburg<\/p>\n<p>Datum und Uhrzeit des Spiels gegen Bad Homburg sind aber noch unklar und werden bei der Verbandsligabesprechung festgelegt.<\/p>\n","protected":false},"excerpt":{"rendered":"<p>Nach dem dramatischen Klassenerhalt in der letzten Saison durch ein Tor in der Nachspielzeit im letzten Spiel m\u00f6chte die SG RW Frankfurt die Klasse in dieser Saison fr\u00fcher sichern, derzeit steht man mit 29 Punkten auf dem 10.Tabellenplatz. Dank seiner Heimst\u00e4rke mit 20 Punkten in 11 Spielen haben die Rot-Weissen sich in dieser Saison zur [&hellip;]<\/p>\n","protected":false},"author":3,"featured_media":23250,"comment_status":"closed","ping_status":"open","sticky":true,"template":"","format":"standard","meta":{"footnotes":""},"categories":[10],"tags":[],"class_list":["post-23431","post","type-post","status-publish","format-standard","has-post-thumbnail","hentry","category-verbandsliga-sued"],"_links":{"self":[{"href":"https:\/\/insideamateurfussball-ffm.de\/index.php?rest_route=\/wp\/v2\/posts\/23431","targetHints":{"allow":["GET"]}}],"collection":[{"href":"https:\/\/insideamateurfussball-ffm.de\/index.php?rest_route=\/wp\/v2\/posts"}],"about":[{"href":"https:\/\/insideamateurfussball-ffm.de\/index.php?rest_route=\/wp\/v2\/types\/post"}],"author":[{"embeddable":true,"href":"https:\/\/insideamateurfussball-ffm.de\/index.php?rest_route=\/wp\/v2\/users\/3"}],"replies":[{"embeddable":true,"href":"https:\/\/insideamateurfussball-ffm.de\/index.php?rest_route=%2Fwp%2Fv2%2Fcomments&post=23431"}],"version-history":[{"count":2,"href":"https:\/\/insideamateurfussball-ffm.de\/index.php?rest_route=\/wp\/v2\/posts\/23431\/revisions"}],"predecessor-version":[{"id":23433,"href":"https:\/\/insideamateurfussball-ffm.de\/index.php?rest_route=\/wp\/v2\/posts\/23431\/revisions\/23433"}],"wp:featuredmedia":[{"embeddable":true,"href":"https:\/\/insideamateurfussball-ffm.de\/index.php?rest_route=\/wp\/v2\/media\/23250"}],"wp:attachment":[{"href":"https:\/\/insideamateurfussball-ffm.de\/index.php?rest_route=%2Fwp%2Fv2%2Fmedia&parent=23431"}],"wp:term":[{"taxonomy":"category","embeddable":true,"href":"https:\/\/insideamateurfussball-ffm.de\/index.php?rest_route=%2Fwp%2Fv2%2Fcategories&post=23431"},{"taxonomy":"post_tag","embeddable":true,"href":"https:\/\/insideamateurfussball-ffm.de\/index.php?rest_route=%2Fwp%2Fv2%2Ftags&post=23431"}],"curies":[{"name":"wp","href":"https:\/\/api.w.org\/{rel}","templated":true}]}}