{"id":23407,"date":"2025-01-30T17:05:27","date_gmt":"2025-01-30T16:05:27","guid":{"rendered":"https:\/\/insideamateurfussball-ffm.de\/?p=23407"},"modified":"2025-01-30T17:05:27","modified_gmt":"2025-01-30T16:05:27","slug":"gudesding-will-auch-naechste-saison-kol-spielen","status":"publish","type":"post","link":"https:\/\/insideamateurfussball-ffm.de\/?p=23407","title":{"rendered":"Gudesding will auch n\u00e4chste Saison KOL spielen"},"content":{"rendered":"<h3>In seiner sechsten Spielzeit in der Kreisoberliga Frankfurt ist der FC Gudesding in akute Abstiegsgefahr geraten. Die &#8222;Guden&#8220; belegen zur Winterpause den vorletzten Rang und damit Stand jetzt einen der beiden direkten Abstiegspl\u00e4tze. Doch aufgegeben haben sie sich im Ostpark noch lange nicht. Der Klassenerhalt soll irgendwie noch erreicht werden. Unsere Fragen hat Co-Trainer Paul Weiss beantwortet.<\/h3>\n<figure id=\"attachment_23240\" aria-describedby=\"caption-attachment-23240\" style=\"width: 640px\" class=\"wp-caption alignright\"><img loading=\"lazy\" decoding=\"async\" class=\"wp-image-23240 size-large\" src=\"http:\/\/insideamateurfussball-ffm.de\/wp-content\/uploads\/2025\/01\/gudesding-1024x576.jpg\" alt=\"\" width=\"640\" height=\"360\" srcset=\"https:\/\/insideamateurfussball-ffm.de\/wp-content\/uploads\/2025\/01\/gudesding-1024x576.jpg 1024w, https:\/\/insideamateurfussball-ffm.de\/wp-content\/uploads\/2025\/01\/gudesding-300x169.jpg 300w, https:\/\/insideamateurfussball-ffm.de\/wp-content\/uploads\/2025\/01\/gudesding-768x432.jpg 768w, https:\/\/insideamateurfussball-ffm.de\/wp-content\/uploads\/2025\/01\/gudesding.jpg 1280w\" sizes=\"auto, (max-width: 640px) 100vw, 640px\" \/><figcaption id=\"caption-attachment-23240\" class=\"wp-caption-text\">Grafik: MZ.\u00a0\u00a0<\/figcaption><\/figure>\n<p><img loading=\"lazy\" decoding=\"async\" class=\"alignnone size-full wp-image-10\" src=\"http:\/\/insideamateurfussball-ffm.de\/wp-content\/uploads\/2021\/11\/Gudesding.jpg\" alt=\"\" width=\"64\" height=\"80\" \/><\/p>\n<h3>Wie bewertest Du den bisherigen Saisonverlauf?<\/h3>\n<p>Der bisherige Saisonverlauf ist nat\u00fcrlich ungl\u00fccklich. Wir wollten eine bessere Runde spielen als letztes Jahr, leider haben wir das bisher nicht geschafft. Wir m\u00fcssen uns jetzt zusammenrei\u00dfen, hart arbeiten und da unten rauskommen.<\/p>\n<h3>Wo gibt es Verbesserungsbedarf?<\/h3>\n<p>Wir m\u00fcssen vorne mehr Tore schie\u00dfen, einfach gef\u00e4hrlicher werden. Hinten stehen wir relativ gut, aber auch da k\u00f6nnen wir besser werden. Das gro\u00dfe Manko aber sind die fehlenden Tore vorne.<\/p>\n<h3>Wie lautet das Saisonziel?<\/h3>\n<p>Das Ziel ist klar: Klassenerhalt! Wir wollen auch n\u00e4chste Saison in der KOL spielen.<\/p>\n<h3>Gibt es Ver\u00e4nderungen im Kader?<\/h3>\n<p>Keine Ver\u00e4nderungen.<\/p>\n<h3>Testspiele:<\/h3>\n<p>Freitag, 24. Januar 20.30 Uhr FFV Sportfreunde 04 II (H) 5:4, Freitag, 31. Januar 20.30 Uhr FFC Olympia 07 II (H), Sonntag, 2. Februar 15 Uhr SV Bonames (A), Sonntag, 9. Februar 15 Uhr SKG Rumpenheim (A), Sonntag, 16. Februar 15 Uhr FC Germania 08 Ginnheim (A).<\/p>\n<h3>Saison-Restart:<\/h3>\n<p>Sonntag, 23. Februar 15 Uhr Concordia Eschersheim &#8211; FC Gudesding<\/p>\n","protected":false},"excerpt":{"rendered":"<p>In seiner sechsten Spielzeit in der Kreisoberliga Frankfurt ist der FC Gudesding in akute Abstiegsgefahr geraten. Die &#8222;Guden&#8220; belegen zur Winterpause den vorletzten Rang und damit Stand jetzt einen der beiden direkten Abstiegspl\u00e4tze. Doch aufgegeben haben sie sich im Ostpark noch lange nicht. Der Klassenerhalt soll irgendwie noch erreicht werden. Unsere Fragen hat Co-Trainer Paul [&hellip;]<\/p>\n","protected":false},"author":1,"featured_media":23240,"comment_status":"open","ping_status":"open","sticky":true,"template":"","format":"standard","meta":{"footnotes":""},"categories":[2],"tags":[],"class_list":["post-23407","post","type-post","status-publish","format-standard","has-post-thumbnail","hentry","category-kreisoberliga-frankfurt"],"_links":{"self":[{"href":"https:\/\/insideamateurfussball-ffm.de\/index.php?rest_route=\/wp\/v2\/posts\/23407","targetHints":{"allow":["GET"]}}],"collection":[{"href":"https:\/\/insideamateurfussball-ffm.de\/index.php?rest_route=\/wp\/v2\/posts"}],"about":[{"href":"https:\/\/insideamateurfussball-ffm.de\/index.php?rest_route=\/wp\/v2\/types\/post"}],"author":[{"embeddable":true,"href":"https:\/\/insideamateurfussball-ffm.de\/index.php?rest_route=\/wp\/v2\/users\/1"}],"replies":[{"embeddable":true,"href":"https:\/\/insideamateurfussball-ffm.de\/index.php?rest_route=%2Fwp%2Fv2%2Fcomments&post=23407"}],"version-history":[{"count":1,"href":"https:\/\/insideamateurfussball-ffm.de\/index.php?rest_route=\/wp\/v2\/posts\/23407\/revisions"}],"predecessor-version":[{"id":23417,"href":"https:\/\/insideamateurfussball-ffm.de\/index.php?rest_route=\/wp\/v2\/posts\/23407\/revisions\/23417"}],"wp:featuredmedia":[{"embeddable":true,"href":"https:\/\/insideamateurfussball-ffm.de\/index.php?rest_route=\/wp\/v2\/media\/23240"}],"wp:attachment":[{"href":"https:\/\/insideamateurfussball-ffm.de\/index.php?rest_route=%2Fwp%2Fv2%2Fmedia&parent=23407"}],"wp:term":[{"taxonomy":"category","embeddable":true,"href":"https:\/\/insideamateurfussball-ffm.de\/index.php?rest_route=%2Fwp%2Fv2%2Fcategories&post=23407"},{"taxonomy":"post_tag","embeddable":true,"href":"https:\/\/insideamateurfussball-ffm.de\/index.php?rest_route=%2Fwp%2Fv2%2Ftags&post=23407"}],"curies":[{"name":"wp","href":"https:\/\/api.w.org\/{rel}","templated":true}]}}