{"id":23396,"date":"2025-01-30T16:34:30","date_gmt":"2025-01-30T15:34:30","guid":{"rendered":"https:\/\/insideamateurfussball-ffm.de\/?p=23396"},"modified":"2025-01-30T16:34:30","modified_gmt":"2025-01-30T15:34:30","slug":"bosnier-wollen-sich-noch-ein-paar-plaetze-verbessern","status":"publish","type":"post","link":"https:\/\/insideamateurfussball-ffm.de\/?p=23396","title":{"rendered":"Bosnier wollen sich noch ein paar Pl\u00e4tze verbessern"},"content":{"rendered":"<h4>F\u00fcr den SV Bosnien\/Herzegowina kam die Winterpause zur unpassenden Zeit, schlie\u00dflich gewann man die letzten drei Spiele vor der Pause recht deutlich und \u00fcberwintert jetzt mit 31 Punkten auf dem 8. Tabellenplatz.<\/h4>\n<figure id=\"attachment_23230\" aria-describedby=\"caption-attachment-23230\" style=\"width: 1280px\" class=\"wp-caption alignnone\"><img loading=\"lazy\" decoding=\"async\" class=\"wp-image-23230 size-full\" src=\"http:\/\/insideamateurfussball-ffm.de\/wp-content\/uploads\/2025\/01\/bosnien.jpg\" alt=\"\" width=\"1280\" height=\"720\" srcset=\"https:\/\/insideamateurfussball-ffm.de\/wp-content\/uploads\/2025\/01\/bosnien.jpg 1280w, https:\/\/insideamateurfussball-ffm.de\/wp-content\/uploads\/2025\/01\/bosnien-300x169.jpg 300w, https:\/\/insideamateurfussball-ffm.de\/wp-content\/uploads\/2025\/01\/bosnien-1024x576.jpg 1024w, https:\/\/insideamateurfussball-ffm.de\/wp-content\/uploads\/2025\/01\/bosnien-768x432.jpg 768w\" sizes=\"auto, (max-width: 1280px) 100vw, 1280px\" \/><figcaption id=\"caption-attachment-23230\" class=\"wp-caption-text\">Grafik: MZ<\/figcaption><\/figure>\n<p><img loading=\"lazy\" decoding=\"async\" class=\"alignnone size-full wp-image-139\" src=\"http:\/\/insideamateurfussball-ffm.de\/wp-content\/uploads\/2022\/05\/Bosnien.jpg\" alt=\"\" width=\"79\" height=\"80\" \/><\/p>\n<p>Der SV Bosnien\/Herzegowina ging nach der knapp verpassten Relegation in der letzten Saison mit dem Ziel in die Runde, erneut oben mitzuspielen. Doch die Mannschaft fand in der ersten Saisonh\u00e4lfte zu keiner Konstanz, Niederlagen und Siege wechselten sich mit Unentschieden ab, in der Tabelle bewegte sich die Mannschaft im Niemandsland. Im September konnten die Bosnier nach drei Niederlagen in Folge dem FC Kalbach beim 4.3-Ausw\u00e4rtssieg die einzige Niederlage beibringen.<\/p>\n<p>Positiv machte sich im Laufe der Saison bemerkbar, dass Hamza Reko wieder ins Spielgeschehen eingreifen konnte, in 12 Spielen bis zur Winterpause war er mit 11 Toren bester Torsch\u00fctze. Die letzten drei Spiele vor der Winterpause konnten die Bosnier alle mit einem Torverh\u00e4ltnis von 16:1 gewinnen und es deutete sich mehr Konstanz an.<\/p>\n<p>Die Fragen im Rahmen der Winterserie beantwortete uns Bosniens Pressesprecher Admir Malohodzic kurz und b\u00fcndig.<\/p>\n<h3><strong>Wie bewertet ihr den Verlauf dieser Saison bis zur Winterpause?<\/strong><\/h3>\n<p>Die erste Saisonh\u00e4lfte war ein bisschen holprig. Wir hatten besonders in der Anfangsphase, unsere Probleme. Dann kamen wir immer besser und besser in Gang und haben guten Fu\u00dfball gespielt.<\/p>\n<h3><strong>Wo seht ihr f\u00fcr euch noch Verbesserungsm\u00f6glichkeiten?<\/strong><\/h3>\n<p>Wir wollen weniger Tore kassieren. Im Defensivbereich wollen wir uns verbessern.<\/p>\n<h3><strong>Welche Ziele habt ihr f\u00fcr den restlichen Saisonverlauf?<\/strong><\/h3>\n<p>Wir wollen paar Pl\u00e4tze nach oben gut machen.<\/p>\n<h3><strong>Welche Ver\u00e4nderungen im Kader gibt es in der Winterpause?<\/strong><\/h3>\n<p>Kader bleibt gleich, vielleicht kommen 1-2 Spieler dazu, steht noch\u00a0nicht\u00a0fest.<\/p>\n<p>Nur Dejan Misic hat den Verein Richtung FC Tempo verlassen.<\/p>\n<p><span style=\"text-decoration: underline;\"><strong>Ver\u00f6ffentlichte Testspiele (Daten von fussball.de):<\/strong><\/span><\/p>\n<p>05.02.25, 20:00 Uhr: SV Bosnien\/Herzegowina &#8211; FC Croatia<\/p>\n<p>09.02.25, 14:00 Uhr: SV Bosnien\/Herzegowina \u2013 SV Neuhof<\/p>\n<p>11.02.25, 19:15 Uhr: RW Frankfurt \u2013 SV Bosnien\/Herzegowina<\/p>\n<p>16.02.25, 15:30 Uhr: SG 01 H\u00f6chst \u2013 SV Bosnien\/Herzegowina<\/p>\n<p>23.02.25, 14:00 Uhr: SV Bosnien\/Herzegowina \u2013 T\u00fcrk G\u00fcc\u00fc Hanau<\/p>\n<p><span style=\"text-decoration: underline;\"><strong>Saisonrestart:<\/strong><\/span><\/p>\n<p>01.03.25: 1.FC-TSG K\u00f6nigstein \u2013 SV Bosnien\/Herzegowina<\/p>\n<p>Datum und Uhrzeit des Spiels in K\u00f6nigstein sind aber noch unklar und werden bei der Gruppenligabesprechung festgelegt.<\/p>\n","protected":false},"excerpt":{"rendered":"<p>F\u00fcr den SV Bosnien\/Herzegowina kam die Winterpause zur unpassenden Zeit, schlie\u00dflich gewann man die letzten drei Spiele vor der Pause recht deutlich und \u00fcberwintert jetzt mit 31 Punkten auf dem 8. Tabellenplatz. Der SV Bosnien\/Herzegowina ging nach der knapp verpassten Relegation in der letzten Saison mit dem Ziel in die Runde, erneut oben mitzuspielen. Doch [&hellip;]<\/p>\n","protected":false},"author":3,"featured_media":23230,"comment_status":"closed","ping_status":"open","sticky":true,"template":"","format":"standard","meta":{"footnotes":""},"categories":[13],"tags":[],"class_list":["post-23396","post","type-post","status-publish","format-standard","has-post-thumbnail","hentry","category-gruppenliga-frankfurt-west"],"_links":{"self":[{"href":"https:\/\/insideamateurfussball-ffm.de\/index.php?rest_route=\/wp\/v2\/posts\/23396","targetHints":{"allow":["GET"]}}],"collection":[{"href":"https:\/\/insideamateurfussball-ffm.de\/index.php?rest_route=\/wp\/v2\/posts"}],"about":[{"href":"https:\/\/insideamateurfussball-ffm.de\/index.php?rest_route=\/wp\/v2\/types\/post"}],"author":[{"embeddable":true,"href":"https:\/\/insideamateurfussball-ffm.de\/index.php?rest_route=\/wp\/v2\/users\/3"}],"replies":[{"embeddable":true,"href":"https:\/\/insideamateurfussball-ffm.de\/index.php?rest_route=%2Fwp%2Fv2%2Fcomments&post=23396"}],"version-history":[{"count":2,"href":"https:\/\/insideamateurfussball-ffm.de\/index.php?rest_route=\/wp\/v2\/posts\/23396\/revisions"}],"predecessor-version":[{"id":23398,"href":"https:\/\/insideamateurfussball-ffm.de\/index.php?rest_route=\/wp\/v2\/posts\/23396\/revisions\/23398"}],"wp:featuredmedia":[{"embeddable":true,"href":"https:\/\/insideamateurfussball-ffm.de\/index.php?rest_route=\/wp\/v2\/media\/23230"}],"wp:attachment":[{"href":"https:\/\/insideamateurfussball-ffm.de\/index.php?rest_route=%2Fwp%2Fv2%2Fmedia&parent=23396"}],"wp:term":[{"taxonomy":"category","embeddable":true,"href":"https:\/\/insideamateurfussball-ffm.de\/index.php?rest_route=%2Fwp%2Fv2%2Fcategories&post=23396"},{"taxonomy":"post_tag","embeddable":true,"href":"https:\/\/insideamateurfussball-ffm.de\/index.php?rest_route=%2Fwp%2Fv2%2Ftags&post=23396"}],"curies":[{"name":"wp","href":"https:\/\/api.w.org\/{rel}","templated":true}]}}