{"id":23389,"date":"2025-01-29T17:29:27","date_gmt":"2025-01-29T16:29:27","guid":{"rendered":"https:\/\/insideamateurfussball-ffm.de\/?p=23389"},"modified":"2025-01-29T17:29:27","modified_gmt":"2025-01-29T16:29:27","slug":"bornheim-ii-soll-sich-unter-neuem-trainer-finden","status":"publish","type":"post","link":"https:\/\/insideamateurfussball-ffm.de\/?p=23389","title":{"rendered":"Bornheim II soll sich unter neuem Trainer finden"},"content":{"rendered":"<h3><span style=\"font-size: 16px;\">Unter dem neuen Trainer Marco Santonastaso soll die SG Bornheim\/Gr\u00fcn-Wei\u00df II den sicheren Klassenerhalt bewerkstelligen. Der Italiener hat die Nachfolge von Lucas Milbredt \u00fcbernommen, der die Bornheimer 1b mit 24 Punkten auf Rang zehn abgab. Bereits im Oktober war Trainer Mario Koch von seinem Amt zur\u00fcckgetreten. Unsere Fragen hat der Sportliche Leiter Daniel Krieg-Lieberich beantwortet.\u00a0<\/span><\/h3>\n<figure id=\"attachment_23229\" aria-describedby=\"caption-attachment-23229\" style=\"width: 640px\" class=\"wp-caption alignright\"><img loading=\"lazy\" decoding=\"async\" class=\"wp-image-23229 size-large\" src=\"http:\/\/insideamateurfussball-ffm.de\/wp-content\/uploads\/2025\/01\/bornheimII-1024x576.jpg\" alt=\"\" width=\"640\" height=\"360\" srcset=\"https:\/\/insideamateurfussball-ffm.de\/wp-content\/uploads\/2025\/01\/bornheimII-1024x576.jpg 1024w, https:\/\/insideamateurfussball-ffm.de\/wp-content\/uploads\/2025\/01\/bornheimII-300x169.jpg 300w, https:\/\/insideamateurfussball-ffm.de\/wp-content\/uploads\/2025\/01\/bornheimII-768x432.jpg 768w, https:\/\/insideamateurfussball-ffm.de\/wp-content\/uploads\/2025\/01\/bornheimII.jpg 1280w\" sizes=\"auto, (max-width: 640px) 100vw, 640px\" \/><figcaption id=\"caption-attachment-23229\" class=\"wp-caption-text\">Grafik: MZ.\u00a0<\/figcaption><\/figure>\n<p><img loading=\"lazy\" decoding=\"async\" class=\"alignnone size-full wp-image-119\" src=\"http:\/\/insideamateurfussball-ffm.de\/wp-content\/uploads\/2022\/05\/Bornheim.jpg\" alt=\"\" width=\"80\" height=\"80\" \/><\/p>\n<h3>Wie bewertest Du den bisherigen Saisonverlauf?<\/h3>\n<div>Den Saisonstart hatten wir uns anders vorgestellt. Viele Spieler haben in der Phase aus verschiedensten Gr\u00fcnden gefehlt. Wir haben dadurch lange gebraucht bis wir in die Saison gefunden haben. Als sich die vielen Abwesenheiten gelegt hatten haben sich das Team und damit auch die Ergebnisse stabilisiert.<\/div>\n<div><\/div>\n<h3>Wo gibt es Verbesserungsm\u00f6glichkeiten?<\/h3>\n<p>Kontinuit\u00e4t im Training und zuverl\u00e4ssige Anwesenheiten an den Spieltagen haben sich zum Ende der Hinrunde bezahlt gemacht. Da sollten die Jungs dran bleiben.<\/p>\n<h3>Wie lautet das Saisonziel?<\/h3>\n<p>Wir haben in diesem Winter mit Marco Santanastoso einen neuen Trainer installiert. Er folgt auf Lucas Milbredt und Mario Koch. Die beiden haben tolle Arbeit bei uns geleistet. Marco und die Mannschaft sollen sich in der R\u00fcckrunde finden und so fr\u00fch wie m\u00f6glich den Klassenerhalt sichern.<\/p>\n<h3>Gibt es Ver\u00e4nderungen im Kader?<\/h3>\n<p>Emanuel Ibarra, Frederick Reinecke und Kostiantyn Boiko geh\u00f6ren nicht mehr zum Kader.<\/p>\n<h3>Testspiele:<\/h3>\n<p>2. Februar 12.45 Uhr FG Seckbach II (A), 16. Februar 12.45 Uhr FC Karben II (H), 23. Februar 12.45 Uhr SV Nieder-W\u00f6llstadt (H).<\/p>\n<h3>Saison-Restart:<\/h3>\n<p>Samstag, 1. M\u00e4rz (15 Uhr) SV 07 Heddernheim &#8211; SG Bornheim\/Gr\u00fcn-Wei\u00df II.<\/p>\n<div><\/div>\n","protected":false},"excerpt":{"rendered":"<p>Unter dem neuen Trainer Marco Santonastaso soll die SG Bornheim\/Gr\u00fcn-Wei\u00df II den sicheren Klassenerhalt bewerkstelligen. Der Italiener hat die Nachfolge von Lucas Milbredt \u00fcbernommen, der die Bornheimer 1b mit 24 Punkten auf Rang zehn abgab. Bereits im Oktober war Trainer Mario Koch von seinem Amt zur\u00fcckgetreten. Unsere Fragen hat der Sportliche Leiter Daniel Krieg-Lieberich beantwortet.\u00a0 [&hellip;]<\/p>\n","protected":false},"author":1,"featured_media":23229,"comment_status":"closed","ping_status":"closed","sticky":true,"template":"","format":"standard","meta":{"footnotes":""},"categories":[2],"tags":[],"class_list":["post-23389","post","type-post","status-publish","format-standard","has-post-thumbnail","hentry","category-kreisoberliga-frankfurt"],"_links":{"self":[{"href":"https:\/\/insideamateurfussball-ffm.de\/index.php?rest_route=\/wp\/v2\/posts\/23389","targetHints":{"allow":["GET"]}}],"collection":[{"href":"https:\/\/insideamateurfussball-ffm.de\/index.php?rest_route=\/wp\/v2\/posts"}],"about":[{"href":"https:\/\/insideamateurfussball-ffm.de\/index.php?rest_route=\/wp\/v2\/types\/post"}],"author":[{"embeddable":true,"href":"https:\/\/insideamateurfussball-ffm.de\/index.php?rest_route=\/wp\/v2\/users\/1"}],"replies":[{"embeddable":true,"href":"https:\/\/insideamateurfussball-ffm.de\/index.php?rest_route=%2Fwp%2Fv2%2Fcomments&post=23389"}],"version-history":[{"count":1,"href":"https:\/\/insideamateurfussball-ffm.de\/index.php?rest_route=\/wp\/v2\/posts\/23389\/revisions"}],"predecessor-version":[{"id":23390,"href":"https:\/\/insideamateurfussball-ffm.de\/index.php?rest_route=\/wp\/v2\/posts\/23389\/revisions\/23390"}],"wp:featuredmedia":[{"embeddable":true,"href":"https:\/\/insideamateurfussball-ffm.de\/index.php?rest_route=\/wp\/v2\/media\/23229"}],"wp:attachment":[{"href":"https:\/\/insideamateurfussball-ffm.de\/index.php?rest_route=%2Fwp%2Fv2%2Fmedia&parent=23389"}],"wp:term":[{"taxonomy":"category","embeddable":true,"href":"https:\/\/insideamateurfussball-ffm.de\/index.php?rest_route=%2Fwp%2Fv2%2Fcategories&post=23389"},{"taxonomy":"post_tag","embeddable":true,"href":"https:\/\/insideamateurfussball-ffm.de\/index.php?rest_route=%2Fwp%2Fv2%2Ftags&post=23389"}],"curies":[{"name":"wp","href":"https:\/\/api.w.org\/{rel}","templated":true}]}}