{"id":23386,"date":"2025-01-28T12:13:30","date_gmt":"2025-01-28T11:13:30","guid":{"rendered":"https:\/\/insideamateurfussball-ffm.de\/?p=23386"},"modified":"2025-01-28T12:13:30","modified_gmt":"2025-01-28T11:13:30","slug":"speuzer-droht-naechster-abstieg","status":"publish","type":"post","link":"https:\/\/insideamateurfussball-ffm.de\/?p=23386","title":{"rendered":"Speuzer droht n\u00e4chster Abstieg"},"content":{"rendered":"<h4>Nach dem letztj\u00e4hrigen Abstieg aus der Verbandsliga S\u00fcd droht den FFV Sportfreunden 04 auch der Absturz in die Kreisoberliga, sieglos liegen die Speuzer nach 20 Spieltagen mit 5 Punkten am Tabellenende.<\/h4>\n<figure id=\"attachment_23254\" aria-describedby=\"caption-attachment-23254\" style=\"width: 1280px\" class=\"wp-caption alignnone\"><img loading=\"lazy\" decoding=\"async\" class=\"wp-image-23254 size-full\" src=\"http:\/\/insideamateurfussball-ffm.de\/wp-content\/uploads\/2025\/01\/speuzer.jpg\" alt=\"\" width=\"1280\" height=\"720\" srcset=\"https:\/\/insideamateurfussball-ffm.de\/wp-content\/uploads\/2025\/01\/speuzer.jpg 1280w, https:\/\/insideamateurfussball-ffm.de\/wp-content\/uploads\/2025\/01\/speuzer-300x169.jpg 300w, https:\/\/insideamateurfussball-ffm.de\/wp-content\/uploads\/2025\/01\/speuzer-1024x576.jpg 1024w, https:\/\/insideamateurfussball-ffm.de\/wp-content\/uploads\/2025\/01\/speuzer-768x432.jpg 768w\" sizes=\"auto, (max-width: 1280px) 100vw, 1280px\" \/><figcaption id=\"caption-attachment-23254\" class=\"wp-caption-text\">Grafik: MZ<\/figcaption><\/figure>\n<p><img loading=\"lazy\" decoding=\"async\" class=\"alignnone size-full wp-image-141\" src=\"http:\/\/insideamateurfussball-ffm.de\/wp-content\/uploads\/2022\/05\/Speuzer.jpg\" alt=\"\" width=\"80\" height=\"80\" \/><\/p>\n<p>F\u00fcr die Sportfreunde war es bereits am Beginn der Saison klar, dass es erneut gegen den Abstieg aus der Gruppenliga gehen w\u00fcrde. Doch die Mannschaft erwies sich als zu schwach, um eine gute Rolle spielen zu k\u00f6nnen, nach 20 Spieltagen stehen gerade einmal f\u00fcnf Unentschieden zu Buche. F\u00fcr die Unruhe im Verein sprechen auch die vielen Trainerwechsel in der ersten Halbserie.<\/p>\n<p>Nach dem 6.Spieltag und der Niederlage gegen den Tabellenletzten aus K\u00f6nigstein legte Trainer Ramzi Kallel sein Amt nieder, er war mit seinen Kr\u00e4ften am Ende. F\u00fcr ein Spiel \u00fcbernahm Panagiotis Toumpas die Verantwortung an der Seitenlinie, ehe Marco Santonastaso das Amt \u00fcbernahm. Nach zwei Niederlagen teilte Santonastaso dem Vorstand mit, dass er berufsbedingt das Traineramt wieder aufgeben m\u00fcsse, in der Partie in Stierstadt stand Santonastasos Co-Trainer Vincenzo Mangiapane an der Seitenlinie, beim Punktgewinn gegen T\u00fcrkg\u00fcc\u00fc Frankfurt half erneut interimsweise Panagiotis Toumpas aus, ehe Lamine Kaiser das Traineramt und die aus seiner Sicht \u201ekomplizierte Aufgabe\u201c \u00fcbernahm, der f\u00fcnfte Trainer in der Saison.<\/p>\n<p>Auch Kaiser gelang es mit der Mannschaft nicht, einen Dreier einzufahren, die vielen Abg\u00e4nge zur Winterpause lassen auch nicht auf eine Wende hoffen. Immerhin im Kreispokal kam man zu Siegen beim A-Ligisten SV 1894 Sachsenhausen, beim Kreisoberligisten FC Germania Enkheim und beim letztj\u00e4hrigen Finalisten und jetzigem A-Ligisten SC Riedberg und steht im Viertelfinale.<\/p>\n<p>Die Fragen im Rahmen der Winterserie beantwortete uns Trainer Lamine Kaiser.<\/p>\n<h3><strong>Wie bewertet ihr den Verlauf dieser Saison bis zur Winterpause?<\/strong><\/h3>\n<p>Es gab bei meiner \u00dcbernahme sehr viele Baustellen, die Besetzung nach Positionen der noch motivierbaren Spieler erschwerte die Angelegenheit des Weiteren im Wettbewerb. Hier galt es immer aufs Neue, L\u00f6sungen zu schaffen. Insgesamt, denke ich, geht die Entwicklung jedoch in die richtige Richtung, da wir uns allermeist konkurrenzf\u00e4hig zeigten, den ein oder anderen Punkt mehr auch verdient h\u00e4tten. Oftmals wurde uns leider unsere Abschluss-Schw\u00e4che zum Verh\u00e4ngnis.<\/p>\n<h3>\u00a0<strong>Wo seht ihr f\u00fcr euch noch Verbesserungsm\u00f6glichkeiten?<\/strong><\/h3>\n<p>Verbesserungsm\u00f6glichkeiten gibt es viele. Hervorheben w\u00fcrde ich vielleicht die Endscheidungsfindung bei der Chancenvorbereitung. Auch m\u00fcssen wir schn\u00f6rkelloser und abgezockter im Enddrittel agieren.<\/p>\n<h3><strong>Welche Ziele habt ihr f\u00fcr den restlichen Saisonverlauf?<\/strong><\/h3>\n<p>Ziel ist es, uns in der R\u00fcckrunde als Mannschaft weiter zu festigen und uns weiterhin kompetitiv zu pr\u00e4sentieren. Die ersten Dreier m\u00fcssten dann auch einzufahren sein. Zudem wollen wir den Pokal bestm\u00f6glich abschlie\u00dfen.<\/p>\n<h3><strong>Welche Ver\u00e4nderungen im Kader gibt es in der Winterpause?<\/strong><\/h3>\n<p>Abg\u00e4nge: Ali Douh, Fatih Bilen, Ahmed Hatim, Daniel Tesfaldet, Nassim Petty, Seni Facinet Sylla, Romaric Taffou, Anas El Bojaddayni<\/p>\n<p>Zug\u00e4nge: Koranteng Boakye (2.M), Mohamed Ait Ali (2.M), Oguzhan Okan Cankurt, Ryoga Takahashi, Jonadab Gebremariam, Justin Yotmadee<\/p>\n<p><strong><span style=\"text-decoration: underline;\">Ver\u00f6ffentlichte Testspiele (Daten von fussball.de):<\/span><\/strong><\/p>\n<p>30.01.25, 20:00 Uhr: FFV Sportfreunde 04 \u2013 TuRa Niederh\u00f6chstadt<\/p>\n<p>09.02.25, 13:00 Uhr: SC Riedberg \u2013 FFV Sportfreunde 04<\/p>\n<p>13.02.25, 20:30 Uhr: SGK Bad Homburg \u2013 FFV Sportfreunde 04<\/p>\n<p>16.02.25, 15:30 Uhr: SC Eschborn \u2013 FFV Sportfreunde 04<\/p>\n<p><span style=\"text-decoration: underline;\"><strong>Kreispokal, Viertelfinale:<\/strong><\/span><\/p>\n<p>23.02.25, 15:00 Uhr: Spvgg. 05 Oberrad \u2013 FFV Sportfreunde 04<\/p>\n<p><span style=\"text-decoration: underline;\"><strong>Saisonrestart:<\/strong><\/span><\/p>\n<p>01.03.25: FFV Sportfreunde 04 \u2013 FC Karben<\/p>\n<p>Datum und Uhrzeit des Spiels gegen Karben sind aber noch unklar und werden bei der Gruppenligabesprechung festgelegt.<\/p>\n","protected":false},"excerpt":{"rendered":"<p>Nach dem letztj\u00e4hrigen Abstieg aus der Verbandsliga S\u00fcd droht den FFV Sportfreunden 04 auch der Absturz in die Kreisoberliga, sieglos liegen die Speuzer nach 20 Spieltagen mit 5 Punkten am Tabellenende. F\u00fcr die Sportfreunde war es bereits am Beginn der Saison klar, dass es erneut gegen den Abstieg aus der Gruppenliga gehen w\u00fcrde. Doch die [&hellip;]<\/p>\n","protected":false},"author":3,"featured_media":23254,"comment_status":"closed","ping_status":"open","sticky":true,"template":"","format":"standard","meta":{"footnotes":""},"categories":[13],"tags":[],"class_list":["post-23386","post","type-post","status-publish","format-standard","has-post-thumbnail","hentry","category-gruppenliga-frankfurt-west"],"_links":{"self":[{"href":"https:\/\/insideamateurfussball-ffm.de\/index.php?rest_route=\/wp\/v2\/posts\/23386","targetHints":{"allow":["GET"]}}],"collection":[{"href":"https:\/\/insideamateurfussball-ffm.de\/index.php?rest_route=\/wp\/v2\/posts"}],"about":[{"href":"https:\/\/insideamateurfussball-ffm.de\/index.php?rest_route=\/wp\/v2\/types\/post"}],"author":[{"embeddable":true,"href":"https:\/\/insideamateurfussball-ffm.de\/index.php?rest_route=\/wp\/v2\/users\/3"}],"replies":[{"embeddable":true,"href":"https:\/\/insideamateurfussball-ffm.de\/index.php?rest_route=%2Fwp%2Fv2%2Fcomments&post=23386"}],"version-history":[{"count":2,"href":"https:\/\/insideamateurfussball-ffm.de\/index.php?rest_route=\/wp\/v2\/posts\/23386\/revisions"}],"predecessor-version":[{"id":23388,"href":"https:\/\/insideamateurfussball-ffm.de\/index.php?rest_route=\/wp\/v2\/posts\/23386\/revisions\/23388"}],"wp:featuredmedia":[{"embeddable":true,"href":"https:\/\/insideamateurfussball-ffm.de\/index.php?rest_route=\/wp\/v2\/media\/23254"}],"wp:attachment":[{"href":"https:\/\/insideamateurfussball-ffm.de\/index.php?rest_route=%2Fwp%2Fv2%2Fmedia&parent=23386"}],"wp:term":[{"taxonomy":"category","embeddable":true,"href":"https:\/\/insideamateurfussball-ffm.de\/index.php?rest_route=%2Fwp%2Fv2%2Fcategories&post=23386"},{"taxonomy":"post_tag","embeddable":true,"href":"https:\/\/insideamateurfussball-ffm.de\/index.php?rest_route=%2Fwp%2Fv2%2Ftags&post=23386"}],"curies":[{"name":"wp","href":"https:\/\/api.w.org\/{rel}","templated":true}]}}