{"id":23384,"date":"2025-01-27T20:02:09","date_gmt":"2025-01-27T19:02:09","guid":{"rendered":"https:\/\/insideamateurfussball-ffm.de\/?p=23384"},"modified":"2025-01-27T20:02:09","modified_gmt":"2025-01-27T19:02:09","slug":"concordia-will-klassenerhalt-sichern-und-sich-weiter-entwickeln","status":"publish","type":"post","link":"https:\/\/insideamateurfussball-ffm.de\/?p=23384","title":{"rendered":"Concordia will Klassenerhalt sichern und sich weiter entwickeln"},"content":{"rendered":"<h4>Der n\u00e4chste Verein, den wir im Rahmen unserer Winterserie beleuchten, ist Kreisoberligist Concordia Eschersheim. Mit einer ganz jungen Mannschaft stehen die Concorden zur Winterpause mit 27 Punkten aus 19 Partien auf Rang sieben. Unsere Fragen hat Trainer Roland Stipp beantwortet, der das Team vor Saisonbeginn nach vier Jahren Unterbrechung wieder \u00fcbernommen hat.<\/h4>\n<figure id=\"attachment_23234\" aria-describedby=\"caption-attachment-23234\" style=\"width: 1280px\" class=\"wp-caption alignnone\"><img loading=\"lazy\" decoding=\"async\" class=\"wp-image-23234 size-full\" src=\"http:\/\/insideamateurfussball-ffm.de\/wp-content\/uploads\/2025\/01\/eschersheim.jpg\" alt=\"\" width=\"1280\" height=\"720\" srcset=\"https:\/\/insideamateurfussball-ffm.de\/wp-content\/uploads\/2025\/01\/eschersheim.jpg 1280w, https:\/\/insideamateurfussball-ffm.de\/wp-content\/uploads\/2025\/01\/eschersheim-300x169.jpg 300w, https:\/\/insideamateurfussball-ffm.de\/wp-content\/uploads\/2025\/01\/eschersheim-1024x576.jpg 1024w, https:\/\/insideamateurfussball-ffm.de\/wp-content\/uploads\/2025\/01\/eschersheim-768x432.jpg 768w\" sizes=\"auto, (max-width: 1280px) 100vw, 1280px\" \/><figcaption id=\"caption-attachment-23234\" class=\"wp-caption-text\">Grafik: MZ.<\/figcaption><\/figure>\n<p><img loading=\"lazy\" decoding=\"async\" class=\"alignnone size-full wp-image-37\" src=\"http:\/\/insideamateurfussball-ffm.de\/wp-content\/uploads\/2021\/11\/1sv07_news2_4178_01_01_02.jpg\" alt=\"\" width=\"80\" height=\"80\" \/><\/p>\n<h4>Wie bewertest Du den bisherigen Saisonverlauf?<\/h4>\n<p>Erst konnten wir wegen des kaputten Platzes nicht richtig trainieren, dann mussten wir binnen kurzer Zeit haufenweise Spiele nachholen. Dass wir trotzdem so gut dastehen, kann man der Mannschaft gar nicht hoch genug anrechnen. Die Jungs halten zusammen und haben Bock, sich zu entwickeln.<\/p>\n<h4>Wo siehst Du Verbesserungsm\u00f6glichkeiten?<\/h4>\n<p>Es gibt jede Menge Potenzial f\u00fcr Verbesserungen. Wir konnten ja so richtig intensiv noch gar nicht trainieren unter den eben erw\u00e4hnten Umst\u00e4nden.<\/p>\n<h4>Wie lautet das Saisonziel?<\/h4>\n<p>Wir wollen den Klassenerhalt m\u00f6glichst schnell sichern und uns weiter entwickeln.<\/p>\n<h4>Gibt es Ver\u00e4nderungen im Kader?<\/h4>\n<p>Es gibt nur kleine Ver\u00e4nderungen. Wer es von den \u00a0vier Neuen in die Erste Mannschaft schafft, wissen wir noch nicht.<\/p>\n<h4>Testspiele:<\/h4>\n<p>9. Februar 14.45 Uhr FSV Steinbach (A), 13. Februar 20 Uhr FC Fortuna (H), 16. Februar 14.30 Uhr FC Tempo (H), 9. M\u00e4rz bei FG Seckbach (Uhrzeit noch offen).<\/p>\n<h4>Saison-Restart:<\/h4>\n<p>Sonntag 23. Februar Concordia Eschersheim &#8211; FC Gudesding (15 Uhr).<\/p>\n","protected":false},"excerpt":{"rendered":"<p>Der n\u00e4chste Verein, den wir im Rahmen unserer Winterserie beleuchten, ist Kreisoberligist Concordia Eschersheim. Mit einer ganz jungen Mannschaft stehen die Concorden zur Winterpause mit 27 Punkten aus 19 Partien auf Rang sieben. Unsere Fragen hat Trainer Roland Stipp beantwortet, der das Team vor Saisonbeginn nach vier Jahren Unterbrechung wieder \u00fcbernommen hat. Wie bewertest Du [&hellip;]<\/p>\n","protected":false},"author":1,"featured_media":23234,"comment_status":"closed","ping_status":"closed","sticky":true,"template":"","format":"standard","meta":{"footnotes":""},"categories":[2],"tags":[],"class_list":["post-23384","post","type-post","status-publish","format-standard","has-post-thumbnail","hentry","category-kreisoberliga-frankfurt"],"_links":{"self":[{"href":"https:\/\/insideamateurfussball-ffm.de\/index.php?rest_route=\/wp\/v2\/posts\/23384","targetHints":{"allow":["GET"]}}],"collection":[{"href":"https:\/\/insideamateurfussball-ffm.de\/index.php?rest_route=\/wp\/v2\/posts"}],"about":[{"href":"https:\/\/insideamateurfussball-ffm.de\/index.php?rest_route=\/wp\/v2\/types\/post"}],"author":[{"embeddable":true,"href":"https:\/\/insideamateurfussball-ffm.de\/index.php?rest_route=\/wp\/v2\/users\/1"}],"replies":[{"embeddable":true,"href":"https:\/\/insideamateurfussball-ffm.de\/index.php?rest_route=%2Fwp%2Fv2%2Fcomments&post=23384"}],"version-history":[{"count":1,"href":"https:\/\/insideamateurfussball-ffm.de\/index.php?rest_route=\/wp\/v2\/posts\/23384\/revisions"}],"predecessor-version":[{"id":23385,"href":"https:\/\/insideamateurfussball-ffm.de\/index.php?rest_route=\/wp\/v2\/posts\/23384\/revisions\/23385"}],"wp:featuredmedia":[{"embeddable":true,"href":"https:\/\/insideamateurfussball-ffm.de\/index.php?rest_route=\/wp\/v2\/media\/23234"}],"wp:attachment":[{"href":"https:\/\/insideamateurfussball-ffm.de\/index.php?rest_route=%2Fwp%2Fv2%2Fmedia&parent=23384"}],"wp:term":[{"taxonomy":"category","embeddable":true,"href":"https:\/\/insideamateurfussball-ffm.de\/index.php?rest_route=%2Fwp%2Fv2%2Fcategories&post=23384"},{"taxonomy":"post_tag","embeddable":true,"href":"https:\/\/insideamateurfussball-ffm.de\/index.php?rest_route=%2Fwp%2Fv2%2Ftags&post=23384"}],"curies":[{"name":"wp","href":"https:\/\/api.w.org\/{rel}","templated":true}]}}