{"id":23357,"date":"2025-01-24T16:44:50","date_gmt":"2025-01-24T15:44:50","guid":{"rendered":"https:\/\/insideamateurfussball-ffm.de\/?p=23357"},"modified":"2025-01-24T16:44:50","modified_gmt":"2025-01-24T15:44:50","slug":"makkabi-will-siegesgier-auf-den-platz-bringen","status":"publish","type":"post","link":"https:\/\/insideamateurfussball-ffm.de\/?p=23357","title":{"rendered":"Makkabi will Siegesgier auf den Platz bringen"},"content":{"rendered":"<h4>Lange Zeit war der TuS Makkabi Tabellenf\u00fchrer der Kreisoberliga Frankfurt, fiel aber zum Beginn der R\u00fcckrunde mit einer Negativserie auf Rang drei zur\u00fcck. Zur Winterpause haben sich die Makkab\u00e4er verst\u00e4rkt und wollen noch ein Wort um die ersten beiden Pl\u00e4tze mitreden. Unsere Fragen hat Lasse Krakow aus dem Trainerteam beantwortet.<\/h4>\n<figure id=\"attachment_23244\" aria-describedby=\"caption-attachment-23244\" style=\"width: 1280px\" class=\"wp-caption alignnone\"><img loading=\"lazy\" decoding=\"async\" class=\"wp-image-23244 size-full\" src=\"http:\/\/insideamateurfussball-ffm.de\/wp-content\/uploads\/2025\/01\/Makkabi.jpg\" alt=\"\" width=\"1280\" height=\"720\" srcset=\"https:\/\/insideamateurfussball-ffm.de\/wp-content\/uploads\/2025\/01\/Makkabi.jpg 1280w, https:\/\/insideamateurfussball-ffm.de\/wp-content\/uploads\/2025\/01\/Makkabi-300x169.jpg 300w, https:\/\/insideamateurfussball-ffm.de\/wp-content\/uploads\/2025\/01\/Makkabi-1024x576.jpg 1024w, https:\/\/insideamateurfussball-ffm.de\/wp-content\/uploads\/2025\/01\/Makkabi-768x432.jpg 768w\" sizes=\"auto, (max-width: 1280px) 100vw, 1280px\" \/><figcaption id=\"caption-attachment-23244\" class=\"wp-caption-text\">Grafik: MZ.\u00a0\u00a0<\/figcaption><\/figure>\n<p><img loading=\"lazy\" decoding=\"async\" class=\"alignnone size-full wp-image-90\" src=\"http:\/\/insideamateurfussball-ffm.de\/wp-content\/uploads\/2022\/05\/makkabi-neu.jpg\" alt=\"\" width=\"80\" height=\"80\" \/><\/p>\n<h4>Wie bewertest Du den bisherigen Saisonverlauf?<\/h4>\n<p>Wenn uns vor der Saison jemand gesagt h\u00e4tte, dass wir zum Jahresende auf Platz drei stehen, nur f\u00fcnf Punkte hinter dem Spitzenreiter &#8211; das h\u00e4tten wir sofort unterschrieben! Trotzdem sind wir nat\u00fcrlich etwas angefressen, dass uns Ende Oktober der Faden gerissen ist. Bis dahin hatten wir einen Wahnsinns-Lauf und waren voll im Flow. Umso \u00e4rgerlicher, dass wir unseren 8-Punkte-Vorsprung so leichtfertig hergegeben haben. Mein Trainerkollege Marlon Huberman hat es gut auf den Punkt gebracht: Die Siegesserie hat uns vielleicht ein bisschen satt gemacht &#8211; die Jungs dachten wohl, dass es auch mit weniger Einsatz und Leidenschaft l\u00e4uft. Dazu kam dann noch eine Verletztenmisere, die wir hintenraus nicht mehr kompensieren konnten.<\/p>\n<h4>Wo gibt es Verbesserungsbedarf?<\/h4>\n<p>Wir m\u00fcssen die Siegesgier und die Galligkeit wieder auf den Platz bringen &#8211; das hat uns in der entscheidenden Phase gefehlt. Hinten raus haben wir einfach zu viele Gegentore kassiert, da waren wir nicht bissig genug. Das m\u00fcssen wir in der R\u00fcckrunde dringend abstellen, wenn wir ganz oben dranbleiben wollen.<\/p>\n<h4>Wie lautet das Saisonziel?<\/h4>\n<p>Wir waren lange auf der 1 und die Gejagten! Jetzt stehen wir auf Platz 3 und sind die J\u00e4ger. Unser Ziel ist es, jedes Spiel zu gewinnen &#8211; und dann schauen wir, ob es am Ende noch f\u00fcr die Top zwei reicht.<\/p>\n<h4>Gibt es Ver\u00e4nderungen im Kader?<\/h4>\n<p>Zur Winterpause haben wir unseren Kader weiter verst\u00e4rkt. Neuzug\u00e4nge: Besmir Haliti (DJK Sportfreunde Bad Homburg &#8211; fr\u00fcher Makkabi-Jugend), Teto Ayassou (FSV Bergen). Au\u00dferdem d\u00fcrfen wir Jakob Zapke wieder bei uns begr\u00fc\u00dfen &#8211; nach seinem Auslandsstudium ein echter &#8222;gef\u00fchlter Neuzugang&#8220;. Schon w\u00e4hrend der Hinrunde haben sich folgende Spieler unserem Team angeschlossen: Henry Weigand (zur\u00fcck aus den USA nach einem vierj\u00e4hrigen Fu\u00dfball-Stipendium), Timon Rosenk\u00f6tter (SG Bornheim\/Gr\u00fcn-Wei\u00df &#8211; fr\u00fcher Makkabi-Jugend), Chems El Idrissi Boutaleb (FFC Olympia 07), Daniel Isika (SV Zeilsheim &#8211; fr\u00fcher Makkabi-Jugend), Yves Zeigherman (aus London), Theo Rodde (zur\u00fcck aus Z\u00fcrich &#8211; fr\u00fcher Makkabi-Jugend). Abg\u00e4nge: Christopher Unglaube (3 Monate Ausland), Joel Ogrodnik (unbekannt).<\/p>\n<h4>Testspiele:<\/h4>\n<p>2. Februar 15.30 Uhr FC Germania 08 Ginnheim (A), 9. Februar 14 Uhr Spvgg. 05 Oberrad (A), 16. Februar 15 Uhr TSKV T\u00fcrkg\u00fcc\u00fc (H), 23. Februar 15 Uhr SV Niederursel (A).<\/p>\n<h4>Saison-Restart:<\/h4>\n<p>Samstag, 1. M\u00e4rz TuS Makkabi &#8211; FC Union Niederrad (15 Uhr).<\/p>\n","protected":false},"excerpt":{"rendered":"<p>Lange Zeit war der TuS Makkabi Tabellenf\u00fchrer der Kreisoberliga Frankfurt, fiel aber zum Beginn der R\u00fcckrunde mit einer Negativserie auf Rang drei zur\u00fcck. Zur Winterpause haben sich die Makkab\u00e4er verst\u00e4rkt und wollen noch ein Wort um die ersten beiden Pl\u00e4tze mitreden. Unsere Fragen hat Lasse Krakow aus dem Trainerteam beantwortet. Wie bewertest Du den bisherigen [&hellip;]<\/p>\n","protected":false},"author":1,"featured_media":23244,"comment_status":"open","ping_status":"open","sticky":true,"template":"","format":"standard","meta":{"footnotes":""},"categories":[2],"tags":[],"class_list":["post-23357","post","type-post","status-publish","format-standard","has-post-thumbnail","hentry","category-kreisoberliga-frankfurt"],"_links":{"self":[{"href":"https:\/\/insideamateurfussball-ffm.de\/index.php?rest_route=\/wp\/v2\/posts\/23357","targetHints":{"allow":["GET"]}}],"collection":[{"href":"https:\/\/insideamateurfussball-ffm.de\/index.php?rest_route=\/wp\/v2\/posts"}],"about":[{"href":"https:\/\/insideamateurfussball-ffm.de\/index.php?rest_route=\/wp\/v2\/types\/post"}],"author":[{"embeddable":true,"href":"https:\/\/insideamateurfussball-ffm.de\/index.php?rest_route=\/wp\/v2\/users\/1"}],"replies":[{"embeddable":true,"href":"https:\/\/insideamateurfussball-ffm.de\/index.php?rest_route=%2Fwp%2Fv2%2Fcomments&post=23357"}],"version-history":[{"count":1,"href":"https:\/\/insideamateurfussball-ffm.de\/index.php?rest_route=\/wp\/v2\/posts\/23357\/revisions"}],"predecessor-version":[{"id":23358,"href":"https:\/\/insideamateurfussball-ffm.de\/index.php?rest_route=\/wp\/v2\/posts\/23357\/revisions\/23358"}],"wp:featuredmedia":[{"embeddable":true,"href":"https:\/\/insideamateurfussball-ffm.de\/index.php?rest_route=\/wp\/v2\/media\/23244"}],"wp:attachment":[{"href":"https:\/\/insideamateurfussball-ffm.de\/index.php?rest_route=%2Fwp%2Fv2%2Fmedia&parent=23357"}],"wp:term":[{"taxonomy":"category","embeddable":true,"href":"https:\/\/insideamateurfussball-ffm.de\/index.php?rest_route=%2Fwp%2Fv2%2Fcategories&post=23357"},{"taxonomy":"post_tag","embeddable":true,"href":"https:\/\/insideamateurfussball-ffm.de\/index.php?rest_route=%2Fwp%2Fv2%2Ftags&post=23357"}],"curies":[{"name":"wp","href":"https:\/\/api.w.org\/{rel}","templated":true}]}}