{"id":23353,"date":"2025-01-23T17:54:08","date_gmt":"2025-01-23T16:54:08","guid":{"rendered":"https:\/\/insideamateurfussball-ffm.de\/?p=23353"},"modified":"2025-01-23T17:55:46","modified_gmt":"2025-01-23T16:55:46","slug":"griesheim-02-auf-dem-transfermarkt-am-aktivsten","status":"publish","type":"post","link":"https:\/\/insideamateurfussball-ffm.de\/?p=23353","title":{"rendered":"Griesheim 02 auf dem Transfermarkt am aktivsten"},"content":{"rendered":"<h4>Die Spvgg. 02 Griesheim krempelt ihren Kader in der Winterpause kr\u00e4ftig um. Fast t\u00e4glich wird auf den Social Media-Kan\u00e4len des Vereins ein neuer Spieler vorgestellt. Bereits neun Neuzug\u00e4nge konnten verpflichtet werden, dem gegen\u00fcber stehen aber auch sieben Abg\u00e4nge.<\/h4>\n<figure id=\"attachment_23354\" aria-describedby=\"caption-attachment-23354\" style=\"width: 1440px\" class=\"wp-caption alignnone\"><img loading=\"lazy\" decoding=\"async\" class=\"wp-image-23354 size-full\" src=\"http:\/\/insideamateurfussball-ffm.de\/wp-content\/uploads\/2025\/01\/polat.jpg\" alt=\"\" width=\"1440\" height=\"1796\" srcset=\"https:\/\/insideamateurfussball-ffm.de\/wp-content\/uploads\/2025\/01\/polat.jpg 1440w, https:\/\/insideamateurfussball-ffm.de\/wp-content\/uploads\/2025\/01\/polat-241x300.jpg 241w, https:\/\/insideamateurfussball-ffm.de\/wp-content\/uploads\/2025\/01\/polat-821x1024.jpg 821w, https:\/\/insideamateurfussball-ffm.de\/wp-content\/uploads\/2025\/01\/polat-768x958.jpg 768w, https:\/\/insideamateurfussball-ffm.de\/wp-content\/uploads\/2025\/01\/polat-1232x1536.jpg 1232w\" sizes=\"auto, (max-width: 1440px) 100vw, 1440px\" \/><figcaption id=\"caption-attachment-23354\" class=\"wp-caption-text\">Einer der vielen Neuzug\u00e4nge an der Eichenstra\u00dfe ist Emrah Polat von Alemannia Nied. Grafik: Spvgg. Griesheim.<\/figcaption><\/figure>\n<p><img loading=\"lazy\" decoding=\"async\" class=\"alignnone size-full wp-image-14\" src=\"http:\/\/insideamateurfussball-ffm.de\/wp-content\/uploads\/2021\/11\/SpVgg._02_Griesheim_02.jpg\" alt=\"\" width=\"100\" height=\"100\" \/><\/p>\n<p>Der Tabellenvierte der Kreisoberliga Frankfurt verst\u00e4rkt sich mit Spielern, die \u00fcberwiegend aus dem Main-Taunus-Kreis kommen. Vom benachbarten Gruppenligisten FV Alemannia Nied, bei dem auch der aktuelle Griesheimer Trainer Dominic Machado Coach war, wechseln gleich vier Spieler \u00fcber die Mainzer Landstra\u00dfe. Die Mittelfeldspieler Alexandros Prokopidis (27), Emrah Polat (29) und Ricardo Pereira sollen die Offensivqualit\u00e4t steigern, Abwehrspieler Bilal El Gouy (27) die Defensive st\u00e4rken.<\/p>\n<p>Zudem kommt der erfahrene Offensivspieler Max Simon Fiege (33) vom TSKV T\u00fcrkg\u00fcc\u00fc. Mit Dario Iljazovic (25) wurde ein neuer Torh\u00fcter vom A-Ligisten DJK Schwarz-Wei\u00df Griesheim geholt. &#8222;Mit seinem Ehrgeiz und seiner Pr\u00e4senz auf dem Platz wird er eine wichtige Rolle zwischen den Pfosten spielen&#8220;, hei\u00dft es auf Instagram zu dieser Personalie.<\/p>\n<blockquote>\n<h4>Erstes Testspiel am Sonntag gegen FSV Friedrichsdorf<\/h4>\n<\/blockquote>\n<p>Weitere neue Spieler sind Nabil Bosehmad (23) vom BSC Kelsterbach, Ozan Bagdu (27\/SV Heddernheim) und Raul Sanchez Mendez (26\/SV Zeilsheim). Was das Kapitel der Abg\u00e4nge betrifft, sind k\u00fcnftig die Fu\u00dfballer Dennis Soldinger (Germania Schwanheim), Badr Lafrikh (SV Kriftel), Emir Vener (Alemannia Nied), Awet Tekle Hagos und Haben Tesfamicael (beide Ziel unbekannt) nicht mehr an der Eichenstra\u00dfe anzutreffen.<\/p>\n<p>Die im Sommer zur\u00fcckgekehrten Benjamin Zeisel (Dersim R\u00fcsselsheim) und Fiorenzo Santoro (TSKV T\u00fcrkg\u00fcc\u00fc Frankfurt) spielten bereits seit Oktober aus disziplinarischen Gr\u00fcnden in den Planungen keine Rolle mehr. Das erste Testspiel bestreiten die Griesheimer am Sonntag gegen West-Gruppenligist FSV Friedrichsdorf (15 Uhr).<\/p>\n","protected":false},"excerpt":{"rendered":"<p>Die Spvgg. 02 Griesheim krempelt ihren Kader in der Winterpause kr\u00e4ftig um. Fast t\u00e4glich wird auf den Social Media-Kan\u00e4len des Vereins ein neuer Spieler vorgestellt. Bereits neun Neuzug\u00e4nge konnten verpflichtet werden, dem gegen\u00fcber stehen aber auch sieben Abg\u00e4nge. Der Tabellenvierte der Kreisoberliga Frankfurt verst\u00e4rkt sich mit Spielern, die \u00fcberwiegend aus dem Main-Taunus-Kreis kommen. Vom benachbarten [&hellip;]<\/p>\n","protected":false},"author":1,"featured_media":23354,"comment_status":"closed","ping_status":"closed","sticky":true,"template":"","format":"standard","meta":{"footnotes":""},"categories":[2],"tags":[],"class_list":["post-23353","post","type-post","status-publish","format-standard","has-post-thumbnail","hentry","category-kreisoberliga-frankfurt"],"_links":{"self":[{"href":"https:\/\/insideamateurfussball-ffm.de\/index.php?rest_route=\/wp\/v2\/posts\/23353","targetHints":{"allow":["GET"]}}],"collection":[{"href":"https:\/\/insideamateurfussball-ffm.de\/index.php?rest_route=\/wp\/v2\/posts"}],"about":[{"href":"https:\/\/insideamateurfussball-ffm.de\/index.php?rest_route=\/wp\/v2\/types\/post"}],"author":[{"embeddable":true,"href":"https:\/\/insideamateurfussball-ffm.de\/index.php?rest_route=\/wp\/v2\/users\/1"}],"replies":[{"embeddable":true,"href":"https:\/\/insideamateurfussball-ffm.de\/index.php?rest_route=%2Fwp%2Fv2%2Fcomments&post=23353"}],"version-history":[{"count":2,"href":"https:\/\/insideamateurfussball-ffm.de\/index.php?rest_route=\/wp\/v2\/posts\/23353\/revisions"}],"predecessor-version":[{"id":23356,"href":"https:\/\/insideamateurfussball-ffm.de\/index.php?rest_route=\/wp\/v2\/posts\/23353\/revisions\/23356"}],"wp:featuredmedia":[{"embeddable":true,"href":"https:\/\/insideamateurfussball-ffm.de\/index.php?rest_route=\/wp\/v2\/media\/23354"}],"wp:attachment":[{"href":"https:\/\/insideamateurfussball-ffm.de\/index.php?rest_route=%2Fwp%2Fv2%2Fmedia&parent=23353"}],"wp:term":[{"taxonomy":"category","embeddable":true,"href":"https:\/\/insideamateurfussball-ffm.de\/index.php?rest_route=%2Fwp%2Fv2%2Fcategories&post=23353"},{"taxonomy":"post_tag","embeddable":true,"href":"https:\/\/insideamateurfussball-ffm.de\/index.php?rest_route=%2Fwp%2Fv2%2Ftags&post=23353"}],"curies":[{"name":"wp","href":"https:\/\/api.w.org\/{rel}","templated":true}]}}