{"id":23345,"date":"2025-01-21T18:03:12","date_gmt":"2025-01-21T17:03:12","guid":{"rendered":"https:\/\/insideamateurfussball-ffm.de\/?p=23345"},"modified":"2025-01-21T18:03:12","modified_gmt":"2025-01-21T17:03:12","slug":"harheim-will-sich-von-abstiegsraengen-entfernen","status":"publish","type":"post","link":"https:\/\/insideamateurfussball-ffm.de\/?p=23345","title":{"rendered":"Harheim will sich von Abstiegsr\u00e4ngen entfernen"},"content":{"rendered":"<h5><span style=\"font-size: 16px;\">Nach einigen Tagen Unterbrechung setzen wir die Serie \u00fcber unsere Vereine mit Kreisoberligist SG Harheim fort. Mit 22 Punkten auf Rang zw\u00f6lf muss der am n\u00f6rdlichsten gelegene Verein der Klasse nach unten schauen. Auch aufgrund der Tatsache, dass zehn der 20 Partien Unentschieden ausgingen, betr\u00e4gt der Vorsprung zum Relegationsplatz nur drei Z\u00e4hler. Unsere Fragen hat Trainer Christian Balzer kurz und b\u00fcndig beantwortet.\u00a0<\/span><\/h5>\n<figure id=\"attachment_23241\" aria-describedby=\"caption-attachment-23241\" style=\"width: 654px\" class=\"wp-caption alignleft\"><img loading=\"lazy\" decoding=\"async\" class=\"wp-image-23241\" src=\"http:\/\/insideamateurfussball-ffm.de\/wp-content\/uploads\/2025\/01\/Harheim-1024x576.jpg\" alt=\"\" width=\"654\" height=\"368\" srcset=\"https:\/\/insideamateurfussball-ffm.de\/wp-content\/uploads\/2025\/01\/Harheim-1024x576.jpg 1024w, https:\/\/insideamateurfussball-ffm.de\/wp-content\/uploads\/2025\/01\/Harheim-300x169.jpg 300w, https:\/\/insideamateurfussball-ffm.de\/wp-content\/uploads\/2025\/01\/Harheim-768x432.jpg 768w, https:\/\/insideamateurfussball-ffm.de\/wp-content\/uploads\/2025\/01\/Harheim.jpg 1280w\" sizes=\"auto, (max-width: 654px) 100vw, 654px\" \/><figcaption id=\"caption-attachment-23241\" class=\"wp-caption-text\">Grafik: MZ.\u00a0 \u00a0\u00a0<\/figcaption><\/figure>\n<p><img loading=\"lazy\" decoding=\"async\" class=\"alignnone size-full wp-image-284\" src=\"http:\/\/insideamateurfussball-ffm.de\/wp-content\/uploads\/2022\/05\/Harheim.jpg\" alt=\"\" width=\"78\" height=\"80\" \/><\/p>\n<h5><span style=\"font-size: 16px;\">Wie bewertest Du den bisherigen Saisonverlauf?\u00a0<\/span><\/h5>\n<p><span style=\"font-size: 16px;\">Mit dem Saisonverlauf bin ich nicht ganz zufrieden. Wir haben leider zu viele Punkte verschenkt.\u00a0<\/span><\/p>\n<h5><span style=\"font-size: 16px;\">Wo siehst Du Verbesserungsbedarf?\u00a0<\/span><\/h5>\n<p><span style=\"font-size: 16px;\">Im Verwerten der Torchancen. Davon lassen wir zu viel liegen. Sonst h\u00e4tten wir den einen oder anderen Punkt mehr.\u00a0<\/span><\/p>\n<h5><span style=\"font-size: 16px;\">Wie lautet das Saisonziel?\u00a0<\/span><\/h5>\n<p><span style=\"font-size: 16px;\">Schnellstm\u00f6glich sich von den Abstiegsr\u00e4ngen entfernen.\u00a0<\/span><\/p>\n<h5><span style=\"font-size: 16px;\">Gibt es Ver\u00e4nderungen im Kader?\u00a0<\/span><\/h5>\n<p><span style=\"font-size: 16px;\">Mit Daniel Stumpp (ehemals SC Dortelweil) und Jonas Kaulich (Viktoria Hamburg) haben wir uns qualitativ gut verst\u00e4rkt. Verlassen haben uns Yafet Tsighe, Jonas Schn\u00fccker und Kian Bonanno, die allesamt keine Freigabe erhalten, sollten ihre neuen Vereine die Abl\u00f6se nicht bezahlen. Auch deshalb, weil man einen Verein in der Winterpause nicht verl\u00e4sst.<\/span><\/p>\n<h5><span style=\"font-size: 16px;\">Testspiele:\u00a0<\/span><\/h5>\n<p><span style=\"font-size: 16px;\">26. Januar (15 Uhr) Spvgg. Neu-Isenburg (H), 5. Februar (20 Uhr) SKV Beienheim (H), 9. Februar (15 Uhr) SG Westerfeld (H), 16. Februar (15 Uhr) FC Offenthal (H). <\/span><\/p>\n<h5><span style=\"font-size: 16px;\">Kreispokal-Viertelfinale:\u00a0<\/span><\/h5>\n<p><span style=\"font-size: 16px;\">Sonntag 23. Februar (15 Uhr) SG Harheim &#8211; FC Tempo<\/span><\/p>\n<h5><span style=\"font-size: 16px;\">Saison-Restart:\u00a0<\/span><\/h5>\n<p><span style=\"font-size: 16px;\">Da die Harheimer am 1. M\u00e4rz spielfrei sind, startet das Balzer-Team erst am 9. M\u00e4rz beim Tabellenf\u00fchrer FC Kosova in die Restrunde (15 Uhr).\u00a0<\/span><\/p>\n","protected":false},"excerpt":{"rendered":"<p>Nach einigen Tagen Unterbrechung setzen wir die Serie \u00fcber unsere Vereine mit Kreisoberligist SG Harheim fort. Mit 22 Punkten auf Rang zw\u00f6lf muss der am n\u00f6rdlichsten gelegene Verein der Klasse nach unten schauen. Auch aufgrund der Tatsache, dass zehn der 20 Partien Unentschieden ausgingen, betr\u00e4gt der Vorsprung zum Relegationsplatz nur drei Z\u00e4hler. Unsere Fragen hat [&hellip;]<\/p>\n","protected":false},"author":1,"featured_media":23241,"comment_status":"closed","ping_status":"closed","sticky":true,"template":"","format":"standard","meta":{"footnotes":""},"categories":[2],"tags":[],"class_list":["post-23345","post","type-post","status-publish","format-standard","has-post-thumbnail","hentry","category-kreisoberliga-frankfurt"],"_links":{"self":[{"href":"https:\/\/insideamateurfussball-ffm.de\/index.php?rest_route=\/wp\/v2\/posts\/23345","targetHints":{"allow":["GET"]}}],"collection":[{"href":"https:\/\/insideamateurfussball-ffm.de\/index.php?rest_route=\/wp\/v2\/posts"}],"about":[{"href":"https:\/\/insideamateurfussball-ffm.de\/index.php?rest_route=\/wp\/v2\/types\/post"}],"author":[{"embeddable":true,"href":"https:\/\/insideamateurfussball-ffm.de\/index.php?rest_route=\/wp\/v2\/users\/1"}],"replies":[{"embeddable":true,"href":"https:\/\/insideamateurfussball-ffm.de\/index.php?rest_route=%2Fwp%2Fv2%2Fcomments&post=23345"}],"version-history":[{"count":1,"href":"https:\/\/insideamateurfussball-ffm.de\/index.php?rest_route=\/wp\/v2\/posts\/23345\/revisions"}],"predecessor-version":[{"id":23346,"href":"https:\/\/insideamateurfussball-ffm.de\/index.php?rest_route=\/wp\/v2\/posts\/23345\/revisions\/23346"}],"wp:featuredmedia":[{"embeddable":true,"href":"https:\/\/insideamateurfussball-ffm.de\/index.php?rest_route=\/wp\/v2\/media\/23241"}],"wp:attachment":[{"href":"https:\/\/insideamateurfussball-ffm.de\/index.php?rest_route=%2Fwp%2Fv2%2Fmedia&parent=23345"}],"wp:term":[{"taxonomy":"category","embeddable":true,"href":"https:\/\/insideamateurfussball-ffm.de\/index.php?rest_route=%2Fwp%2Fv2%2Fcategories&post=23345"},{"taxonomy":"post_tag","embeddable":true,"href":"https:\/\/insideamateurfussball-ffm.de\/index.php?rest_route=%2Fwp%2Fv2%2Ftags&post=23345"}],"curies":[{"name":"wp","href":"https:\/\/api.w.org\/{rel}","templated":true}]}}