{"id":23336,"date":"2025-01-21T17:27:58","date_gmt":"2025-01-21T16:27:58","guid":{"rendered":"https:\/\/insideamateurfussball-ffm.de\/?p=23336"},"modified":"2025-01-21T17:27:58","modified_gmt":"2025-01-21T16:27:58","slug":"fv-hausen-startet-mit-neuem-trainer-hasan-basci","status":"publish","type":"post","link":"https:\/\/insideamateurfussball-ffm.de\/?p=23336","title":{"rendered":"FV Hausen startet mit neuem Trainer Hasan Basci"},"content":{"rendered":"<h5><span style=\"font-size: 16px;\">Mit dem neuen Trainer Hasan Basci ist der FV 1920 Hausen in die Vorbereitung auf die Restrunde in der Kreisliga A Frankfurt (Gruppe 1) gestartet. Der neue Coach war bis zum Ende der letzten Saison beim Kreisoberligisten VfL Germania 94 t\u00e4tig.\u00a0<\/span><\/h5>\n<figure id=\"attachment_23337\" aria-describedby=\"caption-attachment-23337\" style=\"width: 653px\" class=\"wp-caption alignleft\"><img loading=\"lazy\" decoding=\"async\" class=\"wp-image-23337\" src=\"http:\/\/insideamateurfussball-ffm.de\/wp-content\/uploads\/2025\/01\/ha10-1-1024x699.jpg\" alt=\"\" width=\"653\" height=\"446\" srcset=\"https:\/\/insideamateurfussball-ffm.de\/wp-content\/uploads\/2025\/01\/ha10-1-1024x699.jpg 1024w, https:\/\/insideamateurfussball-ffm.de\/wp-content\/uploads\/2025\/01\/ha10-1-300x205.jpg 300w, https:\/\/insideamateurfussball-ffm.de\/wp-content\/uploads\/2025\/01\/ha10-1-768x525.jpg 768w, https:\/\/insideamateurfussball-ffm.de\/wp-content\/uploads\/2025\/01\/ha10-1.jpg 1063w\" sizes=\"auto, (max-width: 653px) 100vw, 653px\" \/><figcaption id=\"caption-attachment-23337\" class=\"wp-caption-text\">Der neue Trainer des FV Hausen: Hasan Basci. Foto: Mithat G\u00fcrser.<\/figcaption><\/figure>\n<p><img loading=\"lazy\" decoding=\"async\" class=\"alignnone size-full wp-image-283\" src=\"http:\/\/insideamateurfussball-ffm.de\/wp-content\/uploads\/2022\/05\/Hausen.jpg\" alt=\"\" width=\"80\" height=\"60\" \/><\/p>\n<p><span style=\"font-size: 16px;\">Nach dem unerwarteten Abstieg aus der Kreisoberliga befindet sich der Club von der M\u00fchlwiese in einer Phase der Neuorientierung. Platz zehn mit 25 Punkten steht zur Winterpause zu Buche, damit stehen die Lila-Wei\u00dfen im Mittelfeld des Tableaus jenseits von Gut und B\u00f6se. <\/span><\/p>\n<p><span style=\"font-size: 16px;\">Nachdem sich der Vorstand Mitte Oktober vom erst vor der Saison geholten Trainer Ilker Sayar trennte, \u00fcbernahm bis zur Winterpause mit Martin Reyschmidt ein alter Bekannter als Interimscoach und holte mit dem umformierten Team zehn Punkte.<\/span><\/p>\n<ul>\n<li>\n<h5><strong><span style=\"font-size: 16px;\">Mithat G\u00fcrser besuchte die Hausener am Sonntag\u00a0<\/span><\/strong><\/h5>\n<\/li>\n<\/ul>\n<p><span style=\"font-size: 16px;\">Von vornherein war klar, dass Reyschmidts Engagement befristet war, sodass der Verein in Hasan Basci eine externe L\u00f6sung als Nachfolger pr\u00e4sentierte. Der ehemalige Coach von Germania 94 zeigte sich bei seiner Vorstellung selbstbewusst und stellte einen Plan f\u00fcr die n\u00e4chsten eineinhalb Jahre vor, der vor sieht, den Traditionsverein am Ende der Saison 2025\/26 zur\u00fcck in die Kreisoberliga zu f\u00fchren. Der neue Trainer erh\u00e4lt Unterst\u00fctzung vom langj\u00e4hrigen Hausener Kapit\u00e4n Tobias Neugebauer und von Neuzugang Claudio Acquasanta, der k\u00fcrzlich von Germania 94 an die M\u00fchlwiese gewechselt ist. <\/span><\/p>\n<p><span style=\"font-size: 16px;\">Als neuen Torh\u00fcter konnte vom benachbarten Ligakonkurrenten SG Praunheim Anas Boussahel losgeeist werden. Unser Fotograf Mithat G\u00fcrser hat die Hausener am Sonntag besucht und einige Fotos geschossen (siehe Galerie unten). Zudem fungiert seit einiger Zeit der fr\u00fchere Trainer Michael &#8222;Mikki&#8220; Bauer wieder in der Sportlichen Leitung der Hausener. Zu dieser geh\u00f6ren auch Peter Dzwonkiwskyi und Peter Schl\u00fcssmann im Spielausschuss. Dieser gab bekannt, dass der Club auch im Hinblick auf die in der Kreisliga B auf dem letzten Platz stehenden Reserve noch Verst\u00e4rkungen suche. Das erste Testspiel absolvieren die Hausener am kommenden Sonntag (15 Uhr) gegen den SC Eschborn (Tabellenf\u00fchrer Kreisliga A Main-Taunus).\u00a0<\/span><\/p>\n\n\n<figure class=\"wp-block-gallery has-nested-images columns-default is-cropped wp-block-gallery-1 is-layout-flex wp-block-gallery-is-layout-flex\">\n<figure class=\"wp-block-image size-large\"><img loading=\"lazy\" decoding=\"async\" width=\"749\" height=\"548\" data-id=\"23338\" src=\"https:\/\/insideamateurfussball-ffm.de\/wp-content\/uploads\/2025\/01\/hausen1.jpg\" alt=\"\" class=\"wp-image-23338\" srcset=\"https:\/\/insideamateurfussball-ffm.de\/wp-content\/uploads\/2025\/01\/hausen1.jpg 749w, https:\/\/insideamateurfussball-ffm.de\/wp-content\/uploads\/2025\/01\/hausen1-300x219.jpg 300w\" sizes=\"auto, (max-width: 749px) 100vw, 749px\" \/><\/figure>\n<\/figure>\n\n\n\n<figure class=\"wp-block-gallery has-nested-images columns-default is-cropped wp-block-gallery-2 is-layout-flex wp-block-gallery-is-layout-flex\">\n<figure class=\"wp-block-image size-large\"><img loading=\"lazy\" decoding=\"async\" width=\"732\" height=\"560\" data-id=\"23340\" src=\"https:\/\/insideamateurfussball-ffm.de\/wp-content\/uploads\/2025\/01\/hausen3-1.jpg\" alt=\"\" class=\"wp-image-23340\" srcset=\"https:\/\/insideamateurfussball-ffm.de\/wp-content\/uploads\/2025\/01\/hausen3-1.jpg 732w, https:\/\/insideamateurfussball-ffm.de\/wp-content\/uploads\/2025\/01\/hausen3-1-300x230.jpg 300w\" sizes=\"auto, (max-width: 732px) 100vw, 732px\" \/><\/figure>\n<\/figure>\n\n\n\n<figure class=\"wp-block-gallery has-nested-images columns-default is-cropped wp-block-gallery-3 is-layout-flex wp-block-gallery-is-layout-flex\">\n<figure class=\"wp-block-image size-large\"><img loading=\"lazy\" decoding=\"async\" width=\"733\" height=\"484\" data-id=\"23341\" src=\"https:\/\/insideamateurfussball-ffm.de\/wp-content\/uploads\/2025\/01\/hausen2-2.jpg\" alt=\"\" class=\"wp-image-23341\" srcset=\"https:\/\/insideamateurfussball-ffm.de\/wp-content\/uploads\/2025\/01\/hausen2-2.jpg 733w, https:\/\/insideamateurfussball-ffm.de\/wp-content\/uploads\/2025\/01\/hausen2-2-300x198.jpg 300w\" sizes=\"auto, (max-width: 733px) 100vw, 733px\" \/><\/figure>\n<\/figure>\n\n\n\n<figure class=\"wp-block-gallery has-nested-images columns-default is-cropped wp-block-gallery-4 is-layout-flex wp-block-gallery-is-layout-flex\">\n<figure class=\"wp-block-image size-large\"><img loading=\"lazy\" decoding=\"async\" width=\"748\" height=\"498\" data-id=\"23342\" src=\"https:\/\/insideamateurfussball-ffm.de\/wp-content\/uploads\/2025\/01\/hausen4.jpg\" alt=\"\" class=\"wp-image-23342\" srcset=\"https:\/\/insideamateurfussball-ffm.de\/wp-content\/uploads\/2025\/01\/hausen4.jpg 748w, https:\/\/insideamateurfussball-ffm.de\/wp-content\/uploads\/2025\/01\/hausen4-300x200.jpg 300w\" sizes=\"auto, (max-width: 748px) 100vw, 748px\" \/><\/figure>\n<\/figure>\n","protected":false},"excerpt":{"rendered":"<p>Mit dem neuen Trainer Hasan Basci ist der FV 1920 Hausen in die Vorbereitung auf die Restrunde in der Kreisliga A Frankfurt (Gruppe 1) gestartet. Der neue Coach war bis zum Ende der letzten Saison beim Kreisoberligisten VfL Germania 94 t\u00e4tig.\u00a0 Nach dem unerwarteten Abstieg aus der Kreisoberliga befindet sich der Club von der M\u00fchlwiese [&hellip;]<\/p>\n","protected":false},"author":1,"featured_media":23337,"comment_status":"closed","ping_status":"closed","sticky":true,"template":"","format":"standard","meta":{"footnotes":""},"categories":[12],"tags":[],"class_list":["post-23336","post","type-post","status-publish","format-standard","has-post-thumbnail","hentry","category-kreisliga-a1"],"_links":{"self":[{"href":"https:\/\/insideamateurfussball-ffm.de\/index.php?rest_route=\/wp\/v2\/posts\/23336","targetHints":{"allow":["GET"]}}],"collection":[{"href":"https:\/\/insideamateurfussball-ffm.de\/index.php?rest_route=\/wp\/v2\/posts"}],"about":[{"href":"https:\/\/insideamateurfussball-ffm.de\/index.php?rest_route=\/wp\/v2\/types\/post"}],"author":[{"embeddable":true,"href":"https:\/\/insideamateurfussball-ffm.de\/index.php?rest_route=\/wp\/v2\/users\/1"}],"replies":[{"embeddable":true,"href":"https:\/\/insideamateurfussball-ffm.de\/index.php?rest_route=%2Fwp%2Fv2%2Fcomments&post=23336"}],"version-history":[{"count":2,"href":"https:\/\/insideamateurfussball-ffm.de\/index.php?rest_route=\/wp\/v2\/posts\/23336\/revisions"}],"predecessor-version":[{"id":23343,"href":"https:\/\/insideamateurfussball-ffm.de\/index.php?rest_route=\/wp\/v2\/posts\/23336\/revisions\/23343"}],"wp:featuredmedia":[{"embeddable":true,"href":"https:\/\/insideamateurfussball-ffm.de\/index.php?rest_route=\/wp\/v2\/media\/23337"}],"wp:attachment":[{"href":"https:\/\/insideamateurfussball-ffm.de\/index.php?rest_route=%2Fwp%2Fv2%2Fmedia&parent=23336"}],"wp:term":[{"taxonomy":"category","embeddable":true,"href":"https:\/\/insideamateurfussball-ffm.de\/index.php?rest_route=%2Fwp%2Fv2%2Fcategories&post=23336"},{"taxonomy":"post_tag","embeddable":true,"href":"https:\/\/insideamateurfussball-ffm.de\/index.php?rest_route=%2Fwp%2Fv2%2Ftags&post=23336"}],"curies":[{"name":"wp","href":"https:\/\/api.w.org\/{rel}","templated":true}]}}