{"id":23314,"date":"2025-01-17T18:07:56","date_gmt":"2025-01-17T17:07:56","guid":{"rendered":"https:\/\/insideamateurfussball-ffm.de\/?p=23314"},"modified":"2025-01-17T18:14:25","modified_gmt":"2025-01-17T17:14:25","slug":"union-niederrad-will-einstellig-bleiben","status":"publish","type":"post","link":"https:\/\/insideamateurfussball-ffm.de\/?p=23314","title":{"rendered":"Union Niederrad will einstellig bleiben"},"content":{"rendered":"<h5><span style=\"font-size: 16px;\">Der n\u00e4chste Verein in unserer Serie ist Kreisoberligist FC Union Niederrad, der mit 33 Punkten auf Platz f\u00fcnf steht. Unsere Fragen hat der Erste Vorsitzende Khalid Lamjahed beantwortet.\u00a0<\/span><\/h5>\n<figure id=\"attachment_23245\" aria-describedby=\"caption-attachment-23245\" style=\"width: 654px\" class=\"wp-caption alignleft\"><img loading=\"lazy\" decoding=\"async\" class=\"wp-image-23245\" src=\"http:\/\/insideamateurfussball-ffm.de\/wp-content\/uploads\/2025\/01\/niederrad-1024x576.jpg\" alt=\"\" width=\"654\" height=\"368\" srcset=\"https:\/\/insideamateurfussball-ffm.de\/wp-content\/uploads\/2025\/01\/niederrad-1024x576.jpg 1024w, https:\/\/insideamateurfussball-ffm.de\/wp-content\/uploads\/2025\/01\/niederrad-300x169.jpg 300w, https:\/\/insideamateurfussball-ffm.de\/wp-content\/uploads\/2025\/01\/niederrad-768x432.jpg 768w, https:\/\/insideamateurfussball-ffm.de\/wp-content\/uploads\/2025\/01\/niederrad.jpg 1280w\" sizes=\"auto, (max-width: 654px) 100vw, 654px\" \/><figcaption id=\"caption-attachment-23245\" class=\"wp-caption-text\">Grafik: MZ.<\/figcaption><\/figure>\n<p><img loading=\"lazy\" decoding=\"async\" class=\"alignnone size-full wp-image-38\" src=\"http:\/\/insideamateurfussball-ffm.de\/wp-content\/uploads\/2021\/11\/Union-Niederrad.jpg\" alt=\"\" width=\"80\" height=\"80\" \/><\/p>\n<h5><span style=\"font-size: 16px;\">Wie bewertest Du den bisherigen Saisonverlauf?\u00a0<\/span><\/h5>\n<p><span style=\"font-size: 16px;\">Die Saison l\u00e4uft f\u00fcr uns gut. Wir sind auf einem ruhigem stabilen f\u00fcnften Tabellenplatz. Man muss ganz ehrlich sagen, dass wir diesen Tabellenplatz nicht besonders erwartet h\u00e4tten. Wir h\u00e4tten aber schon einen einstelligen Platz erwartet, wenn wir unsere Leistungen abrufen und von Verletzungen verschont bleiben. Wir haben mit zwei Siegen, davon dem Sieg gegen Germania 94, gut angefangen. Das war ein sehr sch\u00f6ner Sieg gegen eine Mannschaft, gegen die wir immer sehr gute und sehr faire Spiele haben. Wir haben dann im weiteren Saisonverlauf gute Ergebnisse erzielt. Den einen oder anderen Punkt mehr h\u00e4tten wir holen k\u00f6nnen bei den Unentschieden, die wir haben. Nichtsdestotrotz sind wir sehr zufrieden und unterschreiben diesen Tabellenplatz. H\u00e4tten wir das vor der Saison gewusst, h\u00e4tten wir sofort gesagt ja, aber wir h\u00e4tten ruhig ein paar Punkte mehr holen k\u00f6nnen. Das zeigt einfach, dass wir eine gute Entwicklung hinlegen und stabil sind, diese Entwicklung aber beibehalten m\u00fcssen, um nicht runter zu rutschen, weil der Weg nach unten ist deutlich k\u00fcrzer wie der Weg nach unten in der Liga.\u00a0<\/span><\/p>\n<h5><span style=\"font-size: 16px;\">Wo gibt es Verbesserungsbedarf?\u00a0<\/span><\/h5>\n<p><span style=\"font-size: 16px;\">Wir haben dieses Jahr eine bessere Defensive wie letztes Jahr. In der Offensive sind wir nach wie vor von Emir Drino abh\u00e4ngig. Das m\u00fcssen wir abstellen, weil uns der Emir nicht immer erhalten bleibt. Ansonsten wollen wir stabiler werden, weniger Fehler machen. Wir machen viele Fehler, die direkt zu Toren f\u00fchren. Das bedeutet gravierende Fehler in der Defensive. Uns ist Torwart Eihab Weniger seit Oktober ausgefallen. Das ist unsere Nummer eins und ein sehr guter Keeper, der uns nat\u00fcrlich auch geholfen h\u00e4tte. So, dass wir jetzt nicht sagen, wir m\u00fcssen sehr viele Sachen verbessern. Etwas mehr Stabilit\u00e4t w\u00fcrde uns gut tun und dann etwas konzentrierter bis zur letzten Minute, bis zum Anpfiff.\u00a0<\/span><\/p>\n<h5><span style=\"font-size: 16px;\">Wie lautet das Saisonziel?\u00a0<\/span><\/h5>\n<p><span style=\"font-size: 16px;\">Wir wollen auf jeden Fall einstellig bleiben und am liebsten bis Platz acht. Das ist so unser Ziel, dass wir da bleiben. So wie letztes Jahr, als wir Siebter geworden sind. Den w\u00fcrden wir gerne wenn es geht sogar toppen. Wenn wir auf Platz f\u00fcnf bleiben, w\u00fcrden wir uns sehr freuen. F\u00fcr uns gilt es aber jetzt, die n\u00f6tigen Punkte zu sammeln, damit wir den Klassenerhalt schaffen, um auch neue junge Spieler wie Luca Carrogu, der aus der A-Jugend hoch kommt, mehr einzubinden und auch den j\u00fcngeren Spielern im Kader mehr Chancen zu geben, um einfach auch etwas in der Breite zu tun, weil die Jungs Spielpraxis brauchen und wenn wir die n\u00f6tigen Punkte haben, dann kann man diesen Spieler auch ohne Druck einsetzen. Wenn wir im Saisonverlauf den Klassenerhalt haben stimmen wir uns auf die neue Saison ein, die danach startet. Das Karussell dreht sich immer weiter. Wir wollen nat\u00fcrlich dann gucken, dass wir mit der zweiten Mannschaft aufsteigen um einen Reiz zu lassen f\u00fcr die Spieler, dass die auch in der zweiten spielen k\u00f6nnen, wenn wir den Aufstieg in die A-Klasse schaffen.\u00a0<\/span><\/p>\n<h5><span style=\"font-size: 16px;\">Gibt es Ver\u00e4nderungen im Kader ?\u00a0<\/span><\/h5>\n<p><span style=\"font-size: 16px;\">Wir haben einen Abwehrspieler bekommen, der verwandt ist mit einem Familienmitglied, der h\u00f6her gespielt hat. Wir hoffen, dass Marcel Radschuweit (Spvgg. Ingelheim) fit bleibt und uns verst\u00e4rken kann. Ansonsten wird Luca Carrogu aus der A-Jugend \u00f6fter eingesetzt, der im Oktober 18 geworden ist. Wir haben mit Luigi Cosenca einen Niederr\u00e4der, der vom FV Stierstadt kommt und der im Sturm beheimatet ist. Wir hoffen, dass wir ihn fit kriegen und zwei junge Spieler werden uns noch verst\u00e4rken, wo wir hoffen, dass wir ihnen genug Spielpraxis geben k\u00f6nnen, um uns zu helfen. Dazu geh\u00f6rt Anas Ouakil vom SV Griesheim Tarik. Abg\u00e4nge haben wir jetzt im Winter keine, das hei\u00dft es bleibt alles so zusammen.\u00a0<\/span><\/p>\n<h5><span style=\"font-size: 16px;\">Testspiele:\u00a0<\/span><\/h5>\n<p><span style=\"font-size: 16px;\">Sonntag 26. Januar 14.30 Uhr FC Tempo (H), Donnerstag 30. Januar 20 Uhr Eintracht Oberursel (H), Sonntag 2. Februar 15 Uhr TSV Niederissigheim (H), Sonntag 9. Februar 15 Uhr TV Hausen (H), Samstag 15. Februar 11.30 Uhr Spvgg M\u00fccke (H), Sonntag 16. Februar 15 Uhr FC 1966 B\u00fcdesheim (H), Sonntag 23. Februar 15 Uhr BSC Kelsterbach (H).\u00a0<\/span><\/p>\n<h5><span style=\"font-size: 16px;\">Saison-Restart:\u00a0<\/span><\/h5>\n<p><span style=\"font-size: 16px;\">Samstag, 1. M\u00e4rz 15 Uhr: TuS Makkabi &#8211; FC Union Niederrad\u00a0\u00a0<\/span><\/p>\n","protected":false},"excerpt":{"rendered":"<p>Der n\u00e4chste Verein in unserer Serie ist Kreisoberligist FC Union Niederrad, der mit 33 Punkten auf Platz f\u00fcnf steht. Unsere Fragen hat der Erste Vorsitzende Khalid Lamjahed beantwortet.\u00a0 Wie bewertest Du den bisherigen Saisonverlauf?\u00a0 Die Saison l\u00e4uft f\u00fcr uns gut. Wir sind auf einem ruhigem stabilen f\u00fcnften Tabellenplatz. Man muss ganz ehrlich sagen, dass wir [&hellip;]<\/p>\n","protected":false},"author":1,"featured_media":23245,"comment_status":"closed","ping_status":"closed","sticky":true,"template":"","format":"standard","meta":{"footnotes":""},"categories":[2],"tags":[],"class_list":["post-23314","post","type-post","status-publish","format-standard","has-post-thumbnail","hentry","category-kreisoberliga-frankfurt"],"_links":{"self":[{"href":"https:\/\/insideamateurfussball-ffm.de\/index.php?rest_route=\/wp\/v2\/posts\/23314","targetHints":{"allow":["GET"]}}],"collection":[{"href":"https:\/\/insideamateurfussball-ffm.de\/index.php?rest_route=\/wp\/v2\/posts"}],"about":[{"href":"https:\/\/insideamateurfussball-ffm.de\/index.php?rest_route=\/wp\/v2\/types\/post"}],"author":[{"embeddable":true,"href":"https:\/\/insideamateurfussball-ffm.de\/index.php?rest_route=\/wp\/v2\/users\/1"}],"replies":[{"embeddable":true,"href":"https:\/\/insideamateurfussball-ffm.de\/index.php?rest_route=%2Fwp%2Fv2%2Fcomments&post=23314"}],"version-history":[{"count":4,"href":"https:\/\/insideamateurfussball-ffm.de\/index.php?rest_route=\/wp\/v2\/posts\/23314\/revisions"}],"predecessor-version":[{"id":23318,"href":"https:\/\/insideamateurfussball-ffm.de\/index.php?rest_route=\/wp\/v2\/posts\/23314\/revisions\/23318"}],"wp:featuredmedia":[{"embeddable":true,"href":"https:\/\/insideamateurfussball-ffm.de\/index.php?rest_route=\/wp\/v2\/media\/23245"}],"wp:attachment":[{"href":"https:\/\/insideamateurfussball-ffm.de\/index.php?rest_route=%2Fwp%2Fv2%2Fmedia&parent=23314"}],"wp:term":[{"taxonomy":"category","embeddable":true,"href":"https:\/\/insideamateurfussball-ffm.de\/index.php?rest_route=%2Fwp%2Fv2%2Fcategories&post=23314"},{"taxonomy":"post_tag","embeddable":true,"href":"https:\/\/insideamateurfussball-ffm.de\/index.php?rest_route=%2Fwp%2Fv2%2Ftags&post=23314"}],"curies":[{"name":"wp","href":"https:\/\/api.w.org\/{rel}","templated":true}]}}