{"id":23308,"date":"2025-01-16T17:21:53","date_gmt":"2025-01-16T16:21:53","guid":{"rendered":"https:\/\/insideamateurfussball-ffm.de\/?p=23308"},"modified":"2025-01-16T17:21:53","modified_gmt":"2025-01-16T16:21:53","slug":"fc-kosova-will-den-aufstieg-schaffen","status":"publish","type":"post","link":"https:\/\/insideamateurfussball-ffm.de\/?p=23308","title":{"rendered":"FC Kosova will den Aufstieg schaffen"},"content":{"rendered":"<h5><span style=\"font-size: 16px;\">Der FC Kosova f\u00fchrt die Tabelle der Kreisoberliga Frankfurt mit 44 Punkten aus 19 Spielen zur Winterpause an. Bester Torsch\u00fctze ist Kapit\u00e4n Flakron Thaci mit 28 Treffern. Nachdem der Verbleib von Trainer Jorge Huberman nun doch gesichert ist, peilen die Kosovaren den erstmaligen Aufstieg in die Gruppenliga Frankfurt West an. Unsere Fragen hat Coach Huberman beantwortet.\u00a0<\/span><\/h5>\n<figure id=\"attachment_23243\" aria-describedby=\"caption-attachment-23243\" style=\"width: 654px\" class=\"wp-caption alignleft\"><img loading=\"lazy\" decoding=\"async\" class=\"wp-image-23243\" src=\"http:\/\/insideamateurfussball-ffm.de\/wp-content\/uploads\/2025\/01\/kosova-1024x576.jpg\" alt=\"\" width=\"654\" height=\"368\" srcset=\"https:\/\/insideamateurfussball-ffm.de\/wp-content\/uploads\/2025\/01\/kosova-1024x576.jpg 1024w, https:\/\/insideamateurfussball-ffm.de\/wp-content\/uploads\/2025\/01\/kosova-300x169.jpg 300w, https:\/\/insideamateurfussball-ffm.de\/wp-content\/uploads\/2025\/01\/kosova-768x432.jpg 768w, https:\/\/insideamateurfussball-ffm.de\/wp-content\/uploads\/2025\/01\/kosova.jpg 1280w\" sizes=\"auto, (max-width: 654px) 100vw, 654px\" \/><figcaption id=\"caption-attachment-23243\" class=\"wp-caption-text\">Grafik: MZ.\u00a0\u00a0<\/figcaption><\/figure>\n<h5><\/h5>\n<h5><span style=\"font-size: 16px;\">Wie bewertest Du den bisherigen Saisonverlauf?\u00a0<\/span><\/h5>\n<p><span style=\"font-size: 16px;\">Mehr als zufrieden. Au\u00dfer der Umsetzung der sportlichen Qualit\u00e4ten, auch die menschliche Qualit\u00e4t der Mannschaft. Ein wichtiger Grund f\u00fcr die Fortsetzung unserer Zusammenarbeit ist die emotionale Bindung zur Mannschaft.\u00a0\u00a0<\/span><\/p>\n<h5><span style=\"font-size: 16px;\">Wo gibt es Verbesserungsbedarf?\u00a0<\/span><\/h5>\n<p><span style=\"font-size: 16px;\">Den Kader zu vergr\u00f6\u00dfern, was in der Phase aber f\u00fcr uns schwierig ist.\u00a0<\/span><\/p>\n<h5><span style=\"font-size: 16px;\">Wie lautet das Saisonziel?\u00a0<\/span><\/h5>\n<p><span style=\"font-size: 16px;\">Jetzt den Aufstieg. Alles andere w\u00e4re jetzt falsch. Weiteres Ziel: Verschont bleiben von Verletzungen und weiterhin keine Roten Karten zu erhalten. Der FC Kosova ist auch in der Au\u00dfenwirkung eine Visitenkarte f\u00fcr die in Frankfurt lebenden Menschen aus Albanien\/Kosova.\u00a0<\/span><\/p>\n<h5><span style=\"font-size: 16px;\">Gibt es Ver\u00e4nderungen im Kader?\u00a0<\/span><\/h5>\n<p><span style=\"font-size: 16px;\">Ein defensiver Neuzugang, bisher Shalahdin Mimon Abdellah vom SV Viktoria Preu\u00dfen.\u00a0<\/span><\/p>\n<h5><span style=\"font-size: 16px;\">Testspiele:\u00a0<\/span><\/h5>\n<p><span style=\"font-size: 16px;\">SG Westend (H\/26. Januar, 13 Uhr), FV Hausen (A\/20. Februar 20 Uhr), SKG AVW Friedberg (A\/22. Februar, 16 Uhr), GSU Hellas (in Niederrad\/23. Februar, 15 Uhr).\u00a0<\/span><\/p>\n<h5><span style=\"font-size: 16px;\">Saison-Restart:\u00a0<\/span><\/h5>\n<p><span style=\"font-size: 16px;\">FC Posavina &#8211; FC Kosova (Samstag, 1. M\u00e4rz um 15 Uhr).\u00a0<\/span><\/p>\n","protected":false},"excerpt":{"rendered":"<p>Der FC Kosova f\u00fchrt die Tabelle der Kreisoberliga Frankfurt mit 44 Punkten aus 19 Spielen zur Winterpause an. Bester Torsch\u00fctze ist Kapit\u00e4n Flakron Thaci mit 28 Treffern. Nachdem der Verbleib von Trainer Jorge Huberman nun doch gesichert ist, peilen die Kosovaren den erstmaligen Aufstieg in die Gruppenliga Frankfurt West an. Unsere Fragen hat Coach Huberman [&hellip;]<\/p>\n","protected":false},"author":1,"featured_media":23243,"comment_status":"closed","ping_status":"closed","sticky":true,"template":"","format":"standard","meta":{"footnotes":""},"categories":[2],"tags":[],"class_list":["post-23308","post","type-post","status-publish","format-standard","has-post-thumbnail","hentry","category-kreisoberliga-frankfurt"],"_links":{"self":[{"href":"https:\/\/insideamateurfussball-ffm.de\/index.php?rest_route=\/wp\/v2\/posts\/23308","targetHints":{"allow":["GET"]}}],"collection":[{"href":"https:\/\/insideamateurfussball-ffm.de\/index.php?rest_route=\/wp\/v2\/posts"}],"about":[{"href":"https:\/\/insideamateurfussball-ffm.de\/index.php?rest_route=\/wp\/v2\/types\/post"}],"author":[{"embeddable":true,"href":"https:\/\/insideamateurfussball-ffm.de\/index.php?rest_route=\/wp\/v2\/users\/1"}],"replies":[{"embeddable":true,"href":"https:\/\/insideamateurfussball-ffm.de\/index.php?rest_route=%2Fwp%2Fv2%2Fcomments&post=23308"}],"version-history":[{"count":1,"href":"https:\/\/insideamateurfussball-ffm.de\/index.php?rest_route=\/wp\/v2\/posts\/23308\/revisions"}],"predecessor-version":[{"id":23309,"href":"https:\/\/insideamateurfussball-ffm.de\/index.php?rest_route=\/wp\/v2\/posts\/23308\/revisions\/23309"}],"wp:featuredmedia":[{"embeddable":true,"href":"https:\/\/insideamateurfussball-ffm.de\/index.php?rest_route=\/wp\/v2\/media\/23243"}],"wp:attachment":[{"href":"https:\/\/insideamateurfussball-ffm.de\/index.php?rest_route=%2Fwp%2Fv2%2Fmedia&parent=23308"}],"wp:term":[{"taxonomy":"category","embeddable":true,"href":"https:\/\/insideamateurfussball-ffm.de\/index.php?rest_route=%2Fwp%2Fv2%2Fcategories&post=23308"},{"taxonomy":"post_tag","embeddable":true,"href":"https:\/\/insideamateurfussball-ffm.de\/index.php?rest_route=%2Fwp%2Fv2%2Ftags&post=23308"}],"curies":[{"name":"wp","href":"https:\/\/api.w.org\/{rel}","templated":true}]}}