{"id":23297,"date":"2025-01-14T10:42:03","date_gmt":"2025-01-14T09:42:03","guid":{"rendered":"https:\/\/insideamateurfussball-ffm.de\/?p=23297"},"modified":"2025-01-14T10:42:03","modified_gmt":"2025-01-14T09:42:03","slug":"bornheims-ziel-ist-der-fruehzeitige-klassenerhalt","status":"publish","type":"post","link":"https:\/\/insideamateurfussball-ffm.de\/?p=23297","title":{"rendered":"Bornheims Ziel ist der fr\u00fchzeitige Klassenerhalt"},"content":{"rendered":"<h4>Eine aufregende erste Saisonh\u00e4lfte liegt hinter der SG Bornheim mit drei Trainern, 4 roten Karten, 5 verschossenen Elfmetern und einem Auf und Ab in der Tabelle, kurz vor der Winterpause verabschiedete man sich von den Abstiegspl\u00e4tzen.<\/h4>\n<figure id=\"attachment_23253\" aria-describedby=\"caption-attachment-23253\" style=\"width: 1280px\" class=\"wp-caption alignnone\"><img loading=\"lazy\" decoding=\"async\" class=\"wp-image-23253 size-full\" src=\"http:\/\/insideamateurfussball-ffm.de\/wp-content\/uploads\/2025\/01\/sgbornheim.jpg\" alt=\"\" width=\"1280\" height=\"720\" srcset=\"https:\/\/insideamateurfussball-ffm.de\/wp-content\/uploads\/2025\/01\/sgbornheim.jpg 1280w, https:\/\/insideamateurfussball-ffm.de\/wp-content\/uploads\/2025\/01\/sgbornheim-300x169.jpg 300w, https:\/\/insideamateurfussball-ffm.de\/wp-content\/uploads\/2025\/01\/sgbornheim-1024x576.jpg 1024w, https:\/\/insideamateurfussball-ffm.de\/wp-content\/uploads\/2025\/01\/sgbornheim-768x432.jpg 768w\" sizes=\"auto, (max-width: 1280px) 100vw, 1280px\" \/><figcaption id=\"caption-attachment-23253\" class=\"wp-caption-text\">Grafik: MZ<\/figcaption><\/figure>\n<p><img loading=\"lazy\" decoding=\"async\" class=\"alignnone size-full wp-image-119\" src=\"http:\/\/insideamateurfussball-ffm.de\/wp-content\/uploads\/2022\/05\/Bornheim.jpg\" alt=\"\" width=\"80\" height=\"80\" \/><\/p>\n<p>Nach dem R\u00fcckzug von Trainer Sascha Volk wollte die SG Bornheim mit ihrem neuen Trainer \u201eDanny\u201c Tewelde in die Saison starten, von den 15 Neuzug\u00e4ngen kamen insgesamt 8 aus der eigenen Jugend. Zielsetzung war der Klassenerhalt, aber noch vor dem ersten Pflichtspiel gab es den ersten Trainerwechsel, der als Co-Trainer vorgesehene Lamine Kaiser \u00fcbernahm das Traineramt von Tewelde, der aus pers\u00f6nlichen Gr\u00fcnden von seinem Amt zur\u00fccktrat.<\/p>\n<p>Die Mannschaft kam gut in die Saison, zwei Siegen gegen die Spvgg Neu-Isenburg und gegen RW Frankfurt folgte ein 4:4 gegen Beienheim, drei verschossene Elfmeter pr\u00e4gten schon jetzt das Geschehen. Nach den 7 Punkten aus drei Spielen folgte eine Niederlagenserie mit dem 0:5 gegen Gro\u00df-Gerau, dem 0:2 bei Germania Ober-Roden mit 2 roten Karten, dem 1:5 gegen Kickers Offenbach II mit einer roten Karte und einem weiteren verschossenen Elfmeter sowie dem 0:2 gegen die Sportfreunde Seligenstadt.<\/p>\n<p>Der Verein zog die Rei\u00dfleine und trennte sich von Trainer Kaiser, der kurz vorher bei der OSC Rosenh\u00f6he entlassene und mit Bornheimer Stallgeruch ausgestattete Maik Rudolf \u00fcbernahm das Traineramt, die ersten Spiele gegen Hummetroth und RW Darmstadt gingen allerdings verloren und erh\u00f6hten die Niederlagenserie auf 6, hinzu kamen eine weitere rote Karte und der f\u00fcnfte verschossene Elfmeter. Im Kreispokal schied man im Elfmeterschie\u00dfen beim Gruppenligisten FC Tempo aus, obwohl &#8222;die ersten Elfmeter in der Saison verwandelt werden konnten&#8220; (Maik Rudolf).<\/p>\n<p>Es folgten zwei wichtige Heimsiege gegen die TS Ober-Roden und Viktoria Griesheim, und die junge Mannschaft unter dem neuen Trainer fasste neues Selbstvertrauen. Bis zur Winterpause folgten drei Siege, vier Unentschieden und drei Niederlagen, darunter auch eine 0:2-Pleite beim abgeschlagenen Schlusslicht Spvgg. Neu-Isenburg. Die SG Bornheim \u00fcberwintert mit 26 Punkten auf dem 12.Tabellenplatz, nach derzeitiger Lage zwei Pl\u00e4tze und vier Punkte vor dem Relegationsplatz.<\/p>\n<p>Bester Torsch\u00fctze bisher ist der junge Jassine Sekkali mit 10 Treffern, Lukas Knell steuerte 7 Tore bei.<\/p>\n<p>Die Fragen im Rahmen der Winterserie beantwortete uns Bornheims Sportlicher Leiter Daniel Krieg-Lieberich.<\/p>\n<h3><strong>Wie bewertet ihr den Verlauf dieser Saison bis zur Winterpause?<\/strong><\/h3>\n<p>Wir haben uns vor der Saison auf der Trainerposition f\u00fcr Dani Tewelde als Nachfolger von Sascha Volk entschieden. Au\u00dferdem gab es einen gro\u00dfen Umbruch im Team, alleine 8 Spieler sind aus unserer eigenen U19 hochger\u00fcckt.<\/p>\n<p>In der zweiten Woche der Sommervorbereitung musste Dani leider das Traineramt niederlegen und wir schnellstm\u00f6glich eine L\u00f6sung finden. Das hat f\u00fcr eine Menge Unruhe in der Hinrunde gesorgt. Mit der Installierung von Maik Rudolf als Trainer ist dann wieder die n\u00f6tige Stabilit\u00e4t in die Mannschaft gekommen.<\/p>\n<h3><strong>Wo seht ihr f\u00fcr euch noch Verbesserungsm\u00f6glichkeiten?<\/strong><\/h3>\n<p>Wir haben einen neuen Trainer, eine neuformierte Mannschaft und viele spannende junge Spieler. Das muss sich finden und erfordert Geduld. An den Spieltagen waren dementsprechend gro\u00dfe Leistungsschwankungen zu erkennen. Au\u00dferdem machen wir uns regelm\u00e4\u00dfig das Leben durch individuelle Fehler schwer. Hier w\u00fcnsche ich den Jungs den n\u00e4chsten Schritt und Stabilit\u00e4t in ihre Leistungen zu bekommen.<\/p>\n<h3><strong>Welche Ziele habt ihr f\u00fcr den restlichen Saisonverlauf?<\/strong><\/h3>\n<p>Die diesj\u00e4hrige Verbandsliga ist brutal. Eine hohe Leistungsdichte, viele Mannschaften treffen sich auf Augenh\u00f6he und oft entscheidet die Tagesform. Am Ende der Saison werden ein paar richtig gute Mannschaften absteigen m\u00fcssen. Unser Ziel muss es sein da nicht dazuzugeh\u00f6ren und den Klassenerhalt fr\u00fchzeitig klarzumachen.<\/p>\n<h3><strong>Welche Ver\u00e4nderungen im Kader gibt es in der Winterpause?<\/strong><\/h3>\n<p>Ben Becker verl\u00e4sst unser Team in Richtung Nizza.<\/p>\n<p><span style=\"text-decoration: underline;\">Ver\u00f6ffentlichte Testspiele (Daten von fussball.de):<\/span><\/p>\n<p>02.02.25, 15:00 Uhr: FG Seckbach \u2013 SG Bornheim<\/p>\n<p>09.02.25, 17:30 Uhr: SG Blau-Rot Niddatal II \u2013 SG Bornheim<\/p>\n<p>13.02.25, 20:00 Uhr: Spvgg. 03 Fechenheim \u2013 SG Bornheim<\/p>\n<p>16.02.25, 15:00 Uhr: SG Bornheim \u2013 FC Karben<\/p>\n<p><span style=\"text-decoration: underline;\">Saisonrestart:<\/span><\/p>\n<p>01.03.25: SKV Beienheim \u2013 SG Bornheim<\/p>\n<p>Datum und Uhrzeit des Spiels gegen Beienheim sind aber noch unklar und werden bei der Verbandsligabesprechung festgelegt.<\/p>\n","protected":false},"excerpt":{"rendered":"<p>Eine aufregende erste Saisonh\u00e4lfte liegt hinter der SG Bornheim mit drei Trainern, 4 roten Karten, 5 verschossenen Elfmetern und einem Auf und Ab in der Tabelle, kurz vor der Winterpause verabschiedete man sich von den Abstiegspl\u00e4tzen. Nach dem R\u00fcckzug von Trainer Sascha Volk wollte die SG Bornheim mit ihrem neuen Trainer \u201eDanny\u201c Tewelde in die [&hellip;]<\/p>\n","protected":false},"author":3,"featured_media":23253,"comment_status":"closed","ping_status":"open","sticky":true,"template":"","format":"standard","meta":{"footnotes":""},"categories":[10],"tags":[],"class_list":["post-23297","post","type-post","status-publish","format-standard","has-post-thumbnail","hentry","category-verbandsliga-sued"],"_links":{"self":[{"href":"https:\/\/insideamateurfussball-ffm.de\/index.php?rest_route=\/wp\/v2\/posts\/23297","targetHints":{"allow":["GET"]}}],"collection":[{"href":"https:\/\/insideamateurfussball-ffm.de\/index.php?rest_route=\/wp\/v2\/posts"}],"about":[{"href":"https:\/\/insideamateurfussball-ffm.de\/index.php?rest_route=\/wp\/v2\/types\/post"}],"author":[{"embeddable":true,"href":"https:\/\/insideamateurfussball-ffm.de\/index.php?rest_route=\/wp\/v2\/users\/3"}],"replies":[{"embeddable":true,"href":"https:\/\/insideamateurfussball-ffm.de\/index.php?rest_route=%2Fwp%2Fv2%2Fcomments&post=23297"}],"version-history":[{"count":2,"href":"https:\/\/insideamateurfussball-ffm.de\/index.php?rest_route=\/wp\/v2\/posts\/23297\/revisions"}],"predecessor-version":[{"id":23299,"href":"https:\/\/insideamateurfussball-ffm.de\/index.php?rest_route=\/wp\/v2\/posts\/23297\/revisions\/23299"}],"wp:featuredmedia":[{"embeddable":true,"href":"https:\/\/insideamateurfussball-ffm.de\/index.php?rest_route=\/wp\/v2\/media\/23253"}],"wp:attachment":[{"href":"https:\/\/insideamateurfussball-ffm.de\/index.php?rest_route=%2Fwp%2Fv2%2Fmedia&parent=23297"}],"wp:term":[{"taxonomy":"category","embeddable":true,"href":"https:\/\/insideamateurfussball-ffm.de\/index.php?rest_route=%2Fwp%2Fv2%2Fcategories&post=23297"},{"taxonomy":"post_tag","embeddable":true,"href":"https:\/\/insideamateurfussball-ffm.de\/index.php?rest_route=%2Fwp%2Fv2%2Ftags&post=23297"}],"curies":[{"name":"wp","href":"https:\/\/api.w.org\/{rel}","templated":true}]}}