{"id":23294,"date":"2025-01-13T18:09:24","date_gmt":"2025-01-13T17:09:24","guid":{"rendered":"https:\/\/insideamateurfussball-ffm.de\/?p=23294"},"modified":"2025-01-13T18:10:45","modified_gmt":"2025-01-13T17:10:45","slug":"sv-zeilsheim-will-aufstieg-in-die-lotto-hessenliga","status":"publish","type":"post","link":"https:\/\/insideamateurfussball-ffm.de\/?p=23294","title":{"rendered":"SV Zeilsheim will Aufstieg in die LOTTO Hessenliga"},"content":{"rendered":"<h6><span style=\"font-size: 20px;\">Der SV Zeilsheim f\u00fchrt die Tabelle in der Verbandsliga Mitte mit neun Punkten Vorsprung an. Das Ziel von Pr\u00e4sident Peter Strauch, der auch unsere Fragen beantwortete, ist eindeutig: Aufstieg in die LOTTO Hessenliga.\u00a0<\/span><\/h6>\n<figure id=\"attachment_23255\" aria-describedby=\"caption-attachment-23255\" style=\"width: 150px\" class=\"wp-caption aligncenter\"><img loading=\"lazy\" decoding=\"async\" class=\"wp-image-23255 size-thumbnail\" src=\"http:\/\/insideamateurfussball-ffm.de\/wp-content\/uploads\/2025\/01\/SVzeilsheim-150x150.jpg\" alt=\"\" width=\"150\" height=\"150\" \/><figcaption id=\"caption-attachment-23255\" class=\"wp-caption-text\">Grafik: MZ.<\/figcaption><\/figure>\n<p><img loading=\"lazy\" decoding=\"async\" class=\"alignnone size-full wp-image-1153\" src=\"http:\/\/insideamateurfussball-ffm.de\/wp-content\/uploads\/2022\/07\/SVZe.jpg\" alt=\"\" width=\"68\" height=\"80\" \/><\/p>\n<h6><span style=\"font-size: 20px;\">Wie bewertest Du den bisherigen Saisonverlauf?\u00a0<\/span><\/h6>\n<div><span style=\"font-size: 20px;\">Besonders im November haben wir wichtige Punkte gegen direkte <\/span><span style=\"font-size: 20px;\">Kontrahenten eingefahren und uns damit ein Polster an der Tabellenspitze <\/span><span style=\"font-size: 20px;\">geschaffen.<\/span><\/div>\n<div><\/div>\n<h6><span style=\"font-size: 20px;\">Wo gibt es Verbesserungsm\u00f6glichkeiten?\u00a0<\/span><\/h6>\n<div><span style=\"font-size: 20px;\">Verbesserungsm\u00f6glichkeiten sehe ich in unserer der Defensive. Zu Beginn der <\/span><span style=\"font-size: 20px;\">Saison haben wir zu leicht Gegentreffer kassiert. Unsere Defensive hat sich <\/span><span style=\"font-size: 20px;\">in der Zwischenzeit zwar gefestigt, dennoch m\u00fcssen wir hier noch besser werden.\u00a0<\/span><\/div>\n<h6><span style=\"font-size: 20px;\">Wie lautet das Saisonziel?\u00a0<\/span><\/h6>\n<div><span style=\"font-size: 20px;\">Wenn man zur Winterpause mit 6 Punkten Vorsprung Tabellenf\u00fchrer ist, gibt es <\/span><span style=\"font-size: 20px;\">nur ein Ziel \u0096 Aufstieg in die Lotto Hessenliga!<\/span><\/div>\n<div><\/div>\n<h6><span style=\"font-size: 20px;\">Gibt es Ver\u00e4nderungen im Kader?\u00a0<\/span><\/h6>\n<p><span style=\"font-size: 20px;\">Verlassen wird uns Vedran Dodik in Richtung VfB Unterliederbach, Richard <\/span><span style=\"font-size: 20px;\">Ofosu wechselt zum T\u00fcrkischen SV Wiesbaden und Taha Idrisoglu geht zum T\u00fcrkischen SV <\/span><span style=\"font-size: 20px;\">Bad Nauheim. <\/span><span style=\"font-size: 20px;\">Neu kommen werden: Younes Dahmani vom Hanauer FC, Kristijan Bejic und Ely <\/span><span style=\"font-size: 20px;\">Kayemba beide von DJK Sportfreunde Bad Homburg.<\/span><\/p>\n<h6><span style=\"font-size: 20px;\">Testspiele:\u00a0<\/span><\/h6>\n<p><span style=\"font-size: 20px;\">28. Januar (20 Uhr) FV Alemannia Nied (H), 1. Februar (14.30 Uhr) T\u00fcrk G\u00fcc\u00fc Friedberg (H), 9. Februar (15 Uhr) 1. Hanauer FC (H), 13. Februar (19.30 Uhr) VfB Unterliederbach (A), 16. Februar (15 Uhr) Spvgg. Neu-Isenburg (A), 23. Februar (14 Uhr) Rot-Weiss Frankfurt (H).<\/span><\/p>\n<h6><span style=\"font-size: 20px;\">Kreispokal-Viertelfinale:\u00a0<\/span><\/h6>\n<p><span style=\"font-size: 20px;\">FSC Eschborn &#8211; SV Zeilsheim (Donnerstag, 20. Februar 19.30 Uhr).<\/span><\/p>\n<h6><span style=\"font-size: 20px;\">Re-Start Verbandsliga Mitte:\u00a0<\/span><\/h6>\n<p><span style=\"font-size: 20px;\">FC TuBa Pohlheim &#8211; SV Zeilsheim (Samstag, 1. M\u00e4rz 15 Uhr).\u00a0<\/span><\/p>\n","protected":false},"excerpt":{"rendered":"<p>Der SV Zeilsheim f\u00fchrt die Tabelle in der Verbandsliga Mitte mit neun Punkten Vorsprung an. Das Ziel von Pr\u00e4sident Peter Strauch, der auch unsere Fragen beantwortete, ist eindeutig: Aufstieg in die LOTTO Hessenliga.\u00a0 Wie bewertest Du den bisherigen Saisonverlauf?\u00a0 Besonders im November haben wir wichtige Punkte gegen direkte Kontrahenten eingefahren und uns damit ein Polster [&hellip;]<\/p>\n","protected":false},"author":1,"featured_media":23255,"comment_status":"closed","ping_status":"closed","sticky":true,"template":"","format":"standard","meta":{"footnotes":""},"categories":[32],"tags":[],"class_list":["post-23294","post","type-post","status-publish","format-standard","has-post-thumbnail","hentry","category-verbandsliga-mitte"],"_links":{"self":[{"href":"https:\/\/insideamateurfussball-ffm.de\/index.php?rest_route=\/wp\/v2\/posts\/23294","targetHints":{"allow":["GET"]}}],"collection":[{"href":"https:\/\/insideamateurfussball-ffm.de\/index.php?rest_route=\/wp\/v2\/posts"}],"about":[{"href":"https:\/\/insideamateurfussball-ffm.de\/index.php?rest_route=\/wp\/v2\/types\/post"}],"author":[{"embeddable":true,"href":"https:\/\/insideamateurfussball-ffm.de\/index.php?rest_route=\/wp\/v2\/users\/1"}],"replies":[{"embeddable":true,"href":"https:\/\/insideamateurfussball-ffm.de\/index.php?rest_route=%2Fwp%2Fv2%2Fcomments&post=23294"}],"version-history":[{"count":1,"href":"https:\/\/insideamateurfussball-ffm.de\/index.php?rest_route=\/wp\/v2\/posts\/23294\/revisions"}],"predecessor-version":[{"id":23295,"href":"https:\/\/insideamateurfussball-ffm.de\/index.php?rest_route=\/wp\/v2\/posts\/23294\/revisions\/23295"}],"wp:featuredmedia":[{"embeddable":true,"href":"https:\/\/insideamateurfussball-ffm.de\/index.php?rest_route=\/wp\/v2\/media\/23255"}],"wp:attachment":[{"href":"https:\/\/insideamateurfussball-ffm.de\/index.php?rest_route=%2Fwp%2Fv2%2Fmedia&parent=23294"}],"wp:term":[{"taxonomy":"category","embeddable":true,"href":"https:\/\/insideamateurfussball-ffm.de\/index.php?rest_route=%2Fwp%2Fv2%2Fcategories&post=23294"},{"taxonomy":"post_tag","embeddable":true,"href":"https:\/\/insideamateurfussball-ffm.de\/index.php?rest_route=%2Fwp%2Fv2%2Ftags&post=23294"}],"curies":[{"name":"wp","href":"https:\/\/api.w.org\/{rel}","templated":true}]}}