{"id":23285,"date":"2025-01-10T19:30:20","date_gmt":"2025-01-10T18:30:20","guid":{"rendered":"https:\/\/insideamateurfussball-ffm.de\/?p=23285"},"modified":"2025-01-10T19:30:51","modified_gmt":"2025-01-10T18:30:51","slug":"marco-santonastaso-uebernimmt-bornheim-ii","status":"publish","type":"post","link":"https:\/\/insideamateurfussball-ffm.de\/?p=23285","title":{"rendered":"Marco Santonastaso \u00fcbernimmt Bornheim II"},"content":{"rendered":"<h6><span style=\"font-size: 20px;\">Die SG Bornheim\/Gr\u00fcn-Wei\u00df hat Marco Santonastaso als neuen Trainer der 1b-Mannschaft installiert, die in der Kreisoberliga Frankfurt auf Rang zehn steht. Der Italiener folgt auf Lucas Milbredt, der sich im Dezember mit dem Verein nicht auf eine weitere Zusammenarbeit einigen konnte.\u00a0<\/span><\/h6>\n<figure id=\"attachment_23286\" aria-describedby=\"caption-attachment-23286\" style=\"width: 300px\" class=\"wp-caption aligncenter\"><img loading=\"lazy\" decoding=\"async\" class=\"wp-image-23286 size-medium\" src=\"http:\/\/insideamateurfussball-ffm.de\/wp-content\/uploads\/2025\/01\/spo15-300x207.jpg\" alt=\"\" width=\"300\" height=\"207\" srcset=\"https:\/\/insideamateurfussball-ffm.de\/wp-content\/uploads\/2025\/01\/spo15-300x207.jpg 300w, https:\/\/insideamateurfussball-ffm.de\/wp-content\/uploads\/2025\/01\/spo15-768x529.jpg 768w, https:\/\/insideamateurfussball-ffm.de\/wp-content\/uploads\/2025\/01\/spo15.jpg 945w\" sizes=\"auto, (max-width: 300px) 100vw, 300px\" \/><figcaption id=\"caption-attachment-23286\" class=\"wp-caption-text\">Marco Santonastaso gibt fortan die Richtung in Bornheim an. Foto: Archiv Mithat G\u00fcrser.<\/figcaption><\/figure>\n<p><img loading=\"lazy\" decoding=\"async\" class=\"alignnone size-full wp-image-119\" src=\"http:\/\/insideamateurfussball-ffm.de\/wp-content\/uploads\/2022\/05\/Bornheim.jpg\" alt=\"\" width=\"80\" height=\"80\" \/><\/p>\n<p><span style=\"font-size: 20px;\">Der fr\u00fchere Trainer der Spvgg. Griesheim war bis zum Winter U15-Coach in Bornheim, heuerte zwischendurch Ende August f\u00fcr drei Wochen beim Gruppenliga-Schlusslicht FFV Sportfreunde 04 an, um dann wegen beruflicher Projekte seinen R\u00fccktritt einzureichen. Nicht mal vier Monate sp\u00e4ter ist Santonastaso wieder &#8222;im Gesch\u00e4ft&#8220;, denn wie uns Daniel Krieg-Lieberich, der Sportliche Leiter der Bornheimer mitteilte, &#8222;haben wir in diesem Winter mit Marco Santonastoso einen neuen Trainer installiert. Er folgt auf Lucas Milbredt und Mario Koch. Die beiden haben tolle Arbeit bei uns geleistet. Marco und die Mannschaft sollen sich in der R\u00fcckrunde finden und so fr\u00fch wie m\u00f6glich den Klassenerhalt sichern.&#8220; <\/span><\/p>\n<p><span style=\"font-size: 20px;\">F\u00fcr Santonastaso ist der Zeitpunkt f\u00fcr den Wiedereinstieg in den Herrenbereich &#8222;optimal und jetzt auch kompatibel mit dem beruflichen Projekt. Nachdem sich die Mannschaft ein Punktepolster aufgebaut hat, wollen wir den Klassenerhalt fr\u00fchzeitig sichern. Es warten aber zu Beginn knackige Spiele auf uns&#8220;, erl\u00e4utert Santonastaso, der das Team in der Vorbereitung &#8222;erst einmal kennen lernen will.&#8220;\u00a0 \u00a0<\/span><\/p>\n","protected":false},"excerpt":{"rendered":"<p>Die SG Bornheim\/Gr\u00fcn-Wei\u00df hat Marco Santonastaso als neuen Trainer der 1b-Mannschaft installiert, die in der Kreisoberliga Frankfurt auf Rang zehn steht. Der Italiener folgt auf Lucas Milbredt, der sich im Dezember mit dem Verein nicht auf eine weitere Zusammenarbeit einigen konnte.\u00a0 Der fr\u00fchere Trainer der Spvgg. Griesheim war bis zum Winter U15-Coach in Bornheim, heuerte [&hellip;]<\/p>\n","protected":false},"author":1,"featured_media":23286,"comment_status":"closed","ping_status":"closed","sticky":true,"template":"","format":"standard","meta":{"footnotes":""},"categories":[2],"tags":[],"class_list":["post-23285","post","type-post","status-publish","format-standard","has-post-thumbnail","hentry","category-kreisoberliga-frankfurt"],"_links":{"self":[{"href":"https:\/\/insideamateurfussball-ffm.de\/index.php?rest_route=\/wp\/v2\/posts\/23285","targetHints":{"allow":["GET"]}}],"collection":[{"href":"https:\/\/insideamateurfussball-ffm.de\/index.php?rest_route=\/wp\/v2\/posts"}],"about":[{"href":"https:\/\/insideamateurfussball-ffm.de\/index.php?rest_route=\/wp\/v2\/types\/post"}],"author":[{"embeddable":true,"href":"https:\/\/insideamateurfussball-ffm.de\/index.php?rest_route=\/wp\/v2\/users\/1"}],"replies":[{"embeddable":true,"href":"https:\/\/insideamateurfussball-ffm.de\/index.php?rest_route=%2Fwp%2Fv2%2Fcomments&post=23285"}],"version-history":[{"count":2,"href":"https:\/\/insideamateurfussball-ffm.de\/index.php?rest_route=\/wp\/v2\/posts\/23285\/revisions"}],"predecessor-version":[{"id":23288,"href":"https:\/\/insideamateurfussball-ffm.de\/index.php?rest_route=\/wp\/v2\/posts\/23285\/revisions\/23288"}],"wp:featuredmedia":[{"embeddable":true,"href":"https:\/\/insideamateurfussball-ffm.de\/index.php?rest_route=\/wp\/v2\/media\/23286"}],"wp:attachment":[{"href":"https:\/\/insideamateurfussball-ffm.de\/index.php?rest_route=%2Fwp%2Fv2%2Fmedia&parent=23285"}],"wp:term":[{"taxonomy":"category","embeddable":true,"href":"https:\/\/insideamateurfussball-ffm.de\/index.php?rest_route=%2Fwp%2Fv2%2Fcategories&post=23285"},{"taxonomy":"post_tag","embeddable":true,"href":"https:\/\/insideamateurfussball-ffm.de\/index.php?rest_route=%2Fwp%2Fv2%2Ftags&post=23285"}],"curies":[{"name":"wp","href":"https:\/\/api.w.org\/{rel}","templated":true}]}}