{"id":23282,"date":"2025-01-10T18:54:53","date_gmt":"2025-01-10T17:54:53","guid":{"rendered":"https:\/\/insideamateurfussball-ffm.de\/?p=23282"},"modified":"2025-01-10T18:56:01","modified_gmt":"2025-01-10T17:56:01","slug":"fc-croatia-verstaerkt-sich-fuer-den-klassenerhalt","status":"publish","type":"post","link":"https:\/\/insideamateurfussball-ffm.de\/?p=23282","title":{"rendered":"FC Croatia verst\u00e4rkt sich f\u00fcr den Klassenerhalt"},"content":{"rendered":"<h6><span style=\"font-size: 20px;\">Der FC Croatia ging als Tabellenletzter der Kreisoberliga Frankfurt in die Winterpause. Durch gezielte Verst\u00e4rkungen glauben die Verantwortlichen um Sportdirektor Darko Krolo, die sechs Punkte R\u00fcckstand zum rettenden Ufer noch aufholen zu k\u00f6nnen.\u00a0<\/span><\/h6>\n<figure id=\"attachment_23232\" aria-describedby=\"caption-attachment-23232\" style=\"width: 150px\" class=\"wp-caption aligncenter\"><img loading=\"lazy\" decoding=\"async\" class=\"wp-image-23232 size-thumbnail\" src=\"http:\/\/insideamateurfussball-ffm.de\/wp-content\/uploads\/2025\/01\/croatia-150x150.jpg\" alt=\"\" width=\"150\" height=\"150\" \/><figcaption id=\"caption-attachment-23232\" class=\"wp-caption-text\">Grafik: MZ.<\/figcaption><\/figure>\n<p><img loading=\"lazy\" decoding=\"async\" class=\"alignnone size-full wp-image-29\" src=\"http:\/\/insideamateurfussball-ffm.de\/wp-content\/uploads\/2021\/11\/croatia.jpg\" alt=\"\" width=\"63\" height=\"80\" \/><\/p>\n<p><span style=\"font-size: 20px;\">Vier Siege und ein Remis holte der letztj\u00e4hrige Herbstmeister im ersten Saisonabschnitt, die restlichen 14 Spiele gingen verloren. Mit 72 Treffern kassierte Croatia die mit Abstand meisten Gegentore. Ein richtiger Torj\u00e4ger war nicht vorhanden, sodass die besten Torsch\u00fctzen Stipe Duvnjak und Marcel Ladan jeweils nur auf f\u00fcnf Treffer kommen. Dennoch herrscht nach den Aktivit\u00e4ten auf dem Transfermarkt nun neue Zuversicht rund um das neue Vereinshaus an der Br\u00fchlwiese. Der Klassenerhalt soll durch die Verpflichtung beziehungsweise der R\u00fcckkehr namhafter Spieler noch realisiert werden. Unsere Fragen hat Sportdirektor Darko Krolo ausf\u00fchrlich beantwortet.\u00a0<\/span><\/p>\n<h6><span style=\"font-size: 20px;\">Wie bewertest Du den bisherigen Saisonverlauf?\u00a0<\/span><\/h6>\n<p><span style=\"font-size: 20px;\">Der Saisonverlauf war sicherlich nicht so, wie wir uns das vor der Saison vorgestellt haben. Tabellenletzter ist sicherlich nicht unser Anspruch und auch nicht unser Ziel gewesen. Vor der Saison haben wir als Verein zwei Ziele gehabt: Tabellenplatz 6 bis 9 und die Mannschaft verj\u00fcngen, viele neue junge Spieler holen und integrieren. Diesen Tabellenplatz haben wir leider momentan verpasst, aber mit dem zweiten Ziel sind wir sehr zufrieden. Wir haben etliche 18- bis 22-j\u00e4hrige Spieler in der Ersten Mannschaft, die sogar vorwiegend Stammspieler sind.<\/span><\/p>\n<p><span style=\"font-size: 20px;\"> So eine junge Mannschaft hat Croatia Frankfurt sicherlich noch nie gehabt. Die Gr\u00fcnde f\u00fcr die Tabellensituation sind unterschiedlich. Wir haben viele Leistungstr\u00e4ger vor der Saison verloren, unter anderem beide Torh\u00fcter, beide Innenverteidiger, einen Sechser, und den Topst\u00fcrmer. Keine Vorbereitung gemacht, dazu junger Trainer mit wenig Erfahrung im Seniorenbereich und &#8211;\u00a0 wie oben erw\u00e4hnt &#8211; viele neue, junge Spieler. <\/span><\/p>\n<p><span style=\"font-size: 20px;\">Dazu kam die sp\u00e4te Urlaubszeit, wo uns etliche Leistungstr\u00e4ger gefehlt haben. Sp\u00e4ter bekamen wir es mit den Langzeitverletzungen zu tun. Mitte September erfolgte dann auch noch der Trainerwechsel zu Slavko Strinavic der bis dato Co-Trainer war, er hat f\u00fcr Karlo Luketic (auf eigenen Wunsch aufgeh\u00f6rt) \u00fcbernommen. Alles in allem, ziemlich viele Faktoren, die dazu beigetragen haben, dass wir da stehen, wo wir momentan sind. <\/span><\/p>\n<p><span style=\"font-size: 20px;\">Trotzdem habe ich nie den Eindruck gehabt, dass wir wie ein potenzieller Absteiger oder Tabellenletzter sind und dass wir uns nicht retten k\u00f6nnen. Nur ein Beispiel: Bei uns ist die Trainingsbeteiligung immer super, meistens 16 bis 20 Spieler sind da, kommt selten vor im Amateurfussball beim Tabellenletzten. Zuschauerzahlen bei uns sind auch immer gut, egal ob Heimspiel oder Ausw\u00e4rtsspiel.\u00a0<\/span><\/p>\n<h6><span style=\"font-size: 20px;\">Wo gibt es Verbesserungsbedarf ?\u00a0<\/span><\/h6>\n<p><span style=\"font-size: 20px;\">Wir<wbr \/> sind ruhig geblieben und haben alles jetzt in der Pause sachlich analysiert. Der neu gew\u00e4hlte Vorstand steht voll hinter uns. Dazu sind wir alle um sechs Monate reifer geworden, viele junge Spieler haben an Erfahrung gewonnen. Trainer Strinavic bleibt im Amt, alle Stammspieler bleiben, und wir werden eine ordentliche Vorbereitung machen, inklusive sieben Testspielen. Dazu kommen gezielt noch 4-5 Verst\u00e4rkungen zu uns.\u00a0<\/span><\/p>\n<h6><span style=\"font-size: 20px;\">Wie lautet das Saisonziel?\u00a0<\/span><\/h6>\n<p><span style=\"font-size: 20px;\">Wir haben nur ein Ziel und stecken unsere volle Energie da rein &#8211; Nichtabstieg. Wir wollen definitiv in der neuen Saison weiter KOL spielen. Junge Spieler bleiben weiterhin da voll im Fokus, das wird sich auch in der R\u00fcckrunde nicht \u00e4ndern .Mein Motto lautet immer, es gibt nicht alte oder junge Spieler, sondern nur gute und weniger gute Spieler.\u00a0<\/span><\/p>\n<h6><span style=\"font-size: 20px;\">Gibt es Ver\u00e4nderungen im Kader?\u00a0<\/span><\/h6>\n<p><span style=\"font-size: 20px;\">Zug\u00e4nge: Josip Galic (Hanauer FC), Stefano Amore (Sportfreunde Oberau), Drazen Gluhakovic (SV Pars Neu-Isenburg). Bei zwei weiteren Spielern werden noch Gespr\u00e4che gef\u00fchrt.\u00a0<\/span><\/p>\n<p><span style=\"font-size: 20px;\">Abg\u00e4nge: Vlaho Lakic (SFD Schwanheim), Mario Jonjic (Spvgg. Bad Nauheim), Faris Ben Youssef (Ziel unbekannt).\u00a0<\/span><\/p>\n<h6><span style=\"font-size: 20px;\">Vereinbarte Testspiele laut Fussball.de:\u00a0<\/span><\/h6>\n<p><span style=\"font-size: 20px;\">2. Februar 15.30 Uhr DJK Schwarz-Wei\u00df Griesheim (A), 5. Februar 20 Uhr SV Bosnien\/Herzegowina (A), 9. Februar 15 Uhr SV Hajduk Wiesbaden (H), 12. Februar 20.30 Uhr Spvgg. 05\/99 Bomber Bad Homburg (H), 16. Februar 15 Uhr Susgo Offenthal (A), 18. Februar 19.30 Uhr SC Goldstein (A), 23. Februar 15 Uhr SV Steinfurth (H).\u00a0<\/span><\/p>\n<h6><span style=\"font-size: 20px;\">Saison-Restart:\u00a0<\/span><\/h6>\n<p><span style=\"font-size: 20px;\">Samstag, 1. M\u00e4rz FC Germania Enkheim &#8211; FC Croatia (15 Uhr).\u00a0<\/span><\/p>\n","protected":false},"excerpt":{"rendered":"<p>Der FC Croatia ging als Tabellenletzter der Kreisoberliga Frankfurt in die Winterpause. Durch gezielte Verst\u00e4rkungen glauben die Verantwortlichen um Sportdirektor Darko Krolo, die sechs Punkte R\u00fcckstand zum rettenden Ufer noch aufholen zu k\u00f6nnen.\u00a0 Vier Siege und ein Remis holte der letztj\u00e4hrige Herbstmeister im ersten Saisonabschnitt, die restlichen 14 Spiele gingen verloren. Mit 72 Treffern kassierte [&hellip;]<\/p>\n","protected":false},"author":1,"featured_media":23232,"comment_status":"closed","ping_status":"closed","sticky":true,"template":"","format":"standard","meta":{"footnotes":""},"categories":[2],"tags":[],"class_list":["post-23282","post","type-post","status-publish","format-standard","has-post-thumbnail","hentry","category-kreisoberliga-frankfurt"],"_links":{"self":[{"href":"https:\/\/insideamateurfussball-ffm.de\/index.php?rest_route=\/wp\/v2\/posts\/23282","targetHints":{"allow":["GET"]}}],"collection":[{"href":"https:\/\/insideamateurfussball-ffm.de\/index.php?rest_route=\/wp\/v2\/posts"}],"about":[{"href":"https:\/\/insideamateurfussball-ffm.de\/index.php?rest_route=\/wp\/v2\/types\/post"}],"author":[{"embeddable":true,"href":"https:\/\/insideamateurfussball-ffm.de\/index.php?rest_route=\/wp\/v2\/users\/1"}],"replies":[{"embeddable":true,"href":"https:\/\/insideamateurfussball-ffm.de\/index.php?rest_route=%2Fwp%2Fv2%2Fcomments&post=23282"}],"version-history":[{"count":2,"href":"https:\/\/insideamateurfussball-ffm.de\/index.php?rest_route=\/wp\/v2\/posts\/23282\/revisions"}],"predecessor-version":[{"id":23284,"href":"https:\/\/insideamateurfussball-ffm.de\/index.php?rest_route=\/wp\/v2\/posts\/23282\/revisions\/23284"}],"wp:featuredmedia":[{"embeddable":true,"href":"https:\/\/insideamateurfussball-ffm.de\/index.php?rest_route=\/wp\/v2\/media\/23232"}],"wp:attachment":[{"href":"https:\/\/insideamateurfussball-ffm.de\/index.php?rest_route=%2Fwp%2Fv2%2Fmedia&parent=23282"}],"wp:term":[{"taxonomy":"category","embeddable":true,"href":"https:\/\/insideamateurfussball-ffm.de\/index.php?rest_route=%2Fwp%2Fv2%2Fcategories&post=23282"},{"taxonomy":"post_tag","embeddable":true,"href":"https:\/\/insideamateurfussball-ffm.de\/index.php?rest_route=%2Fwp%2Fv2%2Ftags&post=23282"}],"curies":[{"name":"wp","href":"https:\/\/api.w.org\/{rel}","templated":true}]}}