{"id":23279,"date":"2025-01-09T17:35:22","date_gmt":"2025-01-09T16:35:22","guid":{"rendered":"https:\/\/insideamateurfussball-ffm.de\/?p=23279"},"modified":"2025-01-09T17:35:22","modified_gmt":"2025-01-09T16:35:22","slug":"kosova-und-huberman-setzen-zusammenarbeit-fort","status":"publish","type":"post","link":"https:\/\/insideamateurfussball-ffm.de\/?p=23279","title":{"rendered":"Kosova und Huberman setzen Zusammenarbeit fort"},"content":{"rendered":"<h6><span style=\"font-size: 20px;\">Nachdem Trainer Jorge Huberman beim Kreisoberliga-Tabellenf\u00fchrer FC Kosova im Dezember seinen R\u00fccktritt verk\u00fcndet hatte, gibt es nun eine Kehrtwende zu vermelden. Der Coach setzt die Zusammenarbeit mit dem Verein mit seinem Co-Trainer Alijam Aruci nun doch fort. <\/span><\/h6>\n<figure id=\"attachment_23280\" aria-describedby=\"caption-attachment-23280\" style=\"width: 300px\" class=\"wp-caption aligncenter\"><img loading=\"lazy\" decoding=\"async\" class=\"wp-image-23280 size-medium\" src=\"http:\/\/insideamateurfussball-ffm.de\/wp-content\/uploads\/2025\/01\/DSC_5208-1-300x225.jpg\" alt=\"\" width=\"300\" height=\"225\" srcset=\"https:\/\/insideamateurfussball-ffm.de\/wp-content\/uploads\/2025\/01\/DSC_5208-1-300x225.jpg 300w, https:\/\/insideamateurfussball-ffm.de\/wp-content\/uploads\/2025\/01\/DSC_5208-1-768x576.jpg 768w, https:\/\/insideamateurfussball-ffm.de\/wp-content\/uploads\/2025\/01\/DSC_5208-1.jpg 997w\" sizes=\"auto, (max-width: 300px) 100vw, 300px\" \/><figcaption id=\"caption-attachment-23280\" class=\"wp-caption-text\">Kosova-Trainer Jorge Huberman und Co-Trainer Alijam Aruci bleiben im Amt. Foto: Archiv J\u00f6rg Schulz.\u00a0\u00a0<\/figcaption><\/figure>\n<p><img loading=\"lazy\" decoding=\"async\" class=\"alignnone size-full wp-image-9\" src=\"http:\/\/insideamateurfussball-ffm.de\/wp-content\/uploads\/2021\/11\/Kosova.jpg\" alt=\"\" width=\"65\" height=\"80\" \/><\/p>\n<p><span style=\"font-size: 20px;\">Nachdem in den letzten vier Wochen Unklarheit \u00fcber den Sachverhalt herrschte kam es am Mittwochabend zu einem mehrst\u00fcndigen Treffen des Trainerteams mit den beiden Entscheidungstr\u00e4gern des FC Kosova. In der Unterredung mit dem Spielausschuss-Chef Rudi Statovci und dem neuen Vorstandsmitglied Dinor Kadrijaj wurde festgelegt, dass die Zusammenarbeit fortgesetzt wird. <\/span><\/p>\n<p><span style=\"font-size: 20px;\">&#8222;Nachdem wir in der Analyse und Betrachtungsweise der gleichen Meinung waren, wurde vereinbart, dass sich die Personen, die sich in unsere Trainerarbeit versucht haben einzumischen, von der Mannschaft fernzuhalten haben&#8220;, erkl\u00e4rt Huberman den getroffenen Konsens.<\/span><\/p>\n<h6><span style=\"font-size: 20px;\">Kosova f\u00fchrt die Tabelle an\u00a0<\/span><\/h6>\n<p><span style=\"font-size: 20px;\">Dieses sei zugesichert worden und Voraussetzung f\u00fcr eine weitere erfolgreiche Zusammenarbeit gewesen. &#8222;Wir bedanken uns bei der Mannschaft, dass sie geschlossen hinter uns Trainern stand. Wir freuen uns sehr, weiter mit ihnen arbeiten zu k\u00f6nnen&#8220;, freut sich Huberman. <\/span><\/p>\n<p><span style=\"font-size: 20px;\">Kosova f\u00fchrt die Tabelle der Kreisoberliga mit einem Punkt Vorsprung vor dem VfL Germania 94 an, hat aber eine Partie weniger absolviert. &#8222;Das Ziel lautet jetzt Aufstieg, alles andere w\u00e4re falsch&#8220;, unterstreicht der Coach.\u00a0\u00a0<\/span><\/p>\n","protected":false},"excerpt":{"rendered":"<p>Nachdem Trainer Jorge Huberman beim Kreisoberliga-Tabellenf\u00fchrer FC Kosova im Dezember seinen R\u00fccktritt verk\u00fcndet hatte, gibt es nun eine Kehrtwende zu vermelden. Der Coach setzt die Zusammenarbeit mit dem Verein mit seinem Co-Trainer Alijam Aruci nun doch fort. Nachdem in den letzten vier Wochen Unklarheit \u00fcber den Sachverhalt herrschte kam es am Mittwochabend zu einem mehrst\u00fcndigen [&hellip;]<\/p>\n","protected":false},"author":1,"featured_media":23280,"comment_status":"closed","ping_status":"closed","sticky":true,"template":"","format":"standard","meta":{"footnotes":""},"categories":[2],"tags":[],"class_list":["post-23279","post","type-post","status-publish","format-standard","has-post-thumbnail","hentry","category-kreisoberliga-frankfurt"],"_links":{"self":[{"href":"https:\/\/insideamateurfussball-ffm.de\/index.php?rest_route=\/wp\/v2\/posts\/23279","targetHints":{"allow":["GET"]}}],"collection":[{"href":"https:\/\/insideamateurfussball-ffm.de\/index.php?rest_route=\/wp\/v2\/posts"}],"about":[{"href":"https:\/\/insideamateurfussball-ffm.de\/index.php?rest_route=\/wp\/v2\/types\/post"}],"author":[{"embeddable":true,"href":"https:\/\/insideamateurfussball-ffm.de\/index.php?rest_route=\/wp\/v2\/users\/1"}],"replies":[{"embeddable":true,"href":"https:\/\/insideamateurfussball-ffm.de\/index.php?rest_route=%2Fwp%2Fv2%2Fcomments&post=23279"}],"version-history":[{"count":1,"href":"https:\/\/insideamateurfussball-ffm.de\/index.php?rest_route=\/wp\/v2\/posts\/23279\/revisions"}],"predecessor-version":[{"id":23281,"href":"https:\/\/insideamateurfussball-ffm.de\/index.php?rest_route=\/wp\/v2\/posts\/23279\/revisions\/23281"}],"wp:featuredmedia":[{"embeddable":true,"href":"https:\/\/insideamateurfussball-ffm.de\/index.php?rest_route=\/wp\/v2\/media\/23280"}],"wp:attachment":[{"href":"https:\/\/insideamateurfussball-ffm.de\/index.php?rest_route=%2Fwp%2Fv2%2Fmedia&parent=23279"}],"wp:term":[{"taxonomy":"category","embeddable":true,"href":"https:\/\/insideamateurfussball-ffm.de\/index.php?rest_route=%2Fwp%2Fv2%2Fcategories&post=23279"},{"taxonomy":"post_tag","embeddable":true,"href":"https:\/\/insideamateurfussball-ffm.de\/index.php?rest_route=%2Fwp%2Fv2%2Ftags&post=23279"}],"curies":[{"name":"wp","href":"https:\/\/api.w.org\/{rel}","templated":true}]}}