{"id":23273,"date":"2025-01-09T16:48:00","date_gmt":"2025-01-09T15:48:00","guid":{"rendered":"https:\/\/insideamateurfussball-ffm.de\/?p=23273"},"modified":"2025-01-09T16:53:47","modified_gmt":"2025-01-09T15:53:47","slug":"enkheim-will-die-heimschwaeche-ablegen","status":"publish","type":"post","link":"https:\/\/insideamateurfussball-ffm.de\/?p=23273","title":{"rendered":"Enkheim will Heimschw\u00e4che ablegen"},"content":{"rendered":"<h6><span style=\"font-size: 20px;\">Der zweite Kreisoberligist in unserer Serie ist Aufsteiger FC Germania Enkheim, der im Sommer nach f\u00fcnf Jahren in der Kreisliga A den Wiederaufstieg schaffte. Zur Winterpause stehen die Enkheimer vor allem dank ihrer Ausw\u00e4rtsst\u00e4rke mit 26 Punkten auf dem soliden achten Platz.\u00a0<\/span><\/h6>\n<figure id=\"attachment_23233\" aria-describedby=\"caption-attachment-23233\" style=\"width: 150px\" class=\"wp-caption aligncenter\"><img loading=\"lazy\" decoding=\"async\" class=\"wp-image-23233 size-thumbnail\" src=\"http:\/\/insideamateurfussball-ffm.de\/wp-content\/uploads\/2025\/01\/Enkheim-150x150.jpg\" alt=\"\" width=\"150\" height=\"150\" \/><figcaption id=\"caption-attachment-23233\" class=\"wp-caption-text\">Grafik: MZ.<\/figcaption><\/figure>\n<p><img loading=\"lazy\" decoding=\"async\" class=\"alignnone size-full wp-image-1537\" src=\"http:\/\/insideamateurfussball-ffm.de\/wp-content\/uploads\/2022\/07\/Enkheim.jpg\" alt=\"\" width=\"63\" height=\"80\" \/><\/p>\n<p>Enkheim blieb vor heimischer Kulisse ohne Sieg, holte dabei nur sechs Unentschieden. 20 der 26 Punkte holten die Blau-Schwarzen in den Ausw\u00e4rtsspielen. Diese ungew\u00f6hnliche Diskrepanz ist nat\u00fcrlich auch Thema in den Antworten, die uns Trainer Steffen Wittig geschickt hat. Beste Torsch\u00fctzen des Aufsteigers sind mit sieben Treffern Eray Aksoy und Mihajlo Atanaskovic. Im Kreispokal war nach dem kampflosen Weiterkommen in Runde eins beim C-Ligisten FC Korea in der 2. Runde schon Schluss. Gegen Gruppenliga-Schlusslicht FFV Sportfreunde 04 setzte es eine 0:3-Niederlage.<\/p>\n<h6><span style=\"font-size: 20px;\">Wie bewertest Du den bisherigen Saisonverlauf?\u00a0<\/span><\/h6>\n<p><span style=\"font-size: 20px;\">Wir k\u00f6nnen mit dem bisherigen Saisonverlauf absolut zufrieden sein. Wir sind sehr gut in die Saison gestartet und haben fr\u00fch Punkte sammeln k\u00f6nnen. Nach 6,7 Spielen hat uns die Liga ernster genommen und wir konnten die Konstanz vom Beginn der Runde mit der jungen Mannschaft nicht halten. Wir mussten dementsprechend einige Spiele ohne Erfolg \u00fcberstehen. Zum Ende des Jahres 2024 konnten wir aber noch einige Punkte sammeln und zufrieden in die Pause gehen.\u00a0<\/span><\/p>\n<h6><span style=\"font-size: 20px;\">Wo siehst Du Verbesserungsbedarf?\u00a0<\/span><span style=\"font-size: 20px;\">\u00a0<\/span><\/h6>\n<p><span style=\"font-size: 20px;\">Wir m\u00fcssen absolut unsere Heimschw\u00e4che in den Griff bekommen. Es ist notwendig m\u00f6glichst viele Punkte zu Hause zu holen, damit wir schnellstm\u00f6glich die wichtigen Punkte gegen den Abstieg einsammeln. Unser eigenes Spiel mit dem Ball muss auch wieder in den Fokus r\u00fccken.\u00a0<\/span><\/p>\n<h6><span style=\"font-size: 20px;\">Wie lautet das Saisonziel?\u00a0<\/span><\/h6>\n<p><span style=\"font-size: 20px;\">Absolutes Topziel ist es die notwendigen Punkte gegen den Abstieg schnellstm\u00f6glich zu holen, um mit dem Abstieg nichts zu tun zu haben und eine ruhige Restrunde spielen zu k\u00f6nnen. Weiterhin steht auch die Weiterentwicklung des jungen Teams im Vordergrund.\u00a0<\/span><\/p>\n<h6><span style=\"font-size: 20px;\">Gibt es Ver\u00e4nderungen im Kader?\u00a0<\/span><\/h6>\n<p><span style=\"font-size: 20px;\">Aktuell keine gro\u00dfen Ver\u00e4nderungen geplant.\u00a0<\/span><\/p>\n<h6><span style=\"font-size: 20px;\">Vereinbarte Testspiele:\u00a0<\/span><\/h6>\n<p><span style=\"font-size: 20px;\">26. Januar, 15 Uhr: 1. FC 04 Oberursel (H), 2. Februar, 15 Uhr: FC Tempo (H), 11. Februar 20 Uhr: 1. FC-TSG K\u00f6nigstein (H), 16. Februar 18 Uhr: Spvgg. Ro\u00dfdorf (A), 23. Februar 15 Uhr: SC Viktoria Heldenbergen (H).<\/span><\/p>\n<h6><span style=\"font-size: 20px;\">Saison-Restart:\u00a0<\/span><\/h6>\n<p><span style=\"font-size: 20px;\">FC Germania Enkheim &#8211; FC Croatia (Samstag, 1. M\u00e4rz 15 Uhr).\u00a0\u00a0<\/span><\/p>\n","protected":false},"excerpt":{"rendered":"<p>Der zweite Kreisoberligist in unserer Serie ist Aufsteiger FC Germania Enkheim, der im Sommer nach f\u00fcnf Jahren in der Kreisliga A den Wiederaufstieg schaffte. Zur Winterpause stehen die Enkheimer vor allem dank ihrer Ausw\u00e4rtsst\u00e4rke mit 26 Punkten auf dem soliden achten Platz.\u00a0 Enkheim blieb vor heimischer Kulisse ohne Sieg, holte dabei nur sechs Unentschieden. 20 [&hellip;]<\/p>\n","protected":false},"author":1,"featured_media":23233,"comment_status":"closed","ping_status":"closed","sticky":true,"template":"","format":"standard","meta":{"footnotes":""},"categories":[2],"tags":[],"class_list":["post-23273","post","type-post","status-publish","format-standard","has-post-thumbnail","hentry","category-kreisoberliga-frankfurt"],"_links":{"self":[{"href":"https:\/\/insideamateurfussball-ffm.de\/index.php?rest_route=\/wp\/v2\/posts\/23273","targetHints":{"allow":["GET"]}}],"collection":[{"href":"https:\/\/insideamateurfussball-ffm.de\/index.php?rest_route=\/wp\/v2\/posts"}],"about":[{"href":"https:\/\/insideamateurfussball-ffm.de\/index.php?rest_route=\/wp\/v2\/types\/post"}],"author":[{"embeddable":true,"href":"https:\/\/insideamateurfussball-ffm.de\/index.php?rest_route=\/wp\/v2\/users\/1"}],"replies":[{"embeddable":true,"href":"https:\/\/insideamateurfussball-ffm.de\/index.php?rest_route=%2Fwp%2Fv2%2Fcomments&post=23273"}],"version-history":[{"count":3,"href":"https:\/\/insideamateurfussball-ffm.de\/index.php?rest_route=\/wp\/v2\/posts\/23273\/revisions"}],"predecessor-version":[{"id":23277,"href":"https:\/\/insideamateurfussball-ffm.de\/index.php?rest_route=\/wp\/v2\/posts\/23273\/revisions\/23277"}],"wp:featuredmedia":[{"embeddable":true,"href":"https:\/\/insideamateurfussball-ffm.de\/index.php?rest_route=\/wp\/v2\/media\/23233"}],"wp:attachment":[{"href":"https:\/\/insideamateurfussball-ffm.de\/index.php?rest_route=%2Fwp%2Fv2%2Fmedia&parent=23273"}],"wp:term":[{"taxonomy":"category","embeddable":true,"href":"https:\/\/insideamateurfussball-ffm.de\/index.php?rest_route=%2Fwp%2Fv2%2Fcategories&post=23273"},{"taxonomy":"post_tag","embeddable":true,"href":"https:\/\/insideamateurfussball-ffm.de\/index.php?rest_route=%2Fwp%2Fv2%2Ftags&post=23273"}],"curies":[{"name":"wp","href":"https:\/\/api.w.org\/{rel}","templated":true}]}}