{"id":23270,"date":"2025-01-08T14:22:35","date_gmt":"2025-01-08T13:22:35","guid":{"rendered":"https:\/\/insideamateurfussball-ffm.de\/?p=23270"},"modified":"2025-01-31T16:23:54","modified_gmt":"2025-01-31T15:23:54","slug":"kalbach-hat-verbandsliga-im-visier","status":"publish","type":"post","link":"https:\/\/insideamateurfussball-ffm.de\/?p=23270","title":{"rendered":"Kalbach hat Verbandsliga im Visier"},"content":{"rendered":"<h4>Nach einer sehr guten Saison bis zur Winterpause kann Kalbach das Ziel Verbandsliga-Aufstieg bereits sehen, nach knapp 2\/3 der Saison haben die Frankfurter immerhin einen Vorsprung von 10 Punkten auf den Tabellenzweiten.<\/h4>\n<figure id=\"attachment_23235\" aria-describedby=\"caption-attachment-23235\" style=\"width: 1280px\" class=\"wp-caption alignnone\"><img loading=\"lazy\" decoding=\"async\" class=\"wp-image-23235 size-full\" src=\"http:\/\/insideamateurfussball-ffm.de\/wp-content\/uploads\/2025\/01\/fckalbach.jpg\" alt=\"\" width=\"1280\" height=\"720\" srcset=\"https:\/\/insideamateurfussball-ffm.de\/wp-content\/uploads\/2025\/01\/fckalbach.jpg 1280w, https:\/\/insideamateurfussball-ffm.de\/wp-content\/uploads\/2025\/01\/fckalbach-300x169.jpg 300w, https:\/\/insideamateurfussball-ffm.de\/wp-content\/uploads\/2025\/01\/fckalbach-1024x576.jpg 1024w, https:\/\/insideamateurfussball-ffm.de\/wp-content\/uploads\/2025\/01\/fckalbach-768x432.jpg 768w\" sizes=\"auto, (max-width: 1280px) 100vw, 1280px\" \/><figcaption id=\"caption-attachment-23235\" class=\"wp-caption-text\">Grafik: MZ<\/figcaption><\/figure>\n<p><img loading=\"lazy\" decoding=\"async\" class=\"alignnone size-full wp-image-16\" src=\"http:\/\/insideamateurfussball-ffm.de\/wp-content\/uploads\/2021\/11\/kalbach-wappen.jpg\" alt=\"\" width=\"80\" height=\"80\" \/><\/p>\n<p>Nach dem knapp verpassten Aufstieg in die Verbandsliga in der letzten Saison, Kalbach verlor das Relegationsendspiel gegen den VfR Gro\u00df-Gerau, wollten die Kalbacher erneut angreifen, sie wurden von fast allen Mannschaften auch als Favorit genannt. Und sie kamen gut in die Saison, nach vier Siegen zu Beginn standen sie gleich von Anfang an als Tabellenf\u00fchrer an der Spitze, ehe am f\u00fcnften Spieltag zu Hause gegen den T\u00fcrkischen SV Bad Nauheim beim 2:2 die ersten Punkte abgegeben wurde. Im Hessenpokal musste der FC Kalbach eine 2:5-Heimniederlage gegen den Hessenligisten Bayern Alzenau einstecken.<\/p>\n<p>In der Liga folgten 4 weitere Siege, bis es die Mannschaft vom Hopfenbrunnen auch in der Liga erwischte, gegen den SV Bosnien\/Herzegowina gab es ungl\u00fccklich mit 3:4 die einzige Niederlage bis zur Winterpause. Bis jetzt kamen die Kalbacher in 20 Spielen bei 15 Siegen, 4 Unentschieden und einer Niederlage auf 49 Punkte, damit ist man in der Tabelle 10 Punkte vor dem FC Karben, dem 6 Punkte wegen fehlendem Unterbau angezogen wurden. Der FSV Friedrichsdorf kann noch durch ein Spiel weniger auf 9 Punkte herankommen, das direkte Duell hat Kalbach allerdings schon f\u00fcr sich entschieden.<\/p>\n<p>Die Mannschaft von Trainer Aze-Dine Zarioh hat in der Gruppenliga mit Karben zusammen bei 64 Toren sowohl die st\u00e4rkste Offensive als auch mit 22 Gegentoren die beste Defensive, mit Achraf Gara Ali f\u00fchrt auch ein Kalbacher die Torsch\u00fctzenliste an, der trotz einiger verletzungsbedingten Ausf\u00e4lle auf 18 Saisontore kommt, unterst\u00fctzt wird er vom Neuzugang Ihab Suleiman, der bereits 12mal treffen konnte,<\/p>\n<p>Auch im Kreispokal steht Titelverteidiger Kalbach im Viertelfinale vor einer l\u00f6sbaren Aufgabe mit dem Kreisoberligisten 1.R\u00f6delheimer FC 02, eine Titelverteidigung ist im Bereich des Machbaren, wobei der Aufstieg in die Verbandsliga sicherlich Priorit\u00e4t genie\u00dft.<\/p>\n<p>Die Fragen im Rahmen der Winterserie beantwortete uns Manni Meyer, Mitglied der Sportlichen Leitung.<\/p>\n<h3><strong>Wie bewertet ihr den Verlauf dieser Saison bis zur Winterpause?<\/strong><\/h3>\n<p>Es ist nicht mit Worten zu beschreiben, was das Trainerteam und die Mannschaft in dem Verlauf der Vorrunde im Jahr 2024 geleistet hat.<\/p>\n<p>Allein die Einstellung vom Team, zu jedem Spiel topfit zu sein und mit dem n\u00f6tigen Ehrgeiz auf die 90 Minuten zu fokussieren, das habe ich lange nicht mehr wahrgenommen.<\/p>\n<h3>\u00a0<strong>Wo seht ihr f\u00fcr euch noch Verbesserungsm\u00f6glichkeiten?<\/strong><\/h3>\n<p>Dass alle Spieler konstant zum Training erscheinen, dass der Physio \u00f6fter am Donnerstag die Spieler betreut und dass die Lockerheit im t\u00e4glichen Umgang miteinander bleibt.<\/p>\n<h3><strong>Welche Ziele habt ihr f\u00fcr den restlichen Saisonverlauf?<\/strong><\/h3>\n<p>Da gibt es nur ein Ziel, das hei\u00dft, die Saison 2024\/25 erfolgreich zu beenden.<\/p>\n<h3><strong>Welche Ver\u00e4nderungen im Kader gibt es in der Winterpause?<\/strong><\/h3>\n<p>Wir haben zwei neue Spieler vom FC R\u00f6delheim dazu bekommen.<\/p>\n<p>Das sind die Br\u00fcder El Idrissi Errahhali Omar und Mohamed.<\/p>\n<p>Pos.RV und Rechts Vorne.<\/p>\n<p>Abg\u00e4nge: Oleg Huwa (TuS Nieder-Eschbach), Irgi Zenali (Kickers Obertshausen).<\/p>\n<p><strong>Ver\u00f6ffentlichte Testspiele (Daten von fussball.de):<\/strong><\/p>\n<p>26.01.25, 14:30 Uhr: SKV B\u00fcttelborn \u2013 FC Kalbach<\/p>\n<p>02.02.25, 15:00 Uhr: FC Kalbach \u2013 SG RW Frankfurt<\/p>\n<p>04.02.25: 20:00 Uhr: FC Kalbach \u2013 T\u00fcrkg\u00fcc\u00fc Friedberg<\/p>\n<p>09.02.25, 15:00 Uhr: VfR Gro\u00df-Gerau \u2013 FC Kalbach<\/p>\n<p>13.02.25, 20:00 Uhr: FC Tempo \u2013 FC Kalbach<\/p>\n<p>16.02.25, 15:00 Uhr: FC Kalbach \u2013 1.FC Langen<\/p>\n<p>18.02.25, 20:00 Uhr: FC Kalbach \u2013 FC Germania 08 Ginnheim<\/p>\n<p><strong>Kreispokal, Viertelfinale:<\/strong><\/p>\n<p>23.02.25, 15:00 Uhr: 1.R\u00f6delheimer FC 02 \u2013 FC Kalbach<\/p>\n<p><strong>Saisonrestart:<\/strong><\/p>\n<p>01.03.25: FG Seckbach \u2013 FC Kalbach<\/p>\n<p>Datum und Uhrzeit des Spiels gegen Seckbach sind aber noch unklar und werden bei der Gruppenligabesprechung festgelegt.<\/p>\n","protected":false},"excerpt":{"rendered":"<p>Nach einer sehr guten Saison bis zur Winterpause kann Kalbach das Ziel Verbandsliga-Aufstieg bereits sehen, nach knapp 2\/3 der Saison haben die Frankfurter immerhin einen Vorsprung von 10 Punkten auf den Tabellenzweiten. Nach dem knapp verpassten Aufstieg in die Verbandsliga in der letzten Saison, Kalbach verlor das Relegationsendspiel gegen den VfR Gro\u00df-Gerau, wollten die Kalbacher [&hellip;]<\/p>\n","protected":false},"author":3,"featured_media":23235,"comment_status":"closed","ping_status":"open","sticky":true,"template":"","format":"standard","meta":{"footnotes":""},"categories":[13],"tags":[],"class_list":["post-23270","post","type-post","status-publish","format-standard","has-post-thumbnail","hentry","category-gruppenliga-frankfurt-west"],"_links":{"self":[{"href":"https:\/\/insideamateurfussball-ffm.de\/index.php?rest_route=\/wp\/v2\/posts\/23270","targetHints":{"allow":["GET"]}}],"collection":[{"href":"https:\/\/insideamateurfussball-ffm.de\/index.php?rest_route=\/wp\/v2\/posts"}],"about":[{"href":"https:\/\/insideamateurfussball-ffm.de\/index.php?rest_route=\/wp\/v2\/types\/post"}],"author":[{"embeddable":true,"href":"https:\/\/insideamateurfussball-ffm.de\/index.php?rest_route=\/wp\/v2\/users\/3"}],"replies":[{"embeddable":true,"href":"https:\/\/insideamateurfussball-ffm.de\/index.php?rest_route=%2Fwp%2Fv2%2Fcomments&post=23270"}],"version-history":[{"count":3,"href":"https:\/\/insideamateurfussball-ffm.de\/index.php?rest_route=\/wp\/v2\/posts\/23270\/revisions"}],"predecessor-version":[{"id":23430,"href":"https:\/\/insideamateurfussball-ffm.de\/index.php?rest_route=\/wp\/v2\/posts\/23270\/revisions\/23430"}],"wp:featuredmedia":[{"embeddable":true,"href":"https:\/\/insideamateurfussball-ffm.de\/index.php?rest_route=\/wp\/v2\/media\/23235"}],"wp:attachment":[{"href":"https:\/\/insideamateurfussball-ffm.de\/index.php?rest_route=%2Fwp%2Fv2%2Fmedia&parent=23270"}],"wp:term":[{"taxonomy":"category","embeddable":true,"href":"https:\/\/insideamateurfussball-ffm.de\/index.php?rest_route=%2Fwp%2Fv2%2Fcategories&post=23270"},{"taxonomy":"post_tag","embeddable":true,"href":"https:\/\/insideamateurfussball-ffm.de\/index.php?rest_route=%2Fwp%2Fv2%2Ftags&post=23270"}],"curies":[{"name":"wp","href":"https:\/\/api.w.org\/{rel}","templated":true}]}}