{"id":23267,"date":"2025-01-07T18:32:22","date_gmt":"2025-01-07T17:32:22","guid":{"rendered":"https:\/\/insideamateurfussball-ffm.de\/?p=23267"},"modified":"2025-01-07T18:34:46","modified_gmt":"2025-01-07T17:34:46","slug":"germania-94-verspuert-keinen-aufstiegsdruck","status":"publish","type":"post","link":"https:\/\/insideamateurfussball-ffm.de\/?p=23267","title":{"rendered":"Germania 94 versp\u00fcrt keinen Aufstiegsdruck"},"content":{"rendered":"<h4>Der erste Kreisoberligist, den wir im Rahmen unserer Winterserie unter die Lupe nehmen, ist der VfL Germania 94. Der Verein vom Mainwasen steht zur Winterpause auf Rang zwei mit nur einem Punkt weniger als Spitzenreiter FC Kosova, der jedoch eine Partie weniger ausgetragen hat.<\/h4>\n<figure id=\"attachment_23237\" aria-describedby=\"caption-attachment-23237\" style=\"width: 1280px\" class=\"wp-caption alignnone\"><img loading=\"lazy\" decoding=\"async\" class=\"wp-image-23237 size-full\" src=\"http:\/\/insideamateurfussball-ffm.de\/wp-content\/uploads\/2025\/01\/germania.jpg\" alt=\"\" width=\"1280\" height=\"720\" srcset=\"https:\/\/insideamateurfussball-ffm.de\/wp-content\/uploads\/2025\/01\/germania.jpg 1280w, https:\/\/insideamateurfussball-ffm.de\/wp-content\/uploads\/2025\/01\/germania-300x169.jpg 300w, https:\/\/insideamateurfussball-ffm.de\/wp-content\/uploads\/2025\/01\/germania-1024x576.jpg 1024w, https:\/\/insideamateurfussball-ffm.de\/wp-content\/uploads\/2025\/01\/germania-768x432.jpg 768w\" sizes=\"auto, (max-width: 1280px) 100vw, 1280px\" \/><figcaption id=\"caption-attachment-23237\" class=\"wp-caption-text\">Grafik: MZ.<\/figcaption><\/figure>\n<p><img loading=\"lazy\" decoding=\"async\" class=\"alignnone size-full wp-image-508\" src=\"http:\/\/insideamateurfussball-ffm.de\/wp-content\/uploads\/2022\/05\/Germania-94.jpg\" alt=\"\" width=\"80\" height=\"80\" \/><\/p>\n<p>In der Vorsaison belegte der \u00e4lteste Fu\u00dfballverein Frankfurts im ersten Jahr nach dem Aufstieg den dritten Tabellenplatz. Zur neuen Saison \u00fcbernahm der bisherige Co-Trainer Siar Daudi das Cheftraineramt von Hasan Basci und fungierte gleichzeitig als Sportlicher Leiter. Der Beginn der Saison verlief nicht wie erhofft und so gab es nach dem 2:2 beim Aufsteiger FC Posavina eine 0:2-Heimniederlage gegen Union Niederrrad. Erst am 3. Spieltag gl\u00fcckte mit dem 3:2 beim Neuling BSC SW 19 der erste Sieg.<\/p>\n<p>Insgesamt wurden aus den ersten vier Begegnungen nur f\u00fcnf Punkte geholt. Dann aber kam die Germania ab Anfang September mit drei Siegen in Folge in Fahrt, darunter dem 3:2 gegen den bis dato verlustpunktfreien Tabellenf\u00fchrer TuS Makkabi.<\/p>\n<blockquote>\n<h4>F\u00fcnf Partien ohne Gegentreffer<\/h4>\n<\/blockquote>\n<p>Im Oktober gab es gegen Kosova (1:2) und Griesheim 02 (0:1) zwei Niederlagen, sieben Siege in Folge bis zur Winterpause, dabei die Triumphe gegen die direkten Konkurrenten FC Kosova (4:2) und Makkabi (3:0) brachten die 94er in diese nun hervorragende Ausgangsposition. Die meisten Spiele absolvierte Torh\u00fcter Anton Harbrecht, der in den 19 Spielen alle 1710 offiziellen Spielminuten zwischen den Pfosten stand.<\/p>\n<p>Torj\u00e4ger der Mannschaft ist Asmir Hajdarovic mit 16 Treffern. 50 Tore erzielte das Team insgesamt, kassierte mit Spitzenreiter Kosova (beide 26 Tore) die wenigsten Gegentreffer. Insgesamt blieb die Germania in f\u00fcnf Partien ohne Gegentreffer.<\/p>\n<p>Unsere Fragen hat Trainer Siar Daudi beantwortet.<\/p>\n<blockquote>\n<h4>Wie bewertest Du den bisherigen Saisonverlauf?<\/h4>\n<\/blockquote>\n<p>Der Saisonverlauf ist in Ordnung trotz der vielen Umstellungen und Umbr\u00fcche im Sommer. Trotz der vielen H\u00fcrden bin ich als Verantwortlicher sehr zufrieden mit den Leistungen der Mannschaft und der Platzierung in der Tabelle. In den letzten Wochen vor der Winterpause haben wir gegen direkte Konkurrenten dominiert und tolle Ergebnisse erzielt. Von daher ein riesengro\u00dfes Lob und Kompliment an unsere Spieler.<\/p>\n<blockquote>\n<h4>Wo siehst Du Verbesserungsm\u00f6glichkeiten?<\/h4>\n<\/blockquote>\n<p>Um ehrlich zu sein weniger im sportlichen Bereich, da leisten die Jungs und auch wir im Trainerteam eine tolle Arbeit. Wir haben eine tolle Entwicklung hingelegt. Verbesserungsm\u00f6glichkeiten sehe ich eher neben dem Platz und hinter den Kulissen. Aufgrund des Vorstandswechsels im Sommer gibt es einige organisatorische Elemente im Vereinsleben, die wir hoffentlich besser hinbekommen als im Sommer. Ich denke, dass es jetzt ruhiger zugehen wird als im Sommer nach der \u00dcbernahme durch den neuen Vorstand. Da habe ich die Hoffnung, dass wir dann fokussierter arbeiten k\u00f6nnen.<\/p>\n<blockquote>\n<h4>Welche Ziele habt ihr f\u00fcr die restliche Saison?<\/h4>\n<\/blockquote>\n<p>Einfach von Spiel zu Spiel nicht nur tolle Ergebnisse einfahren, sondern vor allem auch dominanten, sch\u00f6nen Fu\u00dfball spielen, sodass die Zuschauer auch etwas davon haben und wir ihnen ein Erlebnis bieten k\u00f6nnen. Das haben wir in den letzten Wochen vor der Winterpause sehr gut hinbekommen. Unsere Spiele waren recht gut besucht und es gab viel Lob f\u00fcr die Art und Weise wie wir gespielt haben. Das gilt es in der R\u00fcckrunde umzusetzen. Wir wollen einen tollen Fu\u00dfball bieten und als Mannschaft eine gute Figur abgeben. Wir haben keinen Druck und m\u00fcssen nicht aufsteigen, intern hatten wir ganz andere Ziele. Sollte es am Ende doch klappen mit dem Aufstieg, dann h\u00e4tten die Jungs sich das verdient.<\/p>\n<blockquote>\n<h4>Gibt es Ver\u00e4nderungen im Kader?<\/h4>\n<\/blockquote>\n<p>Claudio Acquasanta schlie\u00dft sich dem A-Ligisten FV Hausen an (neuer Trainer Ex-Germania-Coach Hasan Basci, Anmerkung der Redaktion). Oguz Akkas muss aus privaten Gr\u00fcnden k\u00fcrzertreten. Wir haben zwei junge Spieler, die schon bei uns mittrainiert haben und die einen guten Eindruck hinterlassen haben. Es handelt sich um junge Spieler, die sich entwickeln k\u00f6nnen. Au\u00dferdem steigt der erfahrene Mert Alemdar (fr\u00fcher FC Mainfeld) wieder ein.<\/p>\n<blockquote>\n<h4>Testspielprogramm (Fussball.de):<\/h4>\n<\/blockquote>\n<p>26. Januar, 14.30 Uhr: VfR Hainchen (H)<\/p>\n<p>2. Februar, 15 Uhr: FC Olympia Fauerbach (A)<\/p>\n<p>9. Februar, 14.30 Uhr: Ilirida Offenbach (H)<\/p>\n<p>16. Februar 14.30 Uhr: SV Eritrea (H)<\/p>\n<p>23. Februar 14.30 Uhr: SC Eschborn (H).<\/p>\n<blockquote>\n<h4>Saison-Restart:<\/h4>\n<\/blockquote>\n<p>VfL Germania 94 &#8211; BSC Schwarz-Wei\u00df 19 (Samstag, 1. M\u00e4rz, 15.30 Uhr).<\/p>\n<h4><\/h4>\n","protected":false},"excerpt":{"rendered":"<p>Der erste Kreisoberligist, den wir im Rahmen unserer Winterserie unter die Lupe nehmen, ist der VfL Germania 94. Der Verein vom Mainwasen steht zur Winterpause auf Rang zwei mit nur einem Punkt weniger als Spitzenreiter FC Kosova, der jedoch eine Partie weniger ausgetragen hat. In der Vorsaison belegte der \u00e4lteste Fu\u00dfballverein Frankfurts im ersten Jahr [&hellip;]<\/p>\n","protected":false},"author":1,"featured_media":23237,"comment_status":"closed","ping_status":"closed","sticky":true,"template":"","format":"standard","meta":{"footnotes":""},"categories":[2],"tags":[],"class_list":["post-23267","post","type-post","status-publish","format-standard","has-post-thumbnail","hentry","category-kreisoberliga-frankfurt"],"_links":{"self":[{"href":"https:\/\/insideamateurfussball-ffm.de\/index.php?rest_route=\/wp\/v2\/posts\/23267","targetHints":{"allow":["GET"]}}],"collection":[{"href":"https:\/\/insideamateurfussball-ffm.de\/index.php?rest_route=\/wp\/v2\/posts"}],"about":[{"href":"https:\/\/insideamateurfussball-ffm.de\/index.php?rest_route=\/wp\/v2\/types\/post"}],"author":[{"embeddable":true,"href":"https:\/\/insideamateurfussball-ffm.de\/index.php?rest_route=\/wp\/v2\/users\/1"}],"replies":[{"embeddable":true,"href":"https:\/\/insideamateurfussball-ffm.de\/index.php?rest_route=%2Fwp%2Fv2%2Fcomments&post=23267"}],"version-history":[{"count":2,"href":"https:\/\/insideamateurfussball-ffm.de\/index.php?rest_route=\/wp\/v2\/posts\/23267\/revisions"}],"predecessor-version":[{"id":23269,"href":"https:\/\/insideamateurfussball-ffm.de\/index.php?rest_route=\/wp\/v2\/posts\/23267\/revisions\/23269"}],"wp:featuredmedia":[{"embeddable":true,"href":"https:\/\/insideamateurfussball-ffm.de\/index.php?rest_route=\/wp\/v2\/media\/23237"}],"wp:attachment":[{"href":"https:\/\/insideamateurfussball-ffm.de\/index.php?rest_route=%2Fwp%2Fv2%2Fmedia&parent=23267"}],"wp:term":[{"taxonomy":"category","embeddable":true,"href":"https:\/\/insideamateurfussball-ffm.de\/index.php?rest_route=%2Fwp%2Fv2%2Fcategories&post=23267"},{"taxonomy":"post_tag","embeddable":true,"href":"https:\/\/insideamateurfussball-ffm.de\/index.php?rest_route=%2Fwp%2Fv2%2Ftags&post=23267"}],"curies":[{"name":"wp","href":"https:\/\/api.w.org\/{rel}","templated":true}]}}