{"id":23263,"date":"2025-01-06T13:18:40","date_gmt":"2025-01-06T12:18:40","guid":{"rendered":"https:\/\/insideamateurfussball-ffm.de\/?p=23263"},"modified":"2025-01-06T13:18:40","modified_gmt":"2025-01-06T12:18:40","slug":"seckbachs-ziel-bleiben-die-top-5","status":"publish","type":"post","link":"https:\/\/insideamateurfussball-ffm.de\/?p=23263","title":{"rendered":"Seckbachs Ziel bleiben die Top 5"},"content":{"rendered":"<h4>Die FG Seckbach ist eine der \u00dcberraschungsmannschaften der Saison, die zwei komplette Monate ungeschlagen blieb, zwei Heimniederlagen vor der Winterpause tr\u00fcben etwas den guten Gesamteindruck.<\/h4>\n<figure id=\"attachment_23252\" aria-describedby=\"caption-attachment-23252\" style=\"width: 1280px\" class=\"wp-caption alignnone\"><img loading=\"lazy\" decoding=\"async\" class=\"wp-image-23252 size-full\" src=\"http:\/\/insideamateurfussball-ffm.de\/wp-content\/uploads\/2025\/01\/seckbach.jpg\" alt=\"\" width=\"1280\" height=\"720\" srcset=\"https:\/\/insideamateurfussball-ffm.de\/wp-content\/uploads\/2025\/01\/seckbach.jpg 1280w, https:\/\/insideamateurfussball-ffm.de\/wp-content\/uploads\/2025\/01\/seckbach-300x169.jpg 300w, https:\/\/insideamateurfussball-ffm.de\/wp-content\/uploads\/2025\/01\/seckbach-1024x576.jpg 1024w, https:\/\/insideamateurfussball-ffm.de\/wp-content\/uploads\/2025\/01\/seckbach-768x432.jpg 768w\" sizes=\"auto, (max-width: 1280px) 100vw, 1280px\" \/><figcaption id=\"caption-attachment-23252\" class=\"wp-caption-text\">Grafik: MZ<\/figcaption><\/figure>\n<p><img loading=\"lazy\" decoding=\"async\" class=\"alignnone size-full wp-image-544\" src=\"http:\/\/insideamateurfussball-ffm.de\/wp-content\/uploads\/2022\/06\/Seckbach.jpg\" alt=\"\" width=\"80\" height=\"80\" \/><\/p>\n<p>Die FG Seckbach startete mit der Zielsetzung in die Saison, tabellarisch sich unter den TOP 6 anzusiedeln, das Ziel wurde bisher eindrucksvoll erreicht, sogar der Sprung auf Platz 2 war m\u00f6glich. Dabei verlief der Start in die Saison sehr durchwachsen, zwei Unentschieden gegen Oberrad und Fechenheim folgte eine derbe 3:10-Klatsche beim FC Kalbach.<\/p>\n<p>Seckbach nutzte das folgende spielfreie Wochenende, um sich taktisch etwas neu aufzustellen, der September begann dann mit zwei 1:0-Ausw\u00e4rtssiegen in Neu-Anspach und beim FC Karben. Dies l\u00e4utete eine \u00fcberragende Serie ein, im September und Oktober blieb die Mannschaft ungeschlagen bei 9 Siegen und drei Unentschieden in der Liga, ehe die Serie im November mit einer Heimniederlage gegen den FC Kaichen riss. Auch im Kreispokal konnte man in der 2.Runde den favorisierten Verbandsligisten RW Frankfurt nach 0:2-R\u00fcckstand noch 4:2 besiegen und steht derzeit im Viertelfinale.<\/p>\n<p>Vor allen Dingen ausw\u00e4rts konnte die FG \u00fcberzeigen und ist hinter Kalbach mit 24 Punkten die zweitbeste Ausw\u00e4rtsmannschaft. Nach dem Ende der Serie folgten im Dezember leider noch zwei Heimniederlagen gegen den SV Bosnien\/Herzegowina und gegen den FC Karben, damit beendete die FG die Serie bis zur Winterpause mit 36 Punkten auf dem 5.Tabellenplatz mit drei Punkten Abstand zum Relegationsplatz.<\/p>\n<p>Auch in dieser Saison ist Florian Schuberth mit 16 Toren bester Torsch\u00fctze und liegt damit auf Platz 2 der Torsch\u00fctzenliste. Durch den Neubau des Kunstrasenplatzes hat Seckbach bisher erst 9 Heimspiele und 11 Ausw\u00e4rtsspiele ausgetragen.<\/p>\n<p>Die Fragen im Rahmen der Winterserie beantwortete uns Spieler-Trainer Manuel May.<\/p>\n<h3><strong>Wie bewertet ihr den Verlauf dieser Saison bis zur Winterpause?<\/strong><\/h3>\n<p>Wir spielen eine sehr ordentliche Runde. Bis auf die zwei Ausrutscher gegen Kalbach und Bosnien haben wir uns stabilisiert. Man sieht eine Entwicklung, und das ist wichtig.<\/p>\n<h3><strong>Wo seht ihr f\u00fcr euch noch Verbesserungsm\u00f6glichkeiten?<\/strong><\/h3>\n<p>Verbessern kann und sollte man sich in vielen Bereichen. Ein wichtiger Punkt ist die Anzahl der Gegentore, die wir definitiv reduzieren m\u00fcssen.<\/p>\n<h3><strong>Welche Ziele habt ihr f\u00fcr den restlichen Saisonverlauf?<\/strong><\/h3>\n<p>Wir wollen versuchen, unser Saisonziel (Platz 1-5) zu erreichen. Es wird eine schwere Aufgabe, eine echte Herausforderung, aber der wollen wir uns stellen.<\/p>\n<h3><strong>Welche Ver\u00e4nderungen im Kader gibt es in der Winterpause?<\/strong><\/h3>\n<p>Mit Cord Beumer verl\u00e4sst uns eine erfahrene St\u00fctze aus dem Defensiv-Verbund. Er wird aus privaten und beruflichen Gr\u00fcnden Frankfurt verlassen.<\/p>\n<p>Alieu Sanneh Dampha wird uns aufgrund eines Auslandssemesters auf unbestimmte Zeit nicht zu Verf\u00fcgung stehen.<\/p>\n<p>Dazu kommen hingegen Nikolas Nareike und Yunus Oezbek (R\u00fcckkehr Studium\u00a0aus\u00a0den\u00a0USA).<\/p>\n<p><strong>Ver\u00f6ffentlichte Testspiele (Daten von fussball.de)<\/strong>:<\/p>\n<p>26.01.25, 14:00 Uhr: FG Seckbach \u2013 1.FC 09 Oberstedten<\/p>\n<p>28.01.25, 20:00 Uhr: FG Seckbach \u2013 Spvgg. 02 Griesheim<\/p>\n<p>02.02.25, 15:00 Uhr: FG Seckbach \u2013 SG Bornheim<\/p>\n<p>08.02.25, 14:00 Uhr: FG Seckbach \u2013 SKV RW Darmstadt<\/p>\n<p>16.02.25, 15:00 Uhr: FG Seckbach \u2013 Kickers Obertshausen<\/p>\n<p><strong>Kreispokal, Viertelfinale:<\/strong><\/p>\n<p>23.02.25, 15:00 Uhr: FG Seckbach \u2013 Spvgg. 03 Fechenheim<\/p>\n<p><strong>Saisonrestart:<\/strong><\/p>\n<p>01.03.25: FG Seckbach \u2013 FC Kalbach<\/p>\n<p>Datum und Uhrzeit des Spiels gegen Kalbach sind aber noch unklar und werden bei der Gruppenligabesprechung festgelegt.<\/p>\n","protected":false},"excerpt":{"rendered":"<p>Die FG Seckbach ist eine der \u00dcberraschungsmannschaften der Saison, die zwei komplette Monate ungeschlagen blieb, zwei Heimniederlagen vor der Winterpause tr\u00fcben etwas den guten Gesamteindruck. Die FG Seckbach startete mit der Zielsetzung in die Saison, tabellarisch sich unter den TOP 6 anzusiedeln, das Ziel wurde bisher eindrucksvoll erreicht, sogar der Sprung auf Platz 2 war [&hellip;]<\/p>\n","protected":false},"author":3,"featured_media":23252,"comment_status":"closed","ping_status":"open","sticky":true,"template":"","format":"standard","meta":{"footnotes":""},"categories":[13],"tags":[],"class_list":["post-23263","post","type-post","status-publish","format-standard","has-post-thumbnail","hentry","category-gruppenliga-frankfurt-west"],"_links":{"self":[{"href":"https:\/\/insideamateurfussball-ffm.de\/index.php?rest_route=\/wp\/v2\/posts\/23263","targetHints":{"allow":["GET"]}}],"collection":[{"href":"https:\/\/insideamateurfussball-ffm.de\/index.php?rest_route=\/wp\/v2\/posts"}],"about":[{"href":"https:\/\/insideamateurfussball-ffm.de\/index.php?rest_route=\/wp\/v2\/types\/post"}],"author":[{"embeddable":true,"href":"https:\/\/insideamateurfussball-ffm.de\/index.php?rest_route=\/wp\/v2\/users\/3"}],"replies":[{"embeddable":true,"href":"https:\/\/insideamateurfussball-ffm.de\/index.php?rest_route=%2Fwp%2Fv2%2Fcomments&post=23263"}],"version-history":[{"count":3,"href":"https:\/\/insideamateurfussball-ffm.de\/index.php?rest_route=\/wp\/v2\/posts\/23263\/revisions"}],"predecessor-version":[{"id":23266,"href":"https:\/\/insideamateurfussball-ffm.de\/index.php?rest_route=\/wp\/v2\/posts\/23263\/revisions\/23266"}],"wp:featuredmedia":[{"embeddable":true,"href":"https:\/\/insideamateurfussball-ffm.de\/index.php?rest_route=\/wp\/v2\/media\/23252"}],"wp:attachment":[{"href":"https:\/\/insideamateurfussball-ffm.de\/index.php?rest_route=%2Fwp%2Fv2%2Fmedia&parent=23263"}],"wp:term":[{"taxonomy":"category","embeddable":true,"href":"https:\/\/insideamateurfussball-ffm.de\/index.php?rest_route=%2Fwp%2Fv2%2Fcategories&post=23263"},{"taxonomy":"post_tag","embeddable":true,"href":"https:\/\/insideamateurfussball-ffm.de\/index.php?rest_route=%2Fwp%2Fv2%2Ftags&post=23263"}],"curies":[{"name":"wp","href":"https:\/\/api.w.org\/{rel}","templated":true}]}}