{"id":23213,"date":"2025-01-05T12:06:03","date_gmt":"2025-01-05T11:06:03","guid":{"rendered":"https:\/\/insideamateurfussball-ffm.de\/?p=23213"},"modified":"2025-01-05T17:26:15","modified_gmt":"2025-01-05T16:26:15","slug":"tuerkguecue-hofft-auf-direkten-klassenerhalt","status":"publish","type":"post","link":"https:\/\/insideamateurfussball-ffm.de\/?p=23213","title":{"rendered":"T\u00fcrkg\u00fcc\u00fc hofft auf direkten Klassenerhalt"},"content":{"rendered":"<h4>Erster Verein in unserer Winterserie ist der Aufsteiger in die Gruppenliga Frankfurt West, T\u00fcrkg\u00fcc\u00fc Frankfurt, dessen Trainer Hakan Tekin sehr schnell war und uns unsere Fragen schon kurz nach der \u00dcbermittlung beantwortete und das Ziel Klassenerhalt definierte.<\/h4>\n<figure id=\"attachment_23257\" aria-describedby=\"caption-attachment-23257\" style=\"width: 1280px\" class=\"wp-caption alignnone\"><img loading=\"lazy\" decoding=\"async\" class=\"wp-image-23257 size-full\" src=\"http:\/\/insideamateurfussball-ffm.de\/wp-content\/uploads\/2025\/01\/tuerkguecue-1.jpg\" alt=\"\" width=\"1280\" height=\"720\" srcset=\"https:\/\/insideamateurfussball-ffm.de\/wp-content\/uploads\/2025\/01\/tuerkguecue-1.jpg 1280w, https:\/\/insideamateurfussball-ffm.de\/wp-content\/uploads\/2025\/01\/tuerkguecue-1-300x169.jpg 300w, https:\/\/insideamateurfussball-ffm.de\/wp-content\/uploads\/2025\/01\/tuerkguecue-1-1024x576.jpg 1024w, https:\/\/insideamateurfussball-ffm.de\/wp-content\/uploads\/2025\/01\/tuerkguecue-1-768x432.jpg 768w\" sizes=\"auto, (max-width: 1280px) 100vw, 1280px\" \/><figcaption id=\"caption-attachment-23257\" class=\"wp-caption-text\">Grafik: MZ<\/figcaption><\/figure>\n<p><img loading=\"lazy\" decoding=\"async\" class=\"alignnone size-full wp-image-17\" src=\"http:\/\/insideamateurfussball-ffm.de\/wp-content\/uploads\/2021\/11\/Tuerkguecue.jpg\" alt=\"\" width=\"72\" height=\"80\" \/><\/p>\n<p>Aufsteiger T\u00fcrkg\u00fcc\u00fc Frankfurt ging mit dem neuen Trainer Andreas Anicic in die Saison, Ziel war ein Platz im gesicherten Mittelfeld. Nach einem spielfreien Wochenende und zwei Niederlagen zum Start gelang am vierten Spieltag gegen den FV Stierstadt der erste Sieg, danach folgten zwei Heimniederlagen. Ende August wurde der Aufsteiger dann noch auf dem Spielermarkt \u00fcberrascht, kurz vor Ende der Transferperiode holte T\u00fcrkg\u00fcc\u00fcs alter Trainer Mehmet Somun die drei Spieler Ozan Keskin, Ali \u00dczer und Muhammed Idrisoglu zum Ligakonkurrent T\u00fcrkischen SV Bad Nauheim, auf die Abg\u00e4nge konnte im Kader nicht mehr reagiert werden.<\/p>\n<p>Es folgten ausw\u00e4rts zwei Siege in Bad Homburg und beim FC Tempo, ehe es nach dem 3:3 bei den Speuzern Anfang Oktober die n\u00e4chste \u00dcberraschung gab, Trainer Andreas Anicic trat nach dem Spiel von seinem Amt zur\u00fcck. Mit Hakan Tekin konnte man schon \u00a0am selben Wochenende den Nachfolger pr\u00e4sentieren, der mit einem Sieg gegen K\u00f6nigstein in sein Amt startete. Im Pokal folgte dann im Achtelfinale das Ausscheiden gegen die Spvgg. 03 Fechenheim.<\/p>\n<p>Das Auf und Ab setzte sich fort, einem Sieg gegen den FC Kaichen und einem \u00fcberraschenden Unentschieden in Neu-Anspach standen aber auch klare Niederlagen gegen Oberrad, Fechenheim und Kalbach gegen\u00fcber.<\/p>\n<p>Zur Winterpause belegt T\u00fcrkg\u00fcc\u00fc Frankfurt den 14.Tabellenplatz, der bei zurzeit drei Direktabsteigern den Relegationsplatz bedeutet. Mit 18 Punkten liegt man punktgleich aufgrund des gewonnenen direkten Duells vor einem anderen Aufsteiger, der Spvgg. 05\/99 Bomber Bad Homburg, der FV Bad Vilbel auf dem rettenden 13.Tabellenplatz liegt aber auch nur ein Punkt entfernt.<\/p>\n<p>Die Fragen im Rahmen der Winterserie \u00a0beantwortete uns Trainer Hakan Tekin.<\/p>\n<h3>1. Wie bewertet ihr den Verlauf dieser Saison bis zur Winterpause?<\/h3>\n<p>Ich denke, nach dem Aufstieg war es lange eine Findungsphase in der Liga, die man ben\u00f6tigt hat, um die Kaderqualit\u00e4t und den eigenen Leistungsstand einordnen zu k\u00f6nnen. Nach meinem Amtsanritt war die Devise, nicht zu sehr hinten reinzurutschen und die wichtigen Punkte zu holen. Ich denke, das haben wir gemacht mir den Siegen gegen K\u00f6nigstein und Kaichen bzw. dem Punkt in Anspach.<\/p>\n<h3>2. Wo seht ihr f\u00fcr euch noch Verbesserungsm\u00f6glichkeiten?<\/h3>\n<p>Ein klarer Fokus war die Verst\u00e4rkung des Kaders in der Spitze und Breite. Insbesondere in der Offensive wollten wir nachlegen. Ebenfalls gilt der Fokus, eine gute Vorbereitung zu haben und fitter in die R\u00fcckrunde zu starten. Wir wollen mehr Tore schie\u00dfen, l\u00e4ngere Ballbesitzphasen haben und konsequenter unser Tor verteidigen.<\/p>\n<h3>3. Welche Ziele habt ihr f\u00fcr den restlichen Saisonverlauf?\u00a0<\/h3>\n<p>Klar die Klasse zu halten und uns so fr\u00fch wie m\u00f6glich einen guten Puffer zwischen uns und den Abstiegszonen zu erarbeiten.<\/p>\n<h3>4. Welche Ver\u00e4nderungen im Kader gibt es in der Winterpause?<\/h3>\n<p><span style=\"text-decoration: underline;\">Abg\u00e4nge<\/span>:<\/p>\n<p>Max Fiege (Griesheim 02)<\/p>\n<p><span style=\"text-decoration: underline;\">Zug\u00e4nge<\/span>:<\/p>\n<p>Canberk Dramali (FV Bad Vilbel)<\/p>\n<p>Fiorenzo Santoro (Griesheim 02)<\/p>\n<p>Yunus Sarikaya (Dersim R\u00fcsselsheim)<\/p>\n<p>Taha Azaitouni (Sportfreunde Bad Homburg)<\/p>\n<p>Mizuki Yamaki (SV Niedernhausen)<\/p>\n<p>Weitere Zug\u00e4nge sind m\u00f6glich<\/p>\n<p>Ver\u00f6ffentlichte Testspiele (Daten von fussball.de):<\/p>\n<p>26.01.25, 14:00 Uhr: RW Frankfurt -T\u00fcrkg\u00fcc\u00fc Frankfurt<\/p>\n<p>02.02.25, 15:00 Uhr: SG 08 Praunheim \u2013 T\u00fcrkg\u00fcc\u00fc Frankfurt<\/p>\n<p>06.02.25, 19:30 Uhr: FSC Eschborn \u2013 T\u00fcrkg\u00fcc\u00fc Frankfurt<\/p>\n<p>09.02.25, 13:30 Uhr: TuRa Niederh\u00f6chstadt II \u2013 T\u00fcrkg\u00fcc\u00fc Frankfurt<\/p>\n<p>12.02.25, 20:00 Uhr: T\u00fcrkg\u00fcc\u00fc Frankfurt \u2013 SC Viktoria Griesheim (am Rebstock)<\/p>\n<p>23.02.25, 13:00 Uhr: SV Zeilsheim II \u2013 T\u00fcrkg\u00fcc\u00fc Frankfurt<\/p>\n<p><span style=\"text-decoration: underline;\">Saisonrestart<\/span>:<\/p>\n<p>01.03.25: T\u00fcrkg\u00fcc\u00fc Frankfurt \u2013 FSV Friedrichsdorf<\/p>\n<p>Ort und Uhrzeit des Spiels gegen Friedrichsdorf sind aber noch unklar und werden bei der Gruppenligabesprechung festgelegt. Da an der Sondershausenstrasse gebaut wird, versucht T\u00fcrkg\u00fcc\u00fc Frankfurt nach Aussagen ihres Trainers Tekin, die Heimspiele an ihren Trainingsplatz nach Griesheim zu verlegen und ist diesbez\u00fcglich noch in Gespr\u00e4chen.<\/p>\n\n\n<p><\/p>\n","protected":false},"excerpt":{"rendered":"<p>Erster Verein in unserer Winterserie ist der Aufsteiger in die Gruppenliga Frankfurt West, T\u00fcrkg\u00fcc\u00fc Frankfurt, dessen Trainer Hakan Tekin sehr schnell war und uns unsere Fragen schon kurz nach der \u00dcbermittlung beantwortete und das Ziel Klassenerhalt definierte. Aufsteiger T\u00fcrkg\u00fcc\u00fc Frankfurt ging mit dem neuen Trainer Andreas Anicic in die Saison, Ziel war ein Platz im [&hellip;]<\/p>\n","protected":false},"author":3,"featured_media":23257,"comment_status":"closed","ping_status":"open","sticky":true,"template":"","format":"standard","meta":{"footnotes":""},"categories":[13],"tags":[],"class_list":["post-23213","post","type-post","status-publish","format-standard","has-post-thumbnail","hentry","category-gruppenliga-frankfurt-west"],"_links":{"self":[{"href":"https:\/\/insideamateurfussball-ffm.de\/index.php?rest_route=\/wp\/v2\/posts\/23213","targetHints":{"allow":["GET"]}}],"collection":[{"href":"https:\/\/insideamateurfussball-ffm.de\/index.php?rest_route=\/wp\/v2\/posts"}],"about":[{"href":"https:\/\/insideamateurfussball-ffm.de\/index.php?rest_route=\/wp\/v2\/types\/post"}],"author":[{"embeddable":true,"href":"https:\/\/insideamateurfussball-ffm.de\/index.php?rest_route=\/wp\/v2\/users\/3"}],"replies":[{"embeddable":true,"href":"https:\/\/insideamateurfussball-ffm.de\/index.php?rest_route=%2Fwp%2Fv2%2Fcomments&post=23213"}],"version-history":[{"count":6,"href":"https:\/\/insideamateurfussball-ffm.de\/index.php?rest_route=\/wp\/v2\/posts\/23213\/revisions"}],"predecessor-version":[{"id":23260,"href":"https:\/\/insideamateurfussball-ffm.de\/index.php?rest_route=\/wp\/v2\/posts\/23213\/revisions\/23260"}],"wp:featuredmedia":[{"embeddable":true,"href":"https:\/\/insideamateurfussball-ffm.de\/index.php?rest_route=\/wp\/v2\/media\/23257"}],"wp:attachment":[{"href":"https:\/\/insideamateurfussball-ffm.de\/index.php?rest_route=%2Fwp%2Fv2%2Fmedia&parent=23213"}],"wp:term":[{"taxonomy":"category","embeddable":true,"href":"https:\/\/insideamateurfussball-ffm.de\/index.php?rest_route=%2Fwp%2Fv2%2Fcategories&post=23213"},{"taxonomy":"post_tag","embeddable":true,"href":"https:\/\/insideamateurfussball-ffm.de\/index.php?rest_route=%2Fwp%2Fv2%2Ftags&post=23213"}],"curies":[{"name":"wp","href":"https:\/\/api.w.org\/{rel}","templated":true}]}}