{"id":23178,"date":"2025-01-04T12:09:12","date_gmt":"2025-01-04T11:09:12","guid":{"rendered":"https:\/\/insideamateurfussball-ffm.de\/?p=23178"},"modified":"2025-01-05T17:14:53","modified_gmt":"2025-01-05T16:14:53","slug":"neue-winterserie-mit-saison-rueckblick-und-ausblick","status":"publish","type":"post","link":"https:\/\/insideamateurfussball-ffm.de\/?p=23178","title":{"rendered":"Neue Winterserie mit Saison-R\u00fcckblick und -Ausblick"},"content":{"rendered":"<h4>In der Winterpause wollen wir die spielfreie Zeit wieder \u00fcberbr\u00fccken und haben die Verantwortlichen der Mannschaften aus dem Frankfurter Fu\u00dfballkreis nach einem R\u00fcckblick und dem Ausblick f\u00fcr den Rest der Saison 2024\/25 gefragt.<\/h4>\n<figure id=\"attachment_23226\" aria-describedby=\"caption-attachment-23226\" style=\"width: 1280px\" class=\"wp-caption alignnone\"><img loading=\"lazy\" decoding=\"async\" class=\"wp-image-23226 size-full\" src=\"http:\/\/insideamateurfussball-ffm.de\/wp-content\/uploads\/2025\/01\/Allgemein-1.jpg\" alt=\"\" width=\"1280\" height=\"720\" srcset=\"https:\/\/insideamateurfussball-ffm.de\/wp-content\/uploads\/2025\/01\/Allgemein-1.jpg 1280w, https:\/\/insideamateurfussball-ffm.de\/wp-content\/uploads\/2025\/01\/Allgemein-1-300x169.jpg 300w, https:\/\/insideamateurfussball-ffm.de\/wp-content\/uploads\/2025\/01\/Allgemein-1-1024x576.jpg 1024w, https:\/\/insideamateurfussball-ffm.de\/wp-content\/uploads\/2025\/01\/Allgemein-1-768x432.jpg 768w\" sizes=\"auto, (max-width: 1280px) 100vw, 1280px\" \/><figcaption id=\"caption-attachment-23226\" class=\"wp-caption-text\">Wir \u00fcberbr\u00fccken die fu\u00dfballlose Zit. Grafik: MZ<\/figcaption><\/figure>\n<p>Im R\u00fcckblick geht die Redaktion auf den bisherigen Verlauf der betrachteten Mannschaft in der Saison 2024\/25 in den entsprechenden Ligen ein. Wir haben den Ansprechpartnern der Mannschaften dann folgende Fragen gestellt:<\/p>\n<ol>\n<li>Wie bewertet ihr den Verlauf dieser Saison bis zur Winterpause?<\/li>\n<li>Wo seht ihr f\u00fcr euch noch Verbesserungsm\u00f6glichkeiten?<\/li>\n<li>Welche Ziele habt ihr f\u00fcr den restlichen Saisonverlauf?<\/li>\n<li>Welche Ver\u00e4nderungen im Kader gibt es in der Winterpause?<\/li>\n<\/ol>\n<p>Mit einem Blick auf die bereits bei fussball.de gelisteten Testspiele sowie anstehenden Pokalspielen und Start in die Restsaison vervollst\u00e4ndigen wir die einzelnen Folgen.<\/p>\n","protected":false},"excerpt":{"rendered":"<p>In der Winterpause wollen wir die spielfreie Zeit wieder \u00fcberbr\u00fccken und haben die Verantwortlichen der Mannschaften aus dem Frankfurter Fu\u00dfballkreis nach einem R\u00fcckblick und dem Ausblick f\u00fcr den Rest der Saison 2024\/25 gefragt. Im R\u00fcckblick geht die Redaktion auf den bisherigen Verlauf der betrachteten Mannschaft in der Saison 2024\/25 in den entsprechenden Ligen ein. Wir [&hellip;]<\/p>\n","protected":false},"author":3,"featured_media":23226,"comment_status":"closed","ping_status":"open","sticky":true,"template":"","format":"standard","meta":{"footnotes":""},"categories":[31],"tags":[],"class_list":["post-23178","post","type-post","status-publish","format-standard","has-post-thumbnail","hentry","category-redaktion"],"_links":{"self":[{"href":"https:\/\/insideamateurfussball-ffm.de\/index.php?rest_route=\/wp\/v2\/posts\/23178","targetHints":{"allow":["GET"]}}],"collection":[{"href":"https:\/\/insideamateurfussball-ffm.de\/index.php?rest_route=\/wp\/v2\/posts"}],"about":[{"href":"https:\/\/insideamateurfussball-ffm.de\/index.php?rest_route=\/wp\/v2\/types\/post"}],"author":[{"embeddable":true,"href":"https:\/\/insideamateurfussball-ffm.de\/index.php?rest_route=\/wp\/v2\/users\/3"}],"replies":[{"embeddable":true,"href":"https:\/\/insideamateurfussball-ffm.de\/index.php?rest_route=%2Fwp%2Fv2%2Fcomments&post=23178"}],"version-history":[{"count":4,"href":"https:\/\/insideamateurfussball-ffm.de\/index.php?rest_route=\/wp\/v2\/posts\/23178\/revisions"}],"predecessor-version":[{"id":23228,"href":"https:\/\/insideamateurfussball-ffm.de\/index.php?rest_route=\/wp\/v2\/posts\/23178\/revisions\/23228"}],"wp:featuredmedia":[{"embeddable":true,"href":"https:\/\/insideamateurfussball-ffm.de\/index.php?rest_route=\/wp\/v2\/media\/23226"}],"wp:attachment":[{"href":"https:\/\/insideamateurfussball-ffm.de\/index.php?rest_route=%2Fwp%2Fv2%2Fmedia&parent=23178"}],"wp:term":[{"taxonomy":"category","embeddable":true,"href":"https:\/\/insideamateurfussball-ffm.de\/index.php?rest_route=%2Fwp%2Fv2%2Fcategories&post=23178"},{"taxonomy":"post_tag","embeddable":true,"href":"https:\/\/insideamateurfussball-ffm.de\/index.php?rest_route=%2Fwp%2Fv2%2Ftags&post=23178"}],"curies":[{"name":"wp","href":"https:\/\/api.w.org\/{rel}","templated":true}]}}