{"id":23071,"date":"2024-12-11T20:07:49","date_gmt":"2024-12-11T18:07:49","guid":{"rendered":"https:\/\/insideamateurfussball-ffm.de\/?p=23071"},"modified":"2024-12-11T20:07:49","modified_gmt":"2024-12-11T18:07:49","slug":"3-bernemer-weihnachtssingen","status":"publish","type":"post","link":"https:\/\/insideamateurfussball-ffm.de\/?p=23071","title":{"rendered":"3. Bernemer Weihnachtssingen"},"content":{"rendered":"<h3>Bereits zum dritten Mal veranstaltet die SG Bornheim\/Gr\u00fcn-Wei\u00df am Samstag ihr vereinsinternes Weihnachtssingen. Dazu hat uns der Verbandsligist eine Pressemitteilung geschickt.<\/h3>\n<figure id=\"attachment_23072\" aria-describedby=\"caption-attachment-23072\" style=\"width: 528px\" class=\"wp-caption alignright\"><img loading=\"lazy\" decoding=\"async\" class=\"wp-image-23072 size-full\" src=\"http:\/\/insideamateurfussball-ffm.de\/wp-content\/uploads\/2024\/12\/SGB_Weihnachtssingen_2024_web.jpg\" alt=\"\" width=\"528\" height=\"748\" srcset=\"https:\/\/insideamateurfussball-ffm.de\/wp-content\/uploads\/2024\/12\/SGB_Weihnachtssingen_2024_web.jpg 528w, https:\/\/insideamateurfussball-ffm.de\/wp-content\/uploads\/2024\/12\/SGB_Weihnachtssingen_2024_web-212x300.jpg 212w\" sizes=\"auto, (max-width: 528px) 100vw, 528px\" \/><figcaption id=\"caption-attachment-23072\" class=\"wp-caption-text\">Grafik: SG Bornheim\/Gr\u00fcn-Wei\u00df.\u00a0\u00a0<\/figcaption><\/figure>\n<p><img loading=\"lazy\" decoding=\"async\" class=\"alignnone size-full wp-image-119\" src=\"http:\/\/insideamateurfussball-ffm.de\/wp-content\/uploads\/2022\/05\/Bornheim.jpg\" alt=\"\" width=\"80\" height=\"80\" \/><\/p>\n<div>Am 14.12.2024, ab 16:00 Uhr, findet auf der Anlage der SG Bornheim 1945 e.V. Gr\u00fcn-Wei\u00df das dritte Weihnachtssingen statt. Alle G\u00e4ste erwartet ein gemischtes Programm.<\/div>\n<div>Neben vielen Verk\u00f6stigungen wie W\u00fcrstchen und Kuchen erwarten die G\u00e4ste verschiedene Infost\u00e4nde, Torwandschie\u00dfen, Kinderschminken und einen Streichelzoo.<\/div>\n<div><\/div>\n<div>Nat\u00fcrlich auch verschiedene Getr\u00e4nke wie Gl\u00fchwein, warmen Aperol und vieles mehr!<\/div>\n<div><\/div>\n<h3><span style=\"text-decoration: underline;\">Weihnachtssingen bis 20 Uhr<\/span><\/h3>\n<div><\/div>\n<div>Das gemeinsame Weihnachtssingen beginnt um 18.00 Uhr. Hier werden wir gemeinsam mit allen G\u00e4sten Weihnachtslieder anstimmen und mitsingen.<\/div>\n<div><\/div>\n<div>Die Veranstaltung \u201eWeihnachtssingen\u201c endet um 20:00 Uhr. Der Ausklang dieses Abends kann bis 23:00 Uhr im Vereinsheim vollzogen werden. Der Eintritt ist frei!<\/div>\n","protected":false},"excerpt":{"rendered":"<p>Bereits zum dritten Mal veranstaltet die SG Bornheim\/Gr\u00fcn-Wei\u00df am Samstag ihr vereinsinternes Weihnachtssingen. Dazu hat uns der Verbandsligist eine Pressemitteilung geschickt. Am 14.12.2024, ab 16:00 Uhr, findet auf der Anlage der SG Bornheim 1945 e.V. Gr\u00fcn-Wei\u00df das dritte Weihnachtssingen statt. Alle G\u00e4ste erwartet ein gemischtes Programm. Neben vielen Verk\u00f6stigungen wie W\u00fcrstchen und Kuchen erwarten die [&hellip;]<\/p>\n","protected":false},"author":1,"featured_media":23072,"comment_status":"closed","ping_status":"closed","sticky":true,"template":"","format":"standard","meta":{"footnotes":""},"categories":[10],"tags":[],"class_list":["post-23071","post","type-post","status-publish","format-standard","has-post-thumbnail","hentry","category-verbandsliga-sued"],"_links":{"self":[{"href":"https:\/\/insideamateurfussball-ffm.de\/index.php?rest_route=\/wp\/v2\/posts\/23071","targetHints":{"allow":["GET"]}}],"collection":[{"href":"https:\/\/insideamateurfussball-ffm.de\/index.php?rest_route=\/wp\/v2\/posts"}],"about":[{"href":"https:\/\/insideamateurfussball-ffm.de\/index.php?rest_route=\/wp\/v2\/types\/post"}],"author":[{"embeddable":true,"href":"https:\/\/insideamateurfussball-ffm.de\/index.php?rest_route=\/wp\/v2\/users\/1"}],"replies":[{"embeddable":true,"href":"https:\/\/insideamateurfussball-ffm.de\/index.php?rest_route=%2Fwp%2Fv2%2Fcomments&post=23071"}],"version-history":[{"count":1,"href":"https:\/\/insideamateurfussball-ffm.de\/index.php?rest_route=\/wp\/v2\/posts\/23071\/revisions"}],"predecessor-version":[{"id":23073,"href":"https:\/\/insideamateurfussball-ffm.de\/index.php?rest_route=\/wp\/v2\/posts\/23071\/revisions\/23073"}],"wp:featuredmedia":[{"embeddable":true,"href":"https:\/\/insideamateurfussball-ffm.de\/index.php?rest_route=\/wp\/v2\/media\/23072"}],"wp:attachment":[{"href":"https:\/\/insideamateurfussball-ffm.de\/index.php?rest_route=%2Fwp%2Fv2%2Fmedia&parent=23071"}],"wp:term":[{"taxonomy":"category","embeddable":true,"href":"https:\/\/insideamateurfussball-ffm.de\/index.php?rest_route=%2Fwp%2Fv2%2Fcategories&post=23071"},{"taxonomy":"post_tag","embeddable":true,"href":"https:\/\/insideamateurfussball-ffm.de\/index.php?rest_route=%2Fwp%2Fv2%2Ftags&post=23071"}],"curies":[{"name":"wp","href":"https:\/\/api.w.org\/{rel}","templated":true}]}}