{"id":23053,"date":"2024-12-10T16:50:44","date_gmt":"2024-12-10T14:50:44","guid":{"rendered":"https:\/\/insideamateurfussball-ffm.de\/?p=23053"},"modified":"2024-12-10T16:50:44","modified_gmt":"2024-12-10T14:50:44","slug":"harheim-22-bei-schlusslicht-croatia","status":"publish","type":"post","link":"https:\/\/insideamateurfussball-ffm.de\/?p=23053","title":{"rendered":"Harheim 2:2 bei Schlusslicht Croatia"},"content":{"rendered":"<h6><span style=\"font-size: 20px;\">Es war das zehnte Remis der SG Harheim im 20. Saisonspiel. Beim Schlusslicht FC Croatia gab es zum Jahresabschluss ein 2:2. Der n\u00f6rdlichste Verein der Liga muss auf Rang 12 mit 22 Punkten nach unten blicken. Ganz unten steht weiter der FC Croatia, der mit nun 13 Z\u00e4hlern sechs Punkte R\u00fcckstand zum Relegationsplatz und zum rettenden Ufer aufweist.\u00a0<\/span><\/h6>\n<figure id=\"attachment_23054\" aria-describedby=\"caption-attachment-23054\" style=\"width: 300px\" class=\"wp-caption aligncenter\"><img loading=\"lazy\" decoding=\"async\" class=\"wp-image-23054 size-medium\" src=\"http:\/\/insideamateurfussball-ffm.de\/wp-content\/uploads\/2024\/12\/hau3-7-300x212.jpg\" alt=\"\" width=\"300\" height=\"212\" srcset=\"https:\/\/insideamateurfussball-ffm.de\/wp-content\/uploads\/2024\/12\/hau3-7-300x212.jpg 300w, https:\/\/insideamateurfussball-ffm.de\/wp-content\/uploads\/2024\/12\/hau3-7-768x543.jpg 768w, https:\/\/insideamateurfussball-ffm.de\/wp-content\/uploads\/2024\/12\/hau3-7.jpg 888w\" sizes=\"auto, (max-width: 300px) 100vw, 300px\" \/><figcaption id=\"caption-attachment-23054\" class=\"wp-caption-text\">Remisk\u00f6nige der KOL: SG Harheim. Foto: Archiv Mithat G\u00fcrser.\u00a0\u00a0<\/figcaption><\/figure>\n<h6><span style=\"font-size: 20px;\">FC Croatia &#8211; SG Harheim 2:2 (2:1)<\/span><\/h6>\n<p><img loading=\"lazy\" decoding=\"async\" class=\"alignnone size-full wp-image-29\" src=\"http:\/\/insideamateurfussball-ffm.de\/wp-content\/uploads\/2021\/11\/croatia.jpg\" alt=\"\" width=\"63\" height=\"80\" \/><img loading=\"lazy\" decoding=\"async\" class=\"alignnone size-full wp-image-284\" src=\"http:\/\/insideamateurfussball-ffm.de\/wp-content\/uploads\/2022\/05\/Harheim.jpg\" alt=\"\" width=\"78\" height=\"80\" \/><\/p>\n<p><span style=\"font-size: 20px;\">Der Tabellenletzte machte ein gutes Spiel, mehr als das erste Unentschieden der Saison sollte aber gegen die Remisk\u00f6nige der Liga nicht herausspringen. St\u00fcrmer Ivan Propadalo brachte Croatia in F\u00fchrung (11.). Bei den Harheimern war Mittelfeldspieler Yafet Tsighe der entscheidende Mann und besorgte noch vor der Pause den Ausgleich (35.). Sekunden vor dem Halbzeitpfiff erzielte Mateo Gamulin das 2:1 f\u00fcr die Gastgeber (45.). <\/span><\/p>\n<p><span style=\"font-size: 20px;\">Nach dem Seitenwechsel konnten die G\u00e4ste, die mit Leo Segura f\u00fcr Theo Baumgarten in der 59. Minute nur einen Spielerwechsel vornahmen, durch Tsighe zum 2:2 kommen (72.). Der angeschlagene Kapit\u00e4n Lukas G\u00e4rtner kam bei den Harheimern nicht zum Einsatz, f\u00fcr ihn \u00fcbernahm Ante Paradzik die Kapit\u00e4nsbinde.<\/span><\/p>\n<h6><span style=\"font-size: 20px;\">&#8222;Wir waren im ersten Abschnitt rabenschlecht gegen eine gut k\u00e4mpfende Croatia.&#8220; (Harheims Trainer Christian Balzer)<\/span><\/h6>\n<p><span style=\"font-size: 20px;\">Croatias Sportdirektor Darko Krolo \u00e4rgerte sich: &#8222;Wir h\u00e4tten gewinnen m\u00fcssen. Die zwei Punkte mehr w\u00e4ren wichtig zum \u00dcberleben. Wir m\u00fcssen nun in der Winterpause nachlegen und alles daran setzen, den Abstieg zu verhindern.&#8220; Krolo unterstrich: &#8222;Es wird keinen Aderlass geben, alle Spieler bleiben. Wir werden uns mit f\u00fcnf Spielern gezielt verst\u00e4rken und da unten raus kommen.&#8220;\u00a0<\/span><\/p>\n<p><span style=\"font-size: 20px;\">Harheims Trainer Christian Balzer bewertete das Remis als &#8222;gerecht. Wir waren im ersten Abschnitt rabenschlecht gegen eine gut k\u00e4mpfende Croatia. In der Kabine gab es von mir ein Tabula Rasa, dann wurde es besser. Am Ende m\u00fcssen wir mit dem 2:2 leben, wir haben einen Elfmeter nicht bekommen. Nach der Winterpause werden die Verletzten wieder einsteigen, dann mache ich mir um den Klassenerhalt keine Sorgen.&#8220;<\/span><\/p>\n<h6><span style=\"font-size: 20px;\">Schiedsrichter: Peyman Abnos (SV Wiesbaden). Zuschauer: 130. <\/span><\/h6>\n<h6><span style=\"font-size: 20px;\">Tore: 1:0 Ivan Propadalo (11.), 1:1 Yafet Tsighe (35.), 2:1 Mateo Gamulin (45.), 2:2 Yafet Tsighe (72.).\u00a0 \u00a0\u00a0<\/span><\/h6>\n","protected":false},"excerpt":{"rendered":"<p>Es war das zehnte Remis der SG Harheim im 20. Saisonspiel. Beim Schlusslicht FC Croatia gab es zum Jahresabschluss ein 2:2. Der n\u00f6rdlichste Verein der Liga muss auf Rang 12 mit 22 Punkten nach unten blicken. Ganz unten steht weiter der FC Croatia, der mit nun 13 Z\u00e4hlern sechs Punkte R\u00fcckstand zum Relegationsplatz und zum [&hellip;]<\/p>\n","protected":false},"author":1,"featured_media":23054,"comment_status":"closed","ping_status":"closed","sticky":true,"template":"","format":"standard","meta":{"footnotes":""},"categories":[2],"tags":[],"class_list":["post-23053","post","type-post","status-publish","format-standard","has-post-thumbnail","hentry","category-kreisoberliga-frankfurt"],"_links":{"self":[{"href":"https:\/\/insideamateurfussball-ffm.de\/index.php?rest_route=\/wp\/v2\/posts\/23053","targetHints":{"allow":["GET"]}}],"collection":[{"href":"https:\/\/insideamateurfussball-ffm.de\/index.php?rest_route=\/wp\/v2\/posts"}],"about":[{"href":"https:\/\/insideamateurfussball-ffm.de\/index.php?rest_route=\/wp\/v2\/types\/post"}],"author":[{"embeddable":true,"href":"https:\/\/insideamateurfussball-ffm.de\/index.php?rest_route=\/wp\/v2\/users\/1"}],"replies":[{"embeddable":true,"href":"https:\/\/insideamateurfussball-ffm.de\/index.php?rest_route=%2Fwp%2Fv2%2Fcomments&post=23053"}],"version-history":[{"count":1,"href":"https:\/\/insideamateurfussball-ffm.de\/index.php?rest_route=\/wp\/v2\/posts\/23053\/revisions"}],"predecessor-version":[{"id":23055,"href":"https:\/\/insideamateurfussball-ffm.de\/index.php?rest_route=\/wp\/v2\/posts\/23053\/revisions\/23055"}],"wp:featuredmedia":[{"embeddable":true,"href":"https:\/\/insideamateurfussball-ffm.de\/index.php?rest_route=\/wp\/v2\/media\/23054"}],"wp:attachment":[{"href":"https:\/\/insideamateurfussball-ffm.de\/index.php?rest_route=%2Fwp%2Fv2%2Fmedia&parent=23053"}],"wp:term":[{"taxonomy":"category","embeddable":true,"href":"https:\/\/insideamateurfussball-ffm.de\/index.php?rest_route=%2Fwp%2Fv2%2Fcategories&post=23053"},{"taxonomy":"post_tag","embeddable":true,"href":"https:\/\/insideamateurfussball-ffm.de\/index.php?rest_route=%2Fwp%2Fv2%2Ftags&post=23053"}],"curies":[{"name":"wp","href":"https:\/\/api.w.org\/{rel}","templated":true}]}}