{"id":23048,"date":"2024-12-09T23:12:06","date_gmt":"2024-12-09T21:12:06","guid":{"rendered":"https:\/\/insideamateurfussball-ffm.de\/?p=23048"},"modified":"2024-12-09T23:23:09","modified_gmt":"2024-12-09T21:23:09","slug":"enkheim-bestaetigt-enorme-auswaertsstaerke","status":"publish","type":"post","link":"https:\/\/insideamateurfussball-ffm.de\/?p=23048","title":{"rendered":"Enkheim best\u00e4tigt enorme Ausw\u00e4rtsst\u00e4rke"},"content":{"rendered":"<h6><span style=\"font-size: 20px;\">Im Aufsteigerduell best\u00e4tigte Germania Enkheim die enorme Ausw\u00e4rtsst\u00e4rke und gewann mit 4:3 beim BSC Schwarz-Wei\u00df 19. 20 der 26 Punkte haben die Enkheimer auf fremden Pl\u00e4tzen geholt. Der BSC bleibt aber trotz der Heimniederlage auf Rang sechs mit 28 Z\u00e4hlern der noch bessere Aufsteiger.\u00a0<\/span><\/h6>\n<figure id=\"attachment_23049\" aria-describedby=\"caption-attachment-23049\" style=\"width: 300px\" class=\"wp-caption aligncenter\"><img loading=\"lazy\" decoding=\"async\" class=\"wp-image-23049 size-medium\" src=\"http:\/\/insideamateurfussball-ffm.de\/wp-content\/uploads\/2024\/12\/DSC_5655-1-300x225.jpg\" alt=\"\" width=\"300\" height=\"225\" srcset=\"https:\/\/insideamateurfussball-ffm.de\/wp-content\/uploads\/2024\/12\/DSC_5655-1-300x225.jpg 300w, https:\/\/insideamateurfussball-ffm.de\/wp-content\/uploads\/2024\/12\/DSC_5655-1-768x576.jpg 768w, https:\/\/insideamateurfussball-ffm.de\/wp-content\/uploads\/2024\/12\/DSC_5655-1.jpg 997w\" sizes=\"auto, (max-width: 300px) 100vw, 300px\" \/><figcaption id=\"caption-attachment-23049\" class=\"wp-caption-text\">Der Enkheimer Ouassim Mellal k\u00f6pft hier den Ball weg, Lars Trams (Nummer zwei) schaut zu. Foto: Archiv J\u00f6rg Schulz.<\/figcaption><\/figure>\n<h6><span style=\"font-size: 20px;\">BSC Schwarz-Wei\u00df 19 &#8211; FC Germania Enkheim 3:4 (1:2)\u00a0<\/span><\/h6>\n<p><img loading=\"lazy\" decoding=\"async\" class=\"alignnone size-full wp-image-285\" src=\"http:\/\/insideamateurfussball-ffm.de\/wp-content\/uploads\/2022\/05\/BSC-19.jpg\" alt=\"\" width=\"80\" height=\"61\" \/><img loading=\"lazy\" decoding=\"async\" class=\"alignnone size-full wp-image-1537\" src=\"http:\/\/insideamateurfussball-ffm.de\/wp-content\/uploads\/2022\/07\/Enkheim.jpg\" alt=\"\" width=\"63\" height=\"80\" \/><\/p>\n<p>Von einer bitteren Niederlage sprach hinterher BSC-Trainer Eleyas Kahsay und zeigte sich zwiegespalten: &#8222;Am Ende haben wir ein Tor zu viel verschenkt. Wir sind stark zur\u00fcckgekommen und ein Unentschieden w\u00e4re mehr als verdient gewesen.&#8220; Lars Trams hatte die Enkheimer in F\u00fchrung gebracht (23.), der BSC konnte durch Sebhat Kahsay egalisieren (33.), aber erneut Trams sorgte f\u00fcr die Halbzeitf\u00fchrung der G\u00e4ste (41.), die Mihajlo Atanaskovic nach dem Seitenwechsel ausbaute (49.).<\/p>\n<p>Es entwickelte sich ein offener Schlagabtausch zwischen den beiden starken Aufsteigern, denn Kahsay (52.) und Elias Jennaoui (66.) sorgten f\u00fcr das zwischenzeitliche 3:3. Den &#8222;Lucky Punch&#8220; der Germania setzte Tobias Schirmer in der 77. Minute. Trotz einer k\u00e4mpferischen Leistung und einem beeindruckenden Comeback konnten individuelle Fehler, die sich wie ein roter Faden durch die Saison ziehen, nicht vollst\u00e4ndig abgestellt werden.<\/p>\n<h6><span style=\"font-size: 20px;\">&#8222;Durch eine starke mentale Leistung konnten wir unsere Ausw\u00e4rtsserie ausbauen und k\u00f6nnen beruhigt in die Winterpause gehen.&#8220; (Enkheims Trainer Steffen Wittig)<\/span><\/h6>\n<p>&#8222;Wir machen immer und immer wieder zu viele individuelle Fehler&#8220;, res\u00fcmierte der BSC-Trainer mit Blick auf die erneuten R\u00fcckschl\u00e4ge im Spielverlauf. Die Entt\u00e4uschung dar\u00fcber, nicht mit einem Sieg in die wohlverdiente Winterpause gehen zu k\u00f6nnen, war deutlich zu sp\u00fcren: &#8222;Sch\u00f6n w\u00e4re es gewesen, mit einem Erfolgserlebnis in die Pause zu gehen.&#8220; Dennoch bleibt der Fokus auf die kommende Restrunde gerichtet, um die Fehler zu minimieren und das volle Potenzial des Teams auszusch\u00f6pfen.<\/p>\n<p>Das gesamte BSC-Team bedanke sich bei den Fans f\u00fcr die Unterst\u00fctzung in der Hinrunde und freue sich auf eine erfolgreiche R\u00fcckserie. Enkheims Trainer Steffen Wittig befand den sechsten Ausw\u00e4rtssieg als &#8222;guten Abschluss f\u00fcr das Jahr 2024. Durch eine starke mentale Leistung konnten wir unsere Ausw\u00e4rtsserie ausbauen und k\u00f6nnen beruhigt in die Winterpause gehen.&#8220;<\/p>\n<h6><span style=\"font-size: 20px;\">Schiedsrichter: Mohammed Azeez (Taunusstein). Zuschauer: 75. <\/span><\/h6>\n<h6><span style=\"font-size: 20px;\">Tore: 0:1 Lars Trams (23.), 1:1 Sebhat Kahsay (33.), 1:2 Lars Trams (41.), 1:3 Mihajlo Atanaskovic (49.), 2:3 Sebhat Kahsay (52.), 3:3 Elias Jennaoui (66.), 3:4 Tobias Schirmer (77.).\u00a0\u00a0<\/span><\/h6>\n","protected":false},"excerpt":{"rendered":"<p>Im Aufsteigerduell best\u00e4tigte Germania Enkheim die enorme Ausw\u00e4rtsst\u00e4rke und gewann mit 4:3 beim BSC Schwarz-Wei\u00df 19. 20 der 26 Punkte haben die Enkheimer auf fremden Pl\u00e4tzen geholt. Der BSC bleibt aber trotz der Heimniederlage auf Rang sechs mit 28 Z\u00e4hlern der noch bessere Aufsteiger.\u00a0 BSC Schwarz-Wei\u00df 19 &#8211; FC Germania Enkheim 3:4 (1:2)\u00a0 Von einer [&hellip;]<\/p>\n","protected":false},"author":1,"featured_media":23049,"comment_status":"closed","ping_status":"closed","sticky":true,"template":"","format":"standard","meta":{"footnotes":""},"categories":[2],"tags":[],"class_list":["post-23048","post","type-post","status-publish","format-standard","has-post-thumbnail","hentry","category-kreisoberliga-frankfurt"],"_links":{"self":[{"href":"https:\/\/insideamateurfussball-ffm.de\/index.php?rest_route=\/wp\/v2\/posts\/23048","targetHints":{"allow":["GET"]}}],"collection":[{"href":"https:\/\/insideamateurfussball-ffm.de\/index.php?rest_route=\/wp\/v2\/posts"}],"about":[{"href":"https:\/\/insideamateurfussball-ffm.de\/index.php?rest_route=\/wp\/v2\/types\/post"}],"author":[{"embeddable":true,"href":"https:\/\/insideamateurfussball-ffm.de\/index.php?rest_route=\/wp\/v2\/users\/1"}],"replies":[{"embeddable":true,"href":"https:\/\/insideamateurfussball-ffm.de\/index.php?rest_route=%2Fwp%2Fv2%2Fcomments&post=23048"}],"version-history":[{"count":3,"href":"https:\/\/insideamateurfussball-ffm.de\/index.php?rest_route=\/wp\/v2\/posts\/23048\/revisions"}],"predecessor-version":[{"id":23052,"href":"https:\/\/insideamateurfussball-ffm.de\/index.php?rest_route=\/wp\/v2\/posts\/23048\/revisions\/23052"}],"wp:featuredmedia":[{"embeddable":true,"href":"https:\/\/insideamateurfussball-ffm.de\/index.php?rest_route=\/wp\/v2\/media\/23049"}],"wp:attachment":[{"href":"https:\/\/insideamateurfussball-ffm.de\/index.php?rest_route=%2Fwp%2Fv2%2Fmedia&parent=23048"}],"wp:term":[{"taxonomy":"category","embeddable":true,"href":"https:\/\/insideamateurfussball-ffm.de\/index.php?rest_route=%2Fwp%2Fv2%2Fcategories&post=23048"},{"taxonomy":"post_tag","embeddable":true,"href":"https:\/\/insideamateurfussball-ffm.de\/index.php?rest_route=%2Fwp%2Fv2%2Ftags&post=23048"}],"curies":[{"name":"wp","href":"https:\/\/api.w.org\/{rel}","templated":true}]}}