{"id":23039,"date":"2024-12-09T22:32:22","date_gmt":"2024-12-09T20:32:22","guid":{"rendered":"https:\/\/insideamateurfussball-ffm.de\/?p=23039"},"modified":"2024-12-09T22:32:22","modified_gmt":"2024-12-09T20:32:22","slug":"turbulentes-44-zwischen-union-und-heddernheim","status":"publish","type":"post","link":"https:\/\/insideamateurfussball-ffm.de\/?p=23039","title":{"rendered":"Turbulentes 4:4 zwischen Union und Heddernheim"},"content":{"rendered":"<h6><span style=\"font-size: 20px;\">Der FC Union Niederrad und der SV 07 Heddernheim trennten sich in einer turbulenten Partie mit 4:4 (2:1). W\u00e4hrend die Gastgeber sich auf Rang f\u00fcnf mit 33 Punkten weiter im oberen Drittel halten, konnten sich die G\u00e4ste durch sieben Punkte aus den letzten drei Spielen aus der Abstiegszone befreien und gehen als 13. mit 21 Z\u00e4hlern in die Winterpause.\u00a0<\/span><\/h6>\n<figure id=\"attachment_23040\" aria-describedby=\"caption-attachment-23040\" style=\"width: 150px\" class=\"wp-caption aligncenter\"><img loading=\"lazy\" decoding=\"async\" class=\"wp-image-23040 size-thumbnail\" src=\"http:\/\/insideamateurfussball-ffm.de\/wp-content\/uploads\/2024\/12\/u-hed-titel-150x150.jpg\" alt=\"\" width=\"150\" height=\"150\" \/><figcaption id=\"caption-attachment-23040\" class=\"wp-caption-text\">Die Teams stellen sich vor dem Anpfiff auf. Foto: PA.\u00a0<\/figcaption><\/figure>\n<h6><span style=\"font-size: 20px;\">FC Union Niederrad &#8211; SV 07 Heddernheim 4:4 (2:1)<\/span><\/h6>\n<p><img loading=\"lazy\" decoding=\"async\" class=\"alignnone size-full wp-image-38\" src=\"http:\/\/insideamateurfussball-ffm.de\/wp-content\/uploads\/2021\/11\/Union-Niederrad.jpg\" alt=\"\" width=\"80\" height=\"80\" \/><img loading=\"lazy\" decoding=\"async\" class=\"alignnone size-full wp-image-302\" src=\"http:\/\/insideamateurfussball-ffm.de\/wp-content\/uploads\/2022\/05\/1sv07_news2_4511-1.jpg\" alt=\"\" width=\"80\" height=\"80\" \/><\/p>\n<p><span style=\"font-size: 20px;\">Die G\u00e4ste hatten die erste Gelegenheit der Partie. Serdar Birhimeoglu ging bei einer Flanke von Josh Haas zu unentschlossen zum Kopfball (5.). Nach einem eigenen Einwurf verloren die Heddernheimer den Ball, die Flanke landete beim Niederr\u00e4der Caspar Oechsler, der am zweiten Pfosten zum 1:0 einschob (11.). Kurz danach verpassten die Gr\u00fcn-Wei\u00dfen den Ausgleich, als Oliver Solarz \u00fcber die rechte Seite kam, seine Hereingabe schoss Haas aus kurzer Distanz vorbei (15.). Das 2:0 der Unioner resultierte aus einem perfekt geschossenen Ball aus 18 Metern in den Winkel von Filipe Manuel Texeira Miranda (18.), unhaltbar f\u00fcr SVH-Torwart Hidayet Yapici, der den Vorzug vor Marc Tomczyk erhielt. Der w\u00e4re laut dem Rotationsprinzip eigentlich am Zug gewesen, SVH-Coach Andreas Berggold entschied sich aber f\u00fcr den vor der Saison aus Bornheim geholten Keeper, &#8222;weil er in den letzten Spielen mit \u00fcberragenden Paraden zu unseren beiden Siegen beigetragen hat.&#8220; Heddernheim kam durch den Anschluss nach einer Ecke von Deniz Yatci und einer Kopfballverl\u00e4ngerung durch Kapit\u00e4n Dogan Nazim Erbulan durch den Kopfball von Innenverteidiger Ayman Gasoos zum 2:1 (23.). <\/span><\/p>\n<p><span style=\"font-size: 20px;\">Die 54 Zuschauer sahen dann ein durchaus elfmeterreifes Foul an Solarz, den Schiedsrichter Cedrick Djeuta Nana (SV Darmstadt 98), der \u00fcbrigens die gleiche Paarung an Ort und Stelle vor zwei Jahren schon einmal leitete (2:4), nicht pfiff. Im Gegenzug landete ein Eckball von Miranda am Pfosten (39.). Nach dem Seitenwechsel ersetzte bei den G\u00e4sten Yassir Achati den angeschlagenen Erbulan und Deniz Yatci \u00fcbernahm die Kapit\u00e4nsbinde. Ein langer Ball aus dem Halbfeld in den Lauf von Solarz reichte aus, um auf und davon zu ziehen und zum 2:2 zu versenken (50.). Dann wurde Torj\u00e4ger Marcus Kreckel eingewechselt, der in den letzten zwei Wochen nicht trainieren konnte und deswegen von der Bank kam. In der 63. Minute gekommen, erlief sich der St\u00fcrmer einen Freisto\u00df aus dem Halbfeld von Felix B\u00fcrmann und traf mit seinem 18. Saisontreffer zum 2:3 (68.).<\/span><\/p>\n<h6><span style=\"font-size: 20px;\">Yapici l\u00e4sst J\u00e4hnes Distanzschuss passieren\u00a0<\/span><\/h6>\n<p><span style=\"font-size: 20px;\">Der SV 07 hatte das Spiel gedreht, aber die Niederr\u00e4der schlugen mit ihrem Goalgetter Emir Drino zur\u00fcck, der einen Abpraller zum 3:3 verwertete (76.). Drinos 20. Saisontreffer! Dann versuchte es Heddernheim mit Freist\u00f6\u00dfen. Nikita Mitto traf aus 30 Metern den Pfosten (79.). Genauer zielte Tomislav Cudina, der w\u00e4hrend Union-Torwart Juan Guzman Hernandez noch die Mauer stellte schon anlief und aus 28 Metern zum 3:4 versenkte (85.). Doch die Union wendete die drohende Heimniederlage noch ab, als der Schiedsrichter zwar eine Abseitssituation erkannte, aber nicht pfiff. Den folgenden Distanzschuss von Paul J\u00e4hne konnte Yapici nicht parieren &#8211; 4:4 (89.). Union-Vorsitzender Khalid Lamjahed wertete das Resultat als &#8222;gerechtes 4:4. Das zeigt nat\u00fcrlich, dass die Kreisoberliga sehr ausgeglichen ist, weil Heddernheim nicht so wie ihr Tabellenplatz gespielt. Es war kein gro\u00dfer Unterschied zu erkennen, wir h\u00e4tten es aber nicht verdient, dieses Spiel zu verlieren. Auch wenn das 4:4 sehr gl\u00fccklich war, darf man nicht vergessen, dass das 3:4 f\u00fcr die G\u00e4ste ebenfalls sehr gl\u00fccklich war und in einer Phase passiert ist, in der wir nach dem 3:3 am Dr\u00fccker waren und dem Sieg n\u00e4her waren. Beide Torm\u00e4nner haben nicht den besten Tag erwischt.&#8220; <\/span><\/p>\n<p><span style=\"font-size: 20px;\">SVH-Trainer Andreas Berggold zog folgendes Fazit: &#8222;Vor dem Spiel h\u00e4tte ich den Punkt unterschrieben, aber nach den 90 Minuten haben wir hier zwei Punkte liegen lassen. Wir sind nach dem 0:2 eindrucksvoll zur\u00fcckgekommen, haben Moral bewiesen und in der zweiten Halbzeit das Spiel bestimmt. Verdienterma\u00dfen haben wir zweimal gef\u00fchrt, die Union hat merkw\u00fcrdige Tore erzielt. Das 4:4 war bitter, weil der Schiri Abseits anzeigt und nicht pfeift. Dann geht der Fernschuss rein und unser Tormann sah nicht gut aus. Aber diese Fehlentscheidung hat uns den Sieg gekostet.&#8220; Was der Unparteiische nach der Partie auch einger\u00e4umt und sich in einem Gespr\u00e4ch mit dem G\u00e4stecoach entschuldigt habe.\u00a0<\/span><\/p>\n<h6><span style=\"font-size: 20px;\">Schiedsrichter: Cedrick Djeuta Nana (SV Darmstadt 98). Zuschauer: 54. <\/span><\/h6>\n<h6><span style=\"font-size: 20px;\">Tore: 1:0 Caspar Oechsler (11.), 2:0 Filipe Manuel Texeira Miranda (18.), 2:1 Ayman Gasoos (23.), 2:2 Oliver Solarz (50.), 2:3 Marcus Kreckel (68.), 3:3 Emir Drino (76.), 3:4 Tomislav Cudina (85.), 4:4 Paul J\u00e4hne (89.). <\/span><\/h6>\n<h6><span style=\"font-size: 20px;\">Fotogalerie:\u00a0 \u00a0<\/span><\/h6>\n\n\n<figure class=\"wp-block-image size-large is-style-rounded\"><img loading=\"lazy\" decoding=\"async\" width=\"1024\" height=\"461\" src=\"https:\/\/insideamateurfussball-ffm.de\/wp-content\/uploads\/2024\/12\/u-hed1-1024x461.jpg\" alt=\"\" class=\"wp-image-23041\" srcset=\"https:\/\/insideamateurfussball-ffm.de\/wp-content\/uploads\/2024\/12\/u-hed1-1024x461.jpg 1024w, https:\/\/insideamateurfussball-ffm.de\/wp-content\/uploads\/2024\/12\/u-hed1-300x135.jpg 300w, https:\/\/insideamateurfussball-ffm.de\/wp-content\/uploads\/2024\/12\/u-hed1-768x346.jpg 768w, https:\/\/insideamateurfussball-ffm.de\/wp-content\/uploads\/2024\/12\/u-hed1-1536x692.jpg 1536w, https:\/\/insideamateurfussball-ffm.de\/wp-content\/uploads\/2024\/12\/u-hed1.jpg 2048w\" sizes=\"auto, (max-width: 1024px) 100vw, 1024px\" \/><\/figure>\n\n\n\n<figure class=\"wp-block-gallery has-nested-images columns-default is-cropped wp-block-gallery-1 is-layout-flex wp-block-gallery-is-layout-flex\">\n<figure class=\"wp-block-image size-large is-style-rounded\"><img loading=\"lazy\" decoding=\"async\" width=\"1024\" height=\"461\" data-id=\"23042\" src=\"https:\/\/insideamateurfussball-ffm.de\/wp-content\/uploads\/2024\/12\/u-hed2-1024x461.jpg\" alt=\"\" class=\"wp-image-23042\" srcset=\"https:\/\/insideamateurfussball-ffm.de\/wp-content\/uploads\/2024\/12\/u-hed2-1024x461.jpg 1024w, https:\/\/insideamateurfussball-ffm.de\/wp-content\/uploads\/2024\/12\/u-hed2-300x135.jpg 300w, https:\/\/insideamateurfussball-ffm.de\/wp-content\/uploads\/2024\/12\/u-hed2-768x346.jpg 768w, https:\/\/insideamateurfussball-ffm.de\/wp-content\/uploads\/2024\/12\/u-hed2-1536x692.jpg 1536w, https:\/\/insideamateurfussball-ffm.de\/wp-content\/uploads\/2024\/12\/u-hed2.jpg 2048w\" sizes=\"auto, (max-width: 1024px) 100vw, 1024px\" \/><\/figure>\n<\/figure>\n\n\n\n<figure class=\"wp-block-gallery has-nested-images columns-default is-cropped wp-block-gallery-2 is-layout-flex wp-block-gallery-is-layout-flex\">\n<figure class=\"wp-block-image size-large is-style-rounded\"><img loading=\"lazy\" decoding=\"async\" width=\"1024\" height=\"461\" data-id=\"23043\" src=\"https:\/\/insideamateurfussball-ffm.de\/wp-content\/uploads\/2024\/12\/u-hed3-1024x461.jpg\" alt=\"\" class=\"wp-image-23043\" srcset=\"https:\/\/insideamateurfussball-ffm.de\/wp-content\/uploads\/2024\/12\/u-hed3-1024x461.jpg 1024w, https:\/\/insideamateurfussball-ffm.de\/wp-content\/uploads\/2024\/12\/u-hed3-300x135.jpg 300w, https:\/\/insideamateurfussball-ffm.de\/wp-content\/uploads\/2024\/12\/u-hed3-768x346.jpg 768w, https:\/\/insideamateurfussball-ffm.de\/wp-content\/uploads\/2024\/12\/u-hed3-1536x692.jpg 1536w, https:\/\/insideamateurfussball-ffm.de\/wp-content\/uploads\/2024\/12\/u-hed3.jpg 2048w\" sizes=\"auto, (max-width: 1024px) 100vw, 1024px\" \/><\/figure>\n<\/figure>\n\n\n\n<figure class=\"wp-block-gallery has-nested-images columns-default is-cropped wp-block-gallery-3 is-layout-flex wp-block-gallery-is-layout-flex\">\n<figure class=\"wp-block-image size-large is-style-rounded\"><img loading=\"lazy\" decoding=\"async\" width=\"1024\" height=\"461\" data-id=\"23044\" src=\"https:\/\/insideamateurfussball-ffm.de\/wp-content\/uploads\/2024\/12\/u-hed4-1024x461.jpg\" alt=\"\" class=\"wp-image-23044\" srcset=\"https:\/\/insideamateurfussball-ffm.de\/wp-content\/uploads\/2024\/12\/u-hed4-1024x461.jpg 1024w, https:\/\/insideamateurfussball-ffm.de\/wp-content\/uploads\/2024\/12\/u-hed4-300x135.jpg 300w, https:\/\/insideamateurfussball-ffm.de\/wp-content\/uploads\/2024\/12\/u-hed4-768x346.jpg 768w, https:\/\/insideamateurfussball-ffm.de\/wp-content\/uploads\/2024\/12\/u-hed4-1536x692.jpg 1536w, https:\/\/insideamateurfussball-ffm.de\/wp-content\/uploads\/2024\/12\/u-hed4.jpg 2048w\" sizes=\"auto, (max-width: 1024px) 100vw, 1024px\" \/><\/figure>\n<\/figure>\n\n\n\n<figure class=\"wp-block-gallery has-nested-images columns-default is-cropped wp-block-gallery-4 is-layout-flex wp-block-gallery-is-layout-flex\">\n<figure class=\"wp-block-image size-large is-style-rounded\"><img loading=\"lazy\" decoding=\"async\" width=\"1024\" height=\"461\" data-id=\"23045\" src=\"https:\/\/insideamateurfussball-ffm.de\/wp-content\/uploads\/2024\/12\/u-hed5-1024x461.jpg\" alt=\"\" class=\"wp-image-23045\" srcset=\"https:\/\/insideamateurfussball-ffm.de\/wp-content\/uploads\/2024\/12\/u-hed5-1024x461.jpg 1024w, https:\/\/insideamateurfussball-ffm.de\/wp-content\/uploads\/2024\/12\/u-hed5-300x135.jpg 300w, https:\/\/insideamateurfussball-ffm.de\/wp-content\/uploads\/2024\/12\/u-hed5-768x346.jpg 768w, https:\/\/insideamateurfussball-ffm.de\/wp-content\/uploads\/2024\/12\/u-hed5-1536x692.jpg 1536w, https:\/\/insideamateurfussball-ffm.de\/wp-content\/uploads\/2024\/12\/u-hed5.jpg 2048w\" sizes=\"auto, (max-width: 1024px) 100vw, 1024px\" \/><\/figure>\n<\/figure>\n\n\n\n<figure class=\"wp-block-gallery has-nested-images columns-default is-cropped wp-block-gallery-5 is-layout-flex wp-block-gallery-is-layout-flex\">\n<figure class=\"wp-block-image size-large is-style-rounded\"><img loading=\"lazy\" decoding=\"async\" width=\"1024\" height=\"461\" data-id=\"23046\" src=\"https:\/\/insideamateurfussball-ffm.de\/wp-content\/uploads\/2024\/12\/u-hed6-1024x461.jpg\" alt=\"\" class=\"wp-image-23046\" srcset=\"https:\/\/insideamateurfussball-ffm.de\/wp-content\/uploads\/2024\/12\/u-hed6-1024x461.jpg 1024w, https:\/\/insideamateurfussball-ffm.de\/wp-content\/uploads\/2024\/12\/u-hed6-300x135.jpg 300w, https:\/\/insideamateurfussball-ffm.de\/wp-content\/uploads\/2024\/12\/u-hed6-768x346.jpg 768w, https:\/\/insideamateurfussball-ffm.de\/wp-content\/uploads\/2024\/12\/u-hed6-1536x692.jpg 1536w, https:\/\/insideamateurfussball-ffm.de\/wp-content\/uploads\/2024\/12\/u-hed6.jpg 2048w\" sizes=\"auto, (max-width: 1024px) 100vw, 1024px\" \/><\/figure>\n<\/figure>\n","protected":false},"excerpt":{"rendered":"<p>Der FC Union Niederrad und der SV 07 Heddernheim trennten sich in einer turbulenten Partie mit 4:4 (2:1). W\u00e4hrend die Gastgeber sich auf Rang f\u00fcnf mit 33 Punkten weiter im oberen Drittel halten, konnten sich die G\u00e4ste durch sieben Punkte aus den letzten drei Spielen aus der Abstiegszone befreien und gehen als 13. mit 21 [&hellip;]<\/p>\n","protected":false},"author":1,"featured_media":23040,"comment_status":"closed","ping_status":"closed","sticky":true,"template":"","format":"standard","meta":{"footnotes":""},"categories":[2],"tags":[],"class_list":["post-23039","post","type-post","status-publish","format-standard","has-post-thumbnail","hentry","category-kreisoberliga-frankfurt"],"_links":{"self":[{"href":"https:\/\/insideamateurfussball-ffm.de\/index.php?rest_route=\/wp\/v2\/posts\/23039","targetHints":{"allow":["GET"]}}],"collection":[{"href":"https:\/\/insideamateurfussball-ffm.de\/index.php?rest_route=\/wp\/v2\/posts"}],"about":[{"href":"https:\/\/insideamateurfussball-ffm.de\/index.php?rest_route=\/wp\/v2\/types\/post"}],"author":[{"embeddable":true,"href":"https:\/\/insideamateurfussball-ffm.de\/index.php?rest_route=\/wp\/v2\/users\/1"}],"replies":[{"embeddable":true,"href":"https:\/\/insideamateurfussball-ffm.de\/index.php?rest_route=%2Fwp%2Fv2%2Fcomments&post=23039"}],"version-history":[{"count":1,"href":"https:\/\/insideamateurfussball-ffm.de\/index.php?rest_route=\/wp\/v2\/posts\/23039\/revisions"}],"predecessor-version":[{"id":23047,"href":"https:\/\/insideamateurfussball-ffm.de\/index.php?rest_route=\/wp\/v2\/posts\/23039\/revisions\/23047"}],"wp:featuredmedia":[{"embeddable":true,"href":"https:\/\/insideamateurfussball-ffm.de\/index.php?rest_route=\/wp\/v2\/media\/23040"}],"wp:attachment":[{"href":"https:\/\/insideamateurfussball-ffm.de\/index.php?rest_route=%2Fwp%2Fv2%2Fmedia&parent=23039"}],"wp:term":[{"taxonomy":"category","embeddable":true,"href":"https:\/\/insideamateurfussball-ffm.de\/index.php?rest_route=%2Fwp%2Fv2%2Fcategories&post=23039"},{"taxonomy":"post_tag","embeddable":true,"href":"https:\/\/insideamateurfussball-ffm.de\/index.php?rest_route=%2Fwp%2Fv2%2Ftags&post=23039"}],"curies":[{"name":"wp","href":"https:\/\/api.w.org\/{rel}","templated":true}]}}