{"id":23024,"date":"2024-12-09T20:35:09","date_gmt":"2024-12-09T18:35:09","guid":{"rendered":"https:\/\/insideamateurfussball-ffm.de\/?p=23024"},"modified":"2024-12-09T20:51:22","modified_gmt":"2024-12-09T18:51:22","slug":"coach-milbredt-und-bornheim-ii-trennen-sich","status":"publish","type":"post","link":"https:\/\/insideamateurfussball-ffm.de\/?p=23024","title":{"rendered":"Coach Milbredt und Bornheim II trennen sich"},"content":{"rendered":"<h6><span style=\"font-size: 20px;\">Mit 4:1 (1:0) gewann die SG Bornheim\/Gr\u00fcn-Wei\u00df II zum Jahresabschluss gegen Concordia Eschersheim und \u00fcberwintert in der Tabelle mit nun 24 Punkten auf Rang zehn. Die Concordia geht als Siebter mit einem Spiel weniger und 27 Z\u00e4hlern in die rund dreimonatige Pause. Nach der Partie wurde bekannt, dass Trainer Lucas Milbredt und die SG Bornheim ab sofort getrennte Wege gehen.\u00a0<\/span><\/h6>\n<figure id=\"attachment_23025\" aria-describedby=\"caption-attachment-23025\" style=\"width: 300px\" class=\"wp-caption aligncenter\"><img loading=\"lazy\" decoding=\"async\" class=\"wp-image-23025 size-medium\" src=\"http:\/\/insideamateurfussball-ffm.de\/wp-content\/uploads\/2024\/12\/milbredt-300x222.jpg\" alt=\"\" width=\"300\" height=\"222\" srcset=\"https:\/\/insideamateurfussball-ffm.de\/wp-content\/uploads\/2024\/12\/milbredt-300x222.jpg 300w, https:\/\/insideamateurfussball-ffm.de\/wp-content\/uploads\/2024\/12\/milbredt-768x567.jpg 768w, https:\/\/insideamateurfussball-ffm.de\/wp-content\/uploads\/2024\/12\/milbredt.jpg 1013w\" sizes=\"auto, (max-width: 300px) 100vw, 300px\" \/><figcaption id=\"caption-attachment-23025\" class=\"wp-caption-text\">Trainer Lucas Milbredt verl\u00e4sst Bornheim mit sofortiger Wirkung. Foto: Archiv Mithat G\u00fcrser.<\/figcaption><\/figure>\n<h6><span style=\"font-size: 20px;\">SG Bornheim\/Gr\u00fcn-Wei\u00df II &#8211; Concordia Eschersheim 4:1 (1:0)\u00a0<\/span><\/h6>\n<p><img loading=\"lazy\" decoding=\"async\" class=\"alignnone size-full wp-image-119\" src=\"http:\/\/insideamateurfussball-ffm.de\/wp-content\/uploads\/2022\/05\/Bornheim.jpg\" alt=\"\" width=\"80\" height=\"80\" \/><img loading=\"lazy\" decoding=\"async\" class=\"alignnone size-full wp-image-37\" src=\"http:\/\/insideamateurfussball-ffm.de\/wp-content\/uploads\/2021\/11\/1sv07_news2_4178_01_01_02.jpg\" alt=\"\" width=\"80\" height=\"80\" \/><\/p>\n<p>Milbredt sprach von einem &#8222;verdienten Sieg in seinem Abschiedsspiel&#8220; und verk\u00fcndete seinen \u00fcberraschenden Abgang: &#8222;Ich stehe jetzt nicht mehr zur Verf\u00fcgung, denn der Verein konnte sich mit mir nicht \u00fcber eine weitere Zusammenarbeit einigen.&#8220; Um so gl\u00fccklicher sei er, dass &#8222;wir das Spiel gewinnen konnten und jetzt mit 24 Punkten zur Winterpause abgeschlossen haben. Ich m\u00f6chte mich bei der Mannschaft bedanken f\u00fcr ihren Einsatz, die Motivation und die Unterst\u00fctzung sowie die Leistung, die sie gezeigt haben.&#8220;<\/p>\n<p>In den letzten Wochen betreute Milbredt die Bornheimer Reserve alleine, da Trainerkollege Mario Koch zur\u00fcckgetreten war. Die Bornheimer waren durch einen Handelfmeter von Yeman Kelati in F\u00fchrung gegangen (35.). Nach dem Seitenwechsel erh\u00f6hten Youssef Bouniete (55.), Kelati per Freisto\u00df aus 25 Metern (73.) und Raphael Ahmed Gure (85.) auf 4:0. Leo Burkhardt traf noch f\u00fcr die Concordia (88.).<\/p>\n<h6><span style=\"font-size: 20px;\">&#8222;Das war ja insgesamt ein schon schwieriges Halbjahr f\u00fcr uns mit dem Platzumbau und den daraus resultierenden st\u00e4ndigen englischen Wochen.&#8220; (Concordia-Trainer Roland Stipp)<\/span><\/h6>\n<p>&#8222;Wir haben sehr sch\u00f6ne Tore geschossen. Ich w\u00fcnsche meinen Spielern alles Gute f\u00fcr die Zukunft. Ich finde es sehr schade, dass sich die Wege trennen, aber es gab leider keinen gemeinsamen Nenner mehr&#8220;, bedauerte Milbredt seinen Abgang. F\u00fcr Concordia-Trainer Roland Stipp stand fest, dass &#8222;in den letzten zwei, drei Wochen die Frische gefehlt hat. Das kam nicht ganz \u00fcberraschend. Das war ja insgesamt ein schon schwieriges Halbjahr f\u00fcr uns mit dem Platzumbau und den daraus resultierenden st\u00e4ndigen englischen Wochen. Es war klar, dass irgendwann der Akku mal leer ist. Die Jungs haben das aber insgesamt toll gemacht &#8211; da sind einige im Eiltempo gereift. Wir sind gespannt, wie das weiter geht&#8220;, zog der Eschersheimer Trainer ein insgesamt positives Fazit des ersten Saisonabschnittes.<\/p>\n<p>Das in der Vorwoche gegen den FC Gudesding ausgefallene Heimspiel wurde unterdessen f\u00fcr den 23. Februar 2025 &#8211; eine Woche vor dem Restrundenstart &#8211; um 15 Uhr neu terminiert.<\/p>\n<h6><span style=\"font-size: 20px;\">Schiedsrichter: Carsten Ganz (B\u00fcdingen). Zuschauer: 60. <\/span><\/h6>\n<h6><span style=\"font-size: 20px;\">Tore: 1:0 Yeman Kelati (35.\/Handelfmeter), 2:0 Youssef Bouniete (55.), 3:0 Yeman Kelati (73.), 4:0 Raphael Ahmed Gure (85.), 4:1 Leo Burkhardt (88.). <\/span><\/h6>\n<h6><span style=\"font-size: 20px;\">Hier noch eine kleine Bildergalerie von SGB-Fotograf Andre Sturmeit. Vielen Dank!\u00a0<\/span><\/h6>\n<p>\u00a0<\/p>\n<h6>\u00a0<\/h6>\n\n\n<figure class=\"wp-block-image size-large is-style-rounded\"><img loading=\"lazy\" decoding=\"async\" width=\"1024\" height=\"682\" src=\"https:\/\/insideamateurfussball-ffm.de\/wp-content\/uploads\/2024\/12\/SGBII-ConcordiaEschersheim_241208-3-1024x682.jpg\" alt=\"\" class=\"wp-image-23030\" srcset=\"https:\/\/insideamateurfussball-ffm.de\/wp-content\/uploads\/2024\/12\/SGBII-ConcordiaEschersheim_241208-3-1024x682.jpg 1024w, https:\/\/insideamateurfussball-ffm.de\/wp-content\/uploads\/2024\/12\/SGBII-ConcordiaEschersheim_241208-3-300x200.jpg 300w, https:\/\/insideamateurfussball-ffm.de\/wp-content\/uploads\/2024\/12\/SGBII-ConcordiaEschersheim_241208-3-768x511.jpg 768w, https:\/\/insideamateurfussball-ffm.de\/wp-content\/uploads\/2024\/12\/SGBII-ConcordiaEschersheim_241208-3-1536x1023.jpg 1536w, https:\/\/insideamateurfussball-ffm.de\/wp-content\/uploads\/2024\/12\/SGBII-ConcordiaEschersheim_241208-3-2048x1363.jpg 2048w\" sizes=\"auto, (max-width: 1024px) 100vw, 1024px\" \/><\/figure>\n\n\n\n<figure class=\"wp-block-gallery has-nested-images columns-default is-cropped wp-block-gallery-1 is-layout-flex wp-block-gallery-is-layout-flex\">\n<figure class=\"wp-block-image size-large is-style-rounded\"><img loading=\"lazy\" decoding=\"async\" width=\"1024\" height=\"683\" data-id=\"23031\" src=\"https:\/\/insideamateurfussball-ffm.de\/wp-content\/uploads\/2024\/12\/SGBII-ConcordiaEschersheim_241208-9-1024x683.jpg\" alt=\"\" class=\"wp-image-23031\" srcset=\"https:\/\/insideamateurfussball-ffm.de\/wp-content\/uploads\/2024\/12\/SGBII-ConcordiaEschersheim_241208-9-1024x683.jpg 1024w, https:\/\/insideamateurfussball-ffm.de\/wp-content\/uploads\/2024\/12\/SGBII-ConcordiaEschersheim_241208-9-300x200.jpg 300w, https:\/\/insideamateurfussball-ffm.de\/wp-content\/uploads\/2024\/12\/SGBII-ConcordiaEschersheim_241208-9-768x512.jpg 768w, https:\/\/insideamateurfussball-ffm.de\/wp-content\/uploads\/2024\/12\/SGBII-ConcordiaEschersheim_241208-9-1536x1024.jpg 1536w, https:\/\/insideamateurfussball-ffm.de\/wp-content\/uploads\/2024\/12\/SGBII-ConcordiaEschersheim_241208-9-2048x1365.jpg 2048w\" sizes=\"auto, (max-width: 1024px) 100vw, 1024px\" \/><\/figure>\n<\/figure>\n\n\n\n<figure class=\"wp-block-gallery has-nested-images columns-default is-cropped wp-block-gallery-2 is-layout-flex wp-block-gallery-is-layout-flex\">\n<figure class=\"wp-block-image size-large is-style-rounded\"><img loading=\"lazy\" decoding=\"async\" width=\"1024\" height=\"683\" data-id=\"23032\" src=\"https:\/\/insideamateurfussball-ffm.de\/wp-content\/uploads\/2024\/12\/SGBII-ConcordiaEschersheim_241208-5-1024x683.jpg\" alt=\"\" class=\"wp-image-23032\" srcset=\"https:\/\/insideamateurfussball-ffm.de\/wp-content\/uploads\/2024\/12\/SGBII-ConcordiaEschersheim_241208-5-1024x683.jpg 1024w, https:\/\/insideamateurfussball-ffm.de\/wp-content\/uploads\/2024\/12\/SGBII-ConcordiaEschersheim_241208-5-300x200.jpg 300w, https:\/\/insideamateurfussball-ffm.de\/wp-content\/uploads\/2024\/12\/SGBII-ConcordiaEschersheim_241208-5-768x512.jpg 768w, https:\/\/insideamateurfussball-ffm.de\/wp-content\/uploads\/2024\/12\/SGBII-ConcordiaEschersheim_241208-5-1536x1024.jpg 1536w, https:\/\/insideamateurfussball-ffm.de\/wp-content\/uploads\/2024\/12\/SGBII-ConcordiaEschersheim_241208-5-2048x1365.jpg 2048w\" sizes=\"auto, (max-width: 1024px) 100vw, 1024px\" \/><\/figure>\n<\/figure>\n\n\n\n<figure class=\"wp-block-gallery has-nested-images columns-default is-cropped wp-block-gallery-3 is-layout-flex wp-block-gallery-is-layout-flex\">\n<figure class=\"wp-block-image size-large is-style-rounded\"><img loading=\"lazy\" decoding=\"async\" width=\"1024\" height=\"683\" data-id=\"23033\" src=\"https:\/\/insideamateurfussball-ffm.de\/wp-content\/uploads\/2024\/12\/SGBII-ConcordiaEschersheim_241208-1-1024x683.jpg\" alt=\"\" class=\"wp-image-23033\" srcset=\"https:\/\/insideamateurfussball-ffm.de\/wp-content\/uploads\/2024\/12\/SGBII-ConcordiaEschersheim_241208-1-1024x683.jpg 1024w, https:\/\/insideamateurfussball-ffm.de\/wp-content\/uploads\/2024\/12\/SGBII-ConcordiaEschersheim_241208-1-300x200.jpg 300w, https:\/\/insideamateurfussball-ffm.de\/wp-content\/uploads\/2024\/12\/SGBII-ConcordiaEschersheim_241208-1-768x512.jpg 768w, https:\/\/insideamateurfussball-ffm.de\/wp-content\/uploads\/2024\/12\/SGBII-ConcordiaEschersheim_241208-1-1536x1024.jpg 1536w, https:\/\/insideamateurfussball-ffm.de\/wp-content\/uploads\/2024\/12\/SGBII-ConcordiaEschersheim_241208-1-2048x1365.jpg 2048w\" sizes=\"auto, (max-width: 1024px) 100vw, 1024px\" \/><\/figure>\n<\/figure>\n","protected":false},"excerpt":{"rendered":"<p>Mit 4:1 (1:0) gewann die SG Bornheim\/Gr\u00fcn-Wei\u00df II zum Jahresabschluss gegen Concordia Eschersheim und \u00fcberwintert in der Tabelle mit nun 24 Punkten auf Rang zehn. Die Concordia geht als Siebter mit einem Spiel weniger und 27 Z\u00e4hlern in die rund dreimonatige Pause. Nach der Partie wurde bekannt, dass Trainer Lucas Milbredt und die SG Bornheim [&hellip;]<\/p>\n","protected":false},"author":1,"featured_media":23025,"comment_status":"closed","ping_status":"closed","sticky":true,"template":"","format":"standard","meta":{"footnotes":""},"categories":[2],"tags":[],"class_list":["post-23024","post","type-post","status-publish","format-standard","has-post-thumbnail","hentry","category-kreisoberliga-frankfurt"],"_links":{"self":[{"href":"https:\/\/insideamateurfussball-ffm.de\/index.php?rest_route=\/wp\/v2\/posts\/23024","targetHints":{"allow":["GET"]}}],"collection":[{"href":"https:\/\/insideamateurfussball-ffm.de\/index.php?rest_route=\/wp\/v2\/posts"}],"about":[{"href":"https:\/\/insideamateurfussball-ffm.de\/index.php?rest_route=\/wp\/v2\/types\/post"}],"author":[{"embeddable":true,"href":"https:\/\/insideamateurfussball-ffm.de\/index.php?rest_route=\/wp\/v2\/users\/1"}],"replies":[{"embeddable":true,"href":"https:\/\/insideamateurfussball-ffm.de\/index.php?rest_route=%2Fwp%2Fv2%2Fcomments&post=23024"}],"version-history":[{"count":4,"href":"https:\/\/insideamateurfussball-ffm.de\/index.php?rest_route=\/wp\/v2\/posts\/23024\/revisions"}],"predecessor-version":[{"id":23034,"href":"https:\/\/insideamateurfussball-ffm.de\/index.php?rest_route=\/wp\/v2\/posts\/23024\/revisions\/23034"}],"wp:featuredmedia":[{"embeddable":true,"href":"https:\/\/insideamateurfussball-ffm.de\/index.php?rest_route=\/wp\/v2\/media\/23025"}],"wp:attachment":[{"href":"https:\/\/insideamateurfussball-ffm.de\/index.php?rest_route=%2Fwp%2Fv2%2Fmedia&parent=23024"}],"wp:term":[{"taxonomy":"category","embeddable":true,"href":"https:\/\/insideamateurfussball-ffm.de\/index.php?rest_route=%2Fwp%2Fv2%2Fcategories&post=23024"},{"taxonomy":"post_tag","embeddable":true,"href":"https:\/\/insideamateurfussball-ffm.de\/index.php?rest_route=%2Fwp%2Fv2%2Ftags&post=23024"}],"curies":[{"name":"wp","href":"https:\/\/api.w.org\/{rel}","templated":true}]}}