{"id":23010,"date":"2024-12-09T19:16:41","date_gmt":"2024-12-09T17:16:41","guid":{"rendered":"https:\/\/insideamateurfussball-ffm.de\/?p=23010"},"modified":"2024-12-09T19:16:41","modified_gmt":"2024-12-09T17:16:41","slug":"kalbach-vergroessert-vorsprung-in-der-tabelle","status":"publish","type":"post","link":"https:\/\/insideamateurfussball-ffm.de\/?p=23010","title":{"rendered":"Kalbach vergr\u00f6\u00dfert Vorsprung in der Tabelle"},"content":{"rendered":"<h4>Mit einem ungef\u00e4hrdeten 4:0-Sieg gegen T\u00fcrkg\u00fcc\u00fc Frankfurt konnte der FC Kalbach seinen Vorsprung in der Tabelle auf 10 Punkte ausbauen, neuer Tabellenzweiter ist trotz des Abzugs von 6 Punkten jetzt der FC Karben.<\/h4>\n<figure id=\"attachment_23014\" aria-describedby=\"caption-attachment-23014\" style=\"width: 2016px\" class=\"wp-caption alignnone\"><img loading=\"lazy\" decoding=\"async\" class=\"wp-image-23014 size-full\" src=\"http:\/\/insideamateurfussball-ffm.de\/wp-content\/uploads\/2024\/12\/kalbachtuerkguecue03.jpg\" alt=\"\" width=\"2016\" height=\"1512\" srcset=\"https:\/\/insideamateurfussball-ffm.de\/wp-content\/uploads\/2024\/12\/kalbachtuerkguecue03.jpg 2016w, https:\/\/insideamateurfussball-ffm.de\/wp-content\/uploads\/2024\/12\/kalbachtuerkguecue03-300x225.jpg 300w, https:\/\/insideamateurfussball-ffm.de\/wp-content\/uploads\/2024\/12\/kalbachtuerkguecue03-1024x768.jpg 1024w, https:\/\/insideamateurfussball-ffm.de\/wp-content\/uploads\/2024\/12\/kalbachtuerkguecue03-768x576.jpg 768w, https:\/\/insideamateurfussball-ffm.de\/wp-content\/uploads\/2024\/12\/kalbachtuerkguecue03-1536x1152.jpg 1536w\" sizes=\"auto, (max-width: 2016px) 100vw, 2016px\" \/><figcaption id=\"caption-attachment-23014\" class=\"wp-caption-text\">Jubel im Kreis des FC Kalbach nach dem Spiel. Foto: MZ<\/figcaption><\/figure>\n<h4>FC Kalbach &#8211; T\u00fcrkg\u00fcc\u00fc Frankfurt 4:0 (3:0)<\/h4>\n<p><img loading=\"lazy\" decoding=\"async\" class=\"alignnone size-full wp-image-16\" src=\"http:\/\/insideamateurfussball-ffm.de\/wp-content\/uploads\/2021\/11\/kalbach-wappen.jpg\" alt=\"\" width=\"80\" height=\"80\" \/><img loading=\"lazy\" decoding=\"async\" class=\"alignnone size-full wp-image-17\" src=\"http:\/\/insideamateurfussball-ffm.de\/wp-content\/uploads\/2021\/11\/Tuerkguecue.jpg\" alt=\"\" width=\"72\" height=\"80\" \/><\/p>\n<p>Der FC Kalbach wurde seiner Favoritenrolle im Spiel gegen T\u00fcrkg\u00fcc\u00fc Frankfurt gerecht und besiegte die anstiegsbedrohten G\u00e4ste klar mit 4:0. Die Kalbacher hatten schon zu Beginn mehr Ballbesitz und offensive Aktionen, wenngleich sich T\u00fcrkg\u00fcc\u00fc nicht einmauerte und immer wieder versuchte, durch Konter Nadelstiche zu setzen. Es dauerte allerdings ein wenig, bis sich Kalbach Torchancen erspielen konnte, in der 23.Minute war es Ricardo Harrabi, der aus \u00fcber 20 Metern einen Distanzschuss wagte, T\u00fcrkg\u00fcc\u00fcs Torwart Reahan Mahmood rutschte aus und konnte so den Ball nicht mehr erreichen, der im rechten Toreck einschlug.<\/p>\n<p>Auch das zweite Tor entsprang einem Distanzschuss, den diesmal Olver Pauls aus 25 Metern abzog, f\u00fcr den Torh\u00fcter unerreichbar das 2:0 f\u00fcr Kalbach in der 29.Minute. Dass f\u00fcr T\u00fcrkg\u00fcc\u00fc an diesem Tag nicht viel lief, zeigte sich in der 39.Minute, als Nick Fiege im Strafraum der Kalbacher zu Fall kam. Emre Kadimli schnappte sich den Ball, schoss ihn aber mittig aufs Tor und Fabian Lanthaler, der den Kalbachern in Friedrichsdorf den Sieg gerettet hat, konnte den Ball abwehren. Und in der 42.Minute gab es einen Freisto\u00df f\u00fcr Kalbach aus 25 Metern von der halblinken Seite: Celil Cetinkaya schoss den Ball \u00fcber die Mauer ins kurze Eck, und mit dem dritten Fernschuss hie\u00df es dann 3:0 zur Pause.<\/p>\n<p>Die ersten 10 Minuten in der zweiten H\u00e4lfte dr\u00fcckte Kalbach, danach verflachte die Partie etwas, bis zur 76.Minute, als Ihab Suleiman im Strafraum von T\u00fcrkg\u00fcc\u00fc von den Beinen geholt wurde. Oliver Pauls verwandelte den Strafsto\u00df souver\u00e4n zum 4:0. Nur drei Minuten sp\u00e4ter gab es erneut Elfmeter f\u00fcr Kalbach, der \u00dcbelt\u00e4ter Tayfun G\u00fcrsoy wurde nach seinem Foul mit gelb-rot vom Platz gestellt. Aleksej Radulaski nahm sich den Ball und schoss ihn links am Tor vorbei. Somit blieb es beim 4:0.<\/p>\n<p>Kalbachs Vorstandsmitglied Manni Meyer war gl\u00fccklich: \u201eklare Sache, das Spiel war von Anfang an auf unserer Seite, wir haben verdient gewonnen. In der zweiten Halbzeit haben wir etwas zur\u00fcckgeschraubt, und haben auch den Elfmeter verschossen, drei vier Chancen liegen lassen. Aber das Fazit f\u00fcr dieses Jahr: einfach eine tolle Leistung, 10 Punkte sind wir vorne dran, mehr geht nicht.\u201c<\/p>\n<p>T\u00fcrkg\u00fcc\u00fcs Trainer Hakan Tekin: \u201ees war nat\u00fcrlich ein harter Gegner, nicht umsonst Tabellenf\u00fchrer, ich glaube, wir haben es die ersten 15-20 Minuten gut gemacht, dann mit einem verlorenen Zweikampf vor dem Sechzehner geraten wir 1:0 in R\u00fcckstand. Dann wird es nat\u00fcrlich schwierig f\u00fcr uns, weil da einfach die K\u00f6pfe runtergehen. Dann muss man sagen, hat Kalbach die Klasse ausgespielt. Wir haben dagegengehalten, zu mehr langt es derzeit nicht, und wir sind alle froh, dass es jetzt in die Winterpause geht und wir dann die Pause nutzen k\u00f6nnen. Und dann werden wir gucken, dass wir eine gute Vorbereitung haben und dass wir gut aus den Startl\u00f6chern kommen.\u201c<\/p>\n<p>W\u00e4hrend T\u00fcrkg\u00fcc\u00fc Frankfurt mit 18 Punkten derzeit den Relegationsplatz belegt, thront der Tabellenf\u00fchrer FC Kalbach mit 10 Punkten vor dem FC Karben an der Spitze.<\/p>\n<h4>Schiedsrichter: Ayman Aamer (1.FSV Schierstein 08). Zuschauer: 100.<\/h4>\n<h4>Tore: 1:0 Ricardo Harrabi (23.), 2:0 Oliver Pauls (29.), 3:0 Celil Cetinkaya (42.), 4:0 Oliver Pauls (76., Elfmeter)<\/h4>\n\n\n<figure class=\"wp-block-image size-large\"><img loading=\"lazy\" decoding=\"async\" width=\"1024\" height=\"768\" src=\"http:\/\/insideamateurfussball-ffm.de\/wp-content\/uploads\/2024\/12\/kalbachtuerkguecue00-1024x768.jpg\" alt=\"\" class=\"wp-image-23011\" srcset=\"https:\/\/insideamateurfussball-ffm.de\/wp-content\/uploads\/2024\/12\/kalbachtuerkguecue00-1024x768.jpg 1024w, https:\/\/insideamateurfussball-ffm.de\/wp-content\/uploads\/2024\/12\/kalbachtuerkguecue00-300x225.jpg 300w, https:\/\/insideamateurfussball-ffm.de\/wp-content\/uploads\/2024\/12\/kalbachtuerkguecue00-768x576.jpg 768w, https:\/\/insideamateurfussball-ffm.de\/wp-content\/uploads\/2024\/12\/kalbachtuerkguecue00-1536x1152.jpg 1536w, https:\/\/insideamateurfussball-ffm.de\/wp-content\/uploads\/2024\/12\/kalbachtuerkguecue00.jpg 2016w\" sizes=\"auto, (max-width: 1024px) 100vw, 1024px\" \/><\/figure>\n\n\n\n<figure class=\"wp-block-image size-large\"><img loading=\"lazy\" decoding=\"async\" width=\"1024\" height=\"768\" src=\"http:\/\/insideamateurfussball-ffm.de\/wp-content\/uploads\/2024\/12\/kalbachtuerkguecue01-1024x768.jpg\" alt=\"\" class=\"wp-image-23012\" srcset=\"https:\/\/insideamateurfussball-ffm.de\/wp-content\/uploads\/2024\/12\/kalbachtuerkguecue01-1024x768.jpg 1024w, https:\/\/insideamateurfussball-ffm.de\/wp-content\/uploads\/2024\/12\/kalbachtuerkguecue01-300x225.jpg 300w, https:\/\/insideamateurfussball-ffm.de\/wp-content\/uploads\/2024\/12\/kalbachtuerkguecue01-768x576.jpg 768w, https:\/\/insideamateurfussball-ffm.de\/wp-content\/uploads\/2024\/12\/kalbachtuerkguecue01-1536x1152.jpg 1536w, https:\/\/insideamateurfussball-ffm.de\/wp-content\/uploads\/2024\/12\/kalbachtuerkguecue01.jpg 2016w\" sizes=\"auto, (max-width: 1024px) 100vw, 1024px\" \/><\/figure>\n\n\n\n<figure class=\"wp-block-image size-large\"><img loading=\"lazy\" decoding=\"async\" width=\"1024\" height=\"768\" src=\"http:\/\/insideamateurfussball-ffm.de\/wp-content\/uploads\/2024\/12\/kalbachtuerkguecue04-1024x768.jpg\" alt=\"\" class=\"wp-image-23015\" srcset=\"https:\/\/insideamateurfussball-ffm.de\/wp-content\/uploads\/2024\/12\/kalbachtuerkguecue04-1024x768.jpg 1024w, https:\/\/insideamateurfussball-ffm.de\/wp-content\/uploads\/2024\/12\/kalbachtuerkguecue04-300x225.jpg 300w, https:\/\/insideamateurfussball-ffm.de\/wp-content\/uploads\/2024\/12\/kalbachtuerkguecue04-768x576.jpg 768w, https:\/\/insideamateurfussball-ffm.de\/wp-content\/uploads\/2024\/12\/kalbachtuerkguecue04-1536x1152.jpg 1536w, https:\/\/insideamateurfussball-ffm.de\/wp-content\/uploads\/2024\/12\/kalbachtuerkguecue04.jpg 2016w\" sizes=\"auto, (max-width: 1024px) 100vw, 1024px\" \/><\/figure>\n\n\n\n<figure class=\"wp-block-image size-large\"><img loading=\"lazy\" decoding=\"async\" width=\"1024\" height=\"768\" src=\"http:\/\/insideamateurfussball-ffm.de\/wp-content\/uploads\/2024\/12\/kalbachtuerkguecue02-1024x768.jpg\" alt=\"\" class=\"wp-image-23013\" srcset=\"https:\/\/insideamateurfussball-ffm.de\/wp-content\/uploads\/2024\/12\/kalbachtuerkguecue02-1024x768.jpg 1024w, https:\/\/insideamateurfussball-ffm.de\/wp-content\/uploads\/2024\/12\/kalbachtuerkguecue02-300x225.jpg 300w, https:\/\/insideamateurfussball-ffm.de\/wp-content\/uploads\/2024\/12\/kalbachtuerkguecue02-768x576.jpg 768w, https:\/\/insideamateurfussball-ffm.de\/wp-content\/uploads\/2024\/12\/kalbachtuerkguecue02-1536x1152.jpg 1536w, https:\/\/insideamateurfussball-ffm.de\/wp-content\/uploads\/2024\/12\/kalbachtuerkguecue02.jpg 2016w\" sizes=\"auto, (max-width: 1024px) 100vw, 1024px\" \/><\/figure>\n","protected":false},"excerpt":{"rendered":"<p>Mit einem ungef\u00e4hrdeten 4:0-Sieg gegen T\u00fcrkg\u00fcc\u00fc Frankfurt konnte der FC Kalbach seinen Vorsprung in der Tabelle auf 10 Punkte ausbauen, neuer Tabellenzweiter ist trotz des Abzugs von 6 Punkten jetzt der FC Karben. FC Kalbach &#8211; T\u00fcrkg\u00fcc\u00fc Frankfurt 4:0 (3:0) Der FC Kalbach wurde seiner Favoritenrolle im Spiel gegen T\u00fcrkg\u00fcc\u00fc Frankfurt gerecht und besiegte die [&hellip;]<\/p>\n","protected":false},"author":3,"featured_media":23014,"comment_status":"closed","ping_status":"open","sticky":true,"template":"","format":"standard","meta":{"footnotes":""},"categories":[13],"tags":[],"class_list":["post-23010","post","type-post","status-publish","format-standard","has-post-thumbnail","hentry","category-gruppenliga-frankfurt-west"],"_links":{"self":[{"href":"https:\/\/insideamateurfussball-ffm.de\/index.php?rest_route=\/wp\/v2\/posts\/23010","targetHints":{"allow":["GET"]}}],"collection":[{"href":"https:\/\/insideamateurfussball-ffm.de\/index.php?rest_route=\/wp\/v2\/posts"}],"about":[{"href":"https:\/\/insideamateurfussball-ffm.de\/index.php?rest_route=\/wp\/v2\/types\/post"}],"author":[{"embeddable":true,"href":"https:\/\/insideamateurfussball-ffm.de\/index.php?rest_route=\/wp\/v2\/users\/3"}],"replies":[{"embeddable":true,"href":"https:\/\/insideamateurfussball-ffm.de\/index.php?rest_route=%2Fwp%2Fv2%2Fcomments&post=23010"}],"version-history":[{"count":2,"href":"https:\/\/insideamateurfussball-ffm.de\/index.php?rest_route=\/wp\/v2\/posts\/23010\/revisions"}],"predecessor-version":[{"id":23019,"href":"https:\/\/insideamateurfussball-ffm.de\/index.php?rest_route=\/wp\/v2\/posts\/23010\/revisions\/23019"}],"wp:featuredmedia":[{"embeddable":true,"href":"https:\/\/insideamateurfussball-ffm.de\/index.php?rest_route=\/wp\/v2\/media\/23014"}],"wp:attachment":[{"href":"https:\/\/insideamateurfussball-ffm.de\/index.php?rest_route=%2Fwp%2Fv2%2Fmedia&parent=23010"}],"wp:term":[{"taxonomy":"category","embeddable":true,"href":"https:\/\/insideamateurfussball-ffm.de\/index.php?rest_route=%2Fwp%2Fv2%2Fcategories&post=23010"},{"taxonomy":"post_tag","embeddable":true,"href":"https:\/\/insideamateurfussball-ffm.de\/index.php?rest_route=%2Fwp%2Fv2%2Ftags&post=23010"}],"curies":[{"name":"wp","href":"https:\/\/api.w.org\/{rel}","templated":true}]}}