{"id":23004,"date":"2024-12-09T18:25:40","date_gmt":"2024-12-09T16:25:40","guid":{"rendered":"https:\/\/insideamateurfussball-ffm.de\/?p=23004"},"modified":"2024-12-09T18:25:40","modified_gmt":"2024-12-09T16:25:40","slug":"tempo-ueberrascht-in-oberrad","status":"publish","type":"post","link":"https:\/\/insideamateurfussball-ffm.de\/?p=23004","title":{"rendered":"Tempo \u00fcberrascht in Oberrad"},"content":{"rendered":"<h4>Mit einem \u00fcberraschenden, aber sehr wichtigen Sieg war der FC Tempo bei der Spvgg. 05 Oberrad erfolgreich. Das goldene Tor f\u00fcr die G\u00e4ste erzielte Aleksa Atanasovic kurz nach der Halbzeit.<\/h4>\n<figure id=\"attachment_20736\" aria-describedby=\"caption-attachment-20736\" style=\"width: 640px\" class=\"wp-caption alignnone\"><img loading=\"lazy\" decoding=\"async\" class=\"wp-image-20736 size-full\" src=\"http:\/\/insideamateurfussball-ffm.de\/wp-content\/uploads\/2024\/09\/tempooberrad17.jpg\" alt=\"\" width=\"640\" height=\"480\" srcset=\"https:\/\/insideamateurfussball-ffm.de\/wp-content\/uploads\/2024\/09\/tempooberrad17.jpg 640w, https:\/\/insideamateurfussball-ffm.de\/wp-content\/uploads\/2024\/09\/tempooberrad17-300x225.jpg 300w\" sizes=\"auto, (max-width: 640px) 100vw, 640px\" \/><figcaption id=\"caption-attachment-20736\" class=\"wp-caption-text\">Tempo konnte \u00fcberraschend bei der Spvgg. 05 Oberrad siegen. Foto: Archiv MZ<\/figcaption><\/figure>\n<h4>Spvgg. 05 Oberrad &#8211; FC Tempo 0:1 (0:0)<\/h4>\n<p><img loading=\"lazy\" decoding=\"async\" class=\"alignnone size-full wp-image-137\" src=\"http:\/\/insideamateurfussball-ffm.de\/wp-content\/uploads\/2022\/05\/Oberrad05.jpg\" alt=\"\" width=\"79\" height=\"80\" \/><img loading=\"lazy\" decoding=\"async\" class=\"alignnone size-full wp-image-31\" src=\"http:\/\/insideamateurfussball-ffm.de\/wp-content\/uploads\/2021\/11\/Tempo.jpg\" alt=\"\" width=\"80\" height=\"80\" \/><\/p>\n<p>Nach f\u00fcnf Spielen ohne Sieg konnte der FC Tempo wieder einen Dreier holen. Bei der Spvgg. 05 Oberrad gewannen die G\u00e4ste durch ein Tor von Aleksa Atanasovic aus der 51.Minute und sprangen in der Tabelle damit auf einen Platz au\u00dferhalb der Abstiegsr\u00e4nge. Oberrads Trainer Gabriel Bernstein und Tempos Sportlicher Leiter Zoran Marcetic waren sich in der Beurteilung der Partie nicht ganz einig.<\/p>\n<p>Trainer Bernstein: \u201ewir hatten mehr vom Spiel und auch mehr Ballbesitz, es ist aber nichts Z\u00e4hlbares dabei herausgesprungen. Wir waren sorglos in der Defensive und sorglos in der Offensive.\u201c Mit der Sorglosigkeit in der Offensive sprach der Trainer an, dass die vorhandenen Chancen nicht konsequent genug abgeschlossen worden. Und die Sorglosigkeit in der Defensive f\u00fchrte auch zum einzigen Treffer des Spiels, als ein Einwurf an den langen Pfosten verl\u00e4ngert wurde und Atanasovic den Ball verwerten konnte. Gleichzeitig lobte Bernstein seinen Torh\u00fcter Paul Harbrecht, der in der zweiten Halbzeit zwei- bis dreimal gro\u00dfartig reagieren musste.<\/p>\n<p>Zoran Marcetic zum Spiel: \u201ees war heute ein sehr wichtiger Sieg, wir waren heute in Oberrad die bessere Mannschaft, der Torwart von Oberrad hat heute bestimmt vier oder f\u00fcnf Tore verhindert. Wir haben ein gutes Spiel gemacht und wollen hoffen, dass wir diesen Sieg dann ins neue Jahr mitnehmen k\u00f6nnen und im Abstiegskampf dann weitere Punkte holen.\u201c<\/p>\n<h4>Schiedsrichter: Max Milau (FV Delkenheim). Zuschauer: 150.<\/h4>\n<h4>Tore: 0:1 Aleksa Atanasovic (51.)<\/h4>\n","protected":false},"excerpt":{"rendered":"<p>Mit einem \u00fcberraschenden, aber sehr wichtigen Sieg war der FC Tempo bei der Spvgg. 05 Oberrad erfolgreich. Das goldene Tor f\u00fcr die G\u00e4ste erzielte Aleksa Atanasovic kurz nach der Halbzeit. Spvgg. 05 Oberrad &#8211; FC Tempo 0:1 (0:0) Nach f\u00fcnf Spielen ohne Sieg konnte der FC Tempo wieder einen Dreier holen. Bei der Spvgg. 05 [&hellip;]<\/p>\n","protected":false},"author":3,"featured_media":20736,"comment_status":"closed","ping_status":"open","sticky":true,"template":"","format":"standard","meta":{"footnotes":""},"categories":[13],"tags":[],"class_list":["post-23004","post","type-post","status-publish","format-standard","has-post-thumbnail","hentry","category-gruppenliga-frankfurt-west"],"_links":{"self":[{"href":"https:\/\/insideamateurfussball-ffm.de\/index.php?rest_route=\/wp\/v2\/posts\/23004","targetHints":{"allow":["GET"]}}],"collection":[{"href":"https:\/\/insideamateurfussball-ffm.de\/index.php?rest_route=\/wp\/v2\/posts"}],"about":[{"href":"https:\/\/insideamateurfussball-ffm.de\/index.php?rest_route=\/wp\/v2\/types\/post"}],"author":[{"embeddable":true,"href":"https:\/\/insideamateurfussball-ffm.de\/index.php?rest_route=\/wp\/v2\/users\/3"}],"replies":[{"embeddable":true,"href":"https:\/\/insideamateurfussball-ffm.de\/index.php?rest_route=%2Fwp%2Fv2%2Fcomments&post=23004"}],"version-history":[{"count":2,"href":"https:\/\/insideamateurfussball-ffm.de\/index.php?rest_route=\/wp\/v2\/posts\/23004\/revisions"}],"predecessor-version":[{"id":23006,"href":"https:\/\/insideamateurfussball-ffm.de\/index.php?rest_route=\/wp\/v2\/posts\/23004\/revisions\/23006"}],"wp:featuredmedia":[{"embeddable":true,"href":"https:\/\/insideamateurfussball-ffm.de\/index.php?rest_route=\/wp\/v2\/media\/20736"}],"wp:attachment":[{"href":"https:\/\/insideamateurfussball-ffm.de\/index.php?rest_route=%2Fwp%2Fv2%2Fmedia&parent=23004"}],"wp:term":[{"taxonomy":"category","embeddable":true,"href":"https:\/\/insideamateurfussball-ffm.de\/index.php?rest_route=%2Fwp%2Fv2%2Fcategories&post=23004"},{"taxonomy":"post_tag","embeddable":true,"href":"https:\/\/insideamateurfussball-ffm.de\/index.php?rest_route=%2Fwp%2Fv2%2Ftags&post=23004"}],"curies":[{"name":"wp","href":"https:\/\/api.w.org\/{rel}","templated":true}]}}