{"id":22995,"date":"2024-12-09T16:04:39","date_gmt":"2024-12-09T14:04:39","guid":{"rendered":"https:\/\/insideamateurfussball-ffm.de\/?p=22995"},"modified":"2024-12-09T16:04:39","modified_gmt":"2024-12-09T14:04:39","slug":"seckbach-verpasst-sprung-auf-platz-2","status":"publish","type":"post","link":"https:\/\/insideamateurfussball-ffm.de\/?p=22995","title":{"rendered":"Seckbach verpasst Sprung auf Platz 2"},"content":{"rendered":"<h4>Die FG Seckbach verpasste durch die dritte Heimniederlage in den letzten 4 Heimspielen beim 1:2 gegen den FC Karben den Sprung auf Tabellenplatz 2, den jetzt trotz des Abzugs von 6 Punkten Karben einnimmt.<\/h4>\n<figure id=\"attachment_22882\" aria-describedby=\"caption-attachment-22882\" style=\"width: 2016px\" class=\"wp-caption alignnone\"><img loading=\"lazy\" decoding=\"async\" class=\"wp-image-22882 size-full\" src=\"http:\/\/insideamateurfussball-ffm.de\/wp-content\/uploads\/2024\/12\/seckbachbosnien05.jpg\" alt=\"\" width=\"2016\" height=\"1512\" srcset=\"https:\/\/insideamateurfussball-ffm.de\/wp-content\/uploads\/2024\/12\/seckbachbosnien05.jpg 2016w, https:\/\/insideamateurfussball-ffm.de\/wp-content\/uploads\/2024\/12\/seckbachbosnien05-300x225.jpg 300w, https:\/\/insideamateurfussball-ffm.de\/wp-content\/uploads\/2024\/12\/seckbachbosnien05-1024x768.jpg 1024w, https:\/\/insideamateurfussball-ffm.de\/wp-content\/uploads\/2024\/12\/seckbachbosnien05-768x576.jpg 768w, https:\/\/insideamateurfussball-ffm.de\/wp-content\/uploads\/2024\/12\/seckbachbosnien05-1536x1152.jpg 1536w\" sizes=\"auto, (max-width: 2016px) 100vw, 2016px\" \/><figcaption id=\"caption-attachment-22882\" class=\"wp-caption-text\">Die Seckbacher Mannschaft musste erneut eine Heimniederlage einstecken. Foto: Archiv MZ<\/figcaption><\/figure>\n<h4>FG Seckbach &#8211; FC Karben 1:2 (0:1)<\/h4>\n<p><img loading=\"lazy\" decoding=\"async\" class=\"alignnone size-full wp-image-544\" src=\"http:\/\/insideamateurfussball-ffm.de\/wp-content\/uploads\/2022\/06\/Seckbach.jpg\" alt=\"\" width=\"80\" height=\"80\" \/><img loading=\"lazy\" decoding=\"async\" class=\"alignnone size-full wp-image-2525\" src=\"http:\/\/insideamateurfussball-ffm.de\/wp-content\/uploads\/2022\/09\/karben.jpg\" alt=\"\" width=\"65\" height=\"80\" \/><\/p>\n<p>Die FG Seckbach wollte sich f\u00fcr die klare Heimniederlage gegen den SV Bosnien\/Herzegowina rehabilitieren und ging das Topspiel gegen den FC Karben auch offensiv an, erspielte sich auch zwei Torchancen, doch die Sch\u00fcsse gingen am Tor vorbei. In der 28.Minute verlor FG-Torwart Christoph Lange den Ball an den attackierenden Owen Hare und foulte diesen im Anschluss, den f\u00e4lligen Strafsto\u00df verwandelte Hare selbst zum 1:0 f\u00fcr die G\u00e4ste. In der 45.Minute traf Yannick Siering mit einem Schuss nur das Aluminium, sodass es mit einem 0;1 aus Sicht von Seckbach in die Kabine ging.<\/p>\n<p>In der zweiten Halbzeit erhielten die Gastgeber fr\u00fch den n\u00e4chsten R\u00fcckschlag, der Schiedsrichter schickte in der 54.Minute Alieu Sanneh Dampha mit der roten Karte vom Platz. In \u00dcberzahl konnten die G\u00e4ste aus Karben dann in der 80.Minute durch ein Tor von Yannick Noah Alter auf 2:0 erh\u00f6hen, doch trotz Unterzahl zeigte Seckbach Charakter und erzielte in der 88.Minute den Anschlusstreffer zum 1:2 durch Florian Schuberth. In der f\u00fcnften Minute der Nachspielzeit hatten die Gastgeber dann die gro\u00dfe Chance auf den Ausgleich, doch Kapit\u00e4n Milad Wardak scheiterte freistehend am gl\u00e4nzend parierenden Schlussmann der Karbener Leos Hundertmark.<\/p>\n<p>Seckbachs Spielausschuss-Vorsitzender Jo Nareike nach dem Spiel: \u201eeine Punkteteilung w\u00e4re aus meiner Sicht gerechter gewesen. Wir waren 35 Minuten mit 10 Mann \u00fcberlegen, ohne zwingende Torchancen herauszuspielen. Ich finde, es war ein hochklassiges Spiel mit relativ wenigen Torchancen. Mit dem m\u00f6glichen Lucky Punch in der Nachspielzeit w\u00e4re es durchaus gerecht gewesen, hier einen Punkt mitzunehmen. Gratulation an Karben.\u201c<\/p>\n<p>Die zwei Heimniederlagen kurz vor der Winterpause tr\u00fcben etwas den Gesamteindruck der bisherigen Saison, doch Seckbach war eine der \u00dcberraschungsmannschaften und liegt jetzt mit 36 Punkten auf einem hervorragenden f\u00fcnften Tabellenplatz.<\/p>\n<h4>Schiedsrichter: Moritz Mohr (SC Waldgirmes). Zuschauer: 140.<\/h4>\n<h4>Tore: 0:1 Owen Hare (29., Elfmeter), 0:2 Yannick Noah Alter (80.), 1:2 Florian Schuberth (88.)<\/h4>\n","protected":false},"excerpt":{"rendered":"<p>Die FG Seckbach verpasste durch die dritte Heimniederlage in den letzten 4 Heimspielen beim 1:2 gegen den FC Karben den Sprung auf Tabellenplatz 2, den jetzt trotz des Abzugs von 6 Punkten Karben einnimmt. FG Seckbach &#8211; FC Karben 1:2 (0:1) Die FG Seckbach wollte sich f\u00fcr die klare Heimniederlage gegen den SV Bosnien\/Herzegowina rehabilitieren [&hellip;]<\/p>\n","protected":false},"author":3,"featured_media":22882,"comment_status":"closed","ping_status":"open","sticky":true,"template":"","format":"standard","meta":{"footnotes":""},"categories":[13],"tags":[],"class_list":["post-22995","post","type-post","status-publish","format-standard","has-post-thumbnail","hentry","category-gruppenliga-frankfurt-west"],"_links":{"self":[{"href":"https:\/\/insideamateurfussball-ffm.de\/index.php?rest_route=\/wp\/v2\/posts\/22995","targetHints":{"allow":["GET"]}}],"collection":[{"href":"https:\/\/insideamateurfussball-ffm.de\/index.php?rest_route=\/wp\/v2\/posts"}],"about":[{"href":"https:\/\/insideamateurfussball-ffm.de\/index.php?rest_route=\/wp\/v2\/types\/post"}],"author":[{"embeddable":true,"href":"https:\/\/insideamateurfussball-ffm.de\/index.php?rest_route=\/wp\/v2\/users\/3"}],"replies":[{"embeddable":true,"href":"https:\/\/insideamateurfussball-ffm.de\/index.php?rest_route=%2Fwp%2Fv2%2Fcomments&post=22995"}],"version-history":[{"count":2,"href":"https:\/\/insideamateurfussball-ffm.de\/index.php?rest_route=\/wp\/v2\/posts\/22995\/revisions"}],"predecessor-version":[{"id":22997,"href":"https:\/\/insideamateurfussball-ffm.de\/index.php?rest_route=\/wp\/v2\/posts\/22995\/revisions\/22997"}],"wp:featuredmedia":[{"embeddable":true,"href":"https:\/\/insideamateurfussball-ffm.de\/index.php?rest_route=\/wp\/v2\/media\/22882"}],"wp:attachment":[{"href":"https:\/\/insideamateurfussball-ffm.de\/index.php?rest_route=%2Fwp%2Fv2%2Fmedia&parent=22995"}],"wp:term":[{"taxonomy":"category","embeddable":true,"href":"https:\/\/insideamateurfussball-ffm.de\/index.php?rest_route=%2Fwp%2Fv2%2Fcategories&post=22995"},{"taxonomy":"post_tag","embeddable":true,"href":"https:\/\/insideamateurfussball-ffm.de\/index.php?rest_route=%2Fwp%2Fv2%2Ftags&post=22995"}],"curies":[{"name":"wp","href":"https:\/\/api.w.org\/{rel}","templated":true}]}}