{"id":22992,"date":"2024-12-09T15:35:43","date_gmt":"2024-12-09T13:35:43","guid":{"rendered":"https:\/\/insideamateurfussball-ffm.de\/?p=22992"},"modified":"2024-12-09T15:35:43","modified_gmt":"2024-12-09T13:35:43","slug":"bosnier-mit-erneutem-kantersieg","status":"publish","type":"post","link":"https:\/\/insideamateurfussball-ffm.de\/?p=22992","title":{"rendered":"Bosnier mit erneutem Kantersieg"},"content":{"rendered":"<h4>Die Winterpause kommt f\u00fcr den SV Bosnien\/Herzegowina zur Unzeit, denn zum dritten Mal in Folge gelang mit dem 4:0 gegen den Aufsteiger Spvgg. 05\/99 Bomber Bad Homburg ein klarer Sieg.<\/h4>\n<figure id=\"attachment_22721\" aria-describedby=\"caption-attachment-22721\" style=\"width: 886px\" class=\"wp-caption alignnone\"><img loading=\"lazy\" decoding=\"async\" class=\"wp-image-22721 size-full\" src=\"http:\/\/insideamateurfussball-ffm.de\/wp-content\/uploads\/2024\/11\/bosn2-2.jpg\" alt=\"\" width=\"886\" height=\"598\" srcset=\"https:\/\/insideamateurfussball-ffm.de\/wp-content\/uploads\/2024\/11\/bosn2-2.jpg 886w, https:\/\/insideamateurfussball-ffm.de\/wp-content\/uploads\/2024\/11\/bosn2-2-300x202.jpg 300w, https:\/\/insideamateurfussball-ffm.de\/wp-content\/uploads\/2024\/11\/bosn2-2-768x518.jpg 768w\" sizes=\"auto, (max-width: 886px) 100vw, 886px\" \/><figcaption id=\"caption-attachment-22721\" class=\"wp-caption-text\">Die Bosnier h\u00e4tten nach drei klaren Siegen gerne weitergespielt. Foto: Archiv Mithat G\u00fcrser<\/figcaption><\/figure>\n<h4>SV Bosnien\/Herzegowina &#8211; Spvgg. 05\/99 Bomber Bad Homburg 4:0 (2:0)<\/h4>\n<p><img loading=\"lazy\" decoding=\"async\" class=\"alignnone size-full wp-image-139\" src=\"http:\/\/insideamateurfussball-ffm.de\/wp-content\/uploads\/2022\/05\/Bosnien.jpg\" alt=\"\" width=\"79\" height=\"80\" \/><img loading=\"lazy\" decoding=\"async\" class=\"alignnone size-full wp-image-1287\" src=\"http:\/\/insideamateurfussball-ffm.de\/wp-content\/uploads\/2022\/07\/HeaderLogoSpvgg1-80x80-1.png\" alt=\"\" width=\"80\" height=\"80\" \/><\/p>\n<p>6:0, 6:1, 4:0 so lauen die letzten drei Ergebnisse des SV Bosnien\/Herzegowina. Von daher kann man die Aussage von Bosniens Sportlichem Leiter Asmir Husanovic verstehen: \u201eschade, dass es jetzt in die Winterpause geht.\u201c Auch die G\u00e4ste von der Spvgg. 05\/99 Bomber Bad Homburg hatten gegen die Gastgeber an diesem Nachmittag nichts zu bestellen. Husanovic sah seine Mannschaft \u201ein allen Spielbereichen \u00fcberlegen\u201c, die Tore gegen den Aufsteiger fielen in regelm\u00e4\u00dfigen Abst\u00e4nden.<\/p>\n<p>Secouba Diatta schn\u00fcrte in der ersten Halbzeit einen Doppelpack, dem 1:0 in der 21.Minute lie\u00df er kurz vor der Halbzeit in der 44.Minute sein bereits neuntes Saisontor folgen. Auch nach der Halbzeit waren die Bosnier \u00fcberlegen, Hamza Reko in der 70.Minute und Ryo Nishiyama in der 90.Minute erh\u00f6hten dann noch auf 4:0, f\u00fcr Husanovic ein \u201eauch in der H\u00f6he verdientes Ergebnis\u201c. Die Bosnier wollen in der Winterpause die gute Form konservieren und im neuen Jahr schauen, was noch nach vorne geht. Derzeit liegt man mit 31 Punkten auf dem achten Tabellenplatz 8 Punkte hinter dem Relegationsplatz.<\/p>\n<h4>Schiedsrichter: Benedict Mayer (Hellas R\u00fcsselsheim). Zuschauer: 100.<\/h4>\n<h4>Tore: 1:0 Secouba Diatta (21.), 2:0 Secouba Diatta (44.), 3:0 Hamza Reko (72.), 4:0 Ryo Nishiyama (90.)<\/h4>\n","protected":false},"excerpt":{"rendered":"<p>Die Winterpause kommt f\u00fcr den SV Bosnien\/Herzegowina zur Unzeit, denn zum dritten Mal in Folge gelang mit dem 4:0 gegen den Aufsteiger Spvgg. 05\/99 Bomber Bad Homburg ein klarer Sieg. SV Bosnien\/Herzegowina &#8211; Spvgg. 05\/99 Bomber Bad Homburg 4:0 (2:0) 6:0, 6:1, 4:0 so lauen die letzten drei Ergebnisse des SV Bosnien\/Herzegowina. Von daher kann [&hellip;]<\/p>\n","protected":false},"author":3,"featured_media":22721,"comment_status":"closed","ping_status":"open","sticky":true,"template":"","format":"standard","meta":{"footnotes":""},"categories":[13],"tags":[],"class_list":["post-22992","post","type-post","status-publish","format-standard","has-post-thumbnail","hentry","category-gruppenliga-frankfurt-west"],"_links":{"self":[{"href":"https:\/\/insideamateurfussball-ffm.de\/index.php?rest_route=\/wp\/v2\/posts\/22992","targetHints":{"allow":["GET"]}}],"collection":[{"href":"https:\/\/insideamateurfussball-ffm.de\/index.php?rest_route=\/wp\/v2\/posts"}],"about":[{"href":"https:\/\/insideamateurfussball-ffm.de\/index.php?rest_route=\/wp\/v2\/types\/post"}],"author":[{"embeddable":true,"href":"https:\/\/insideamateurfussball-ffm.de\/index.php?rest_route=\/wp\/v2\/users\/3"}],"replies":[{"embeddable":true,"href":"https:\/\/insideamateurfussball-ffm.de\/index.php?rest_route=%2Fwp%2Fv2%2Fcomments&post=22992"}],"version-history":[{"count":2,"href":"https:\/\/insideamateurfussball-ffm.de\/index.php?rest_route=\/wp\/v2\/posts\/22992\/revisions"}],"predecessor-version":[{"id":22994,"href":"https:\/\/insideamateurfussball-ffm.de\/index.php?rest_route=\/wp\/v2\/posts\/22992\/revisions\/22994"}],"wp:featuredmedia":[{"embeddable":true,"href":"https:\/\/insideamateurfussball-ffm.de\/index.php?rest_route=\/wp\/v2\/media\/22721"}],"wp:attachment":[{"href":"https:\/\/insideamateurfussball-ffm.de\/index.php?rest_route=%2Fwp%2Fv2%2Fmedia&parent=22992"}],"wp:term":[{"taxonomy":"category","embeddable":true,"href":"https:\/\/insideamateurfussball-ffm.de\/index.php?rest_route=%2Fwp%2Fv2%2Fcategories&post=22992"},{"taxonomy":"post_tag","embeddable":true,"href":"https:\/\/insideamateurfussball-ffm.de\/index.php?rest_route=%2Fwp%2Fv2%2Ftags&post=22992"}],"curies":[{"name":"wp","href":"https:\/\/api.w.org\/{rel}","templated":true}]}}