{"id":22901,"date":"2024-12-02T21:58:01","date_gmt":"2024-12-02T19:58:01","guid":{"rendered":"https:\/\/insideamateurfussball-ffm.de\/?p=22901"},"modified":"2024-12-02T21:58:01","modified_gmt":"2024-12-02T19:58:01","slug":"griesheim-und-bsc-ziehen-rutschpartie-durch","status":"publish","type":"post","link":"https:\/\/insideamateurfussball-ffm.de\/?p=22901","title":{"rendered":"Griesheim und BSC ziehen Rutschpartie durch"},"content":{"rendered":"<h5><span style=\"font-size: 16px;\">Das Vorspiel der Reserven in der B-Klasse war nach wenigen Minuten wegen der rutschigen Platzverh\u00e4ltnisse abgebrochen worden. Das KOL-Spiel zwischen der Spvgg. 02 Griesheim und dem BSC Schwarz-Wei\u00df 19 wurde jedoch aller Widrigkeiten zum Trotz durchgezogen und endete 4:4 (2:2).\u00a0<\/span><\/h5>\n<figure id=\"attachment_22902\" aria-describedby=\"caption-attachment-22902\" style=\"width: 649px\" class=\"wp-caption alignleft\"><img loading=\"lazy\" decoding=\"async\" class=\"wp-image-22902\" src=\"http:\/\/insideamateurfussball-ffm.de\/wp-content\/uploads\/2024\/12\/gries-bsc-819x1024.jpg\" alt=\"\" width=\"649\" height=\"811\" srcset=\"https:\/\/insideamateurfussball-ffm.de\/wp-content\/uploads\/2024\/12\/gries-bsc-819x1024.jpg 819w, https:\/\/insideamateurfussball-ffm.de\/wp-content\/uploads\/2024\/12\/gries-bsc-240x300.jpg 240w, https:\/\/insideamateurfussball-ffm.de\/wp-content\/uploads\/2024\/12\/gries-bsc-768x960.jpg 768w, https:\/\/insideamateurfussball-ffm.de\/wp-content\/uploads\/2024\/12\/gries-bsc-1229x1536.jpg 1229w, https:\/\/insideamateurfussball-ffm.de\/wp-content\/uploads\/2024\/12\/gries-bsc.jpg 1440w\" sizes=\"auto, (max-width: 649px) 100vw, 649px\" \/><figcaption id=\"caption-attachment-22902\" class=\"wp-caption-text\">Rutschiges Gel\u00e4uf an der Eichenstra\u00dfe. Foto: Spvgg. 02 Griesheim.\u00a0\u00a0<\/figcaption><\/figure>\n<h5><span style=\"font-size: 16px;\">Spvgg. 02 Griesheim &#8211; BSC Schwarz-Wei\u00df 19 4:4 (2:2)<\/span><\/h5>\n<p><img loading=\"lazy\" decoding=\"async\" class=\"alignnone size-full wp-image-287\" src=\"http:\/\/insideamateurfussball-ffm.de\/wp-content\/uploads\/2022\/05\/SpVgg._02_Griesheim_02.jpg\" alt=\"\" width=\"100\" height=\"100\" \/><img loading=\"lazy\" decoding=\"async\" class=\"alignnone size-full wp-image-285\" src=\"http:\/\/insideamateurfussball-ffm.de\/wp-content\/uploads\/2022\/05\/BSC-19.jpg\" alt=\"\" width=\"80\" height=\"61\" \/><\/p>\n<p><span style=\"color: initial;\">Das Spiel begann denkbar ung\u00fcnstig f\u00fcr Griesheim, als ein Fehler in der ersten Minute direkt zum R\u00fcckstand durch Sebhat Kahsay f\u00fchrte. Doch die Mannschaft bewies Moral: In der 11. Minute verwandelte Husein Goruzdic einen Freisto\u00df pr\u00e4zise zum 1:1-Ausgleich. <\/span><\/p>\n<p><span style=\"color: initial;\">Trotz schwieriger Platzverh\u00e4ltnisse \u00fcbernahmen die Hausherren zunehmend die Kontrolle und hatten mehr Ballbesitz. Ein weiterer Fehler f\u00fchrte zu einem Konter, den die G\u00e4ste in Gestalt von Kahsay eiskalt zur 1:2-F\u00fchrung nutzten (17.).<\/span><\/p>\n<ul>\n<li><strong><span style=\"font-size: 16px;\">Platzherren verpassen es das Spiel vorzeitig zu entscheiden<\/span><\/strong><\/li>\n<\/ul>\n<p><span style=\"color: initial;\">Doch 20 Minuten sp\u00e4ter gelang Griesheim der erneute Ausgleich durch Isaac Ameyaw (37.). <\/span><span style=\"color: initial;\">Kurz vor der Halbzeit kam es zu Diskussionen: Nach einer kurzen Beratung zwischen Schiedsrichter, Kapit\u00e4nen und Trainern forderte der BSC einen Spielabbruch. Die Griesheimer Spieler und auch der Schiedsrichter sprachen sich jedoch dagegen aus und das Spiel wurde fortgesetzt. <\/span><span style=\"color: initial;\">In der zweiten H\u00e4lfte startete Griesheim stark und erzielte innerhalb kurzer Zeit zwei Tore durch Ali Matmati (50.) und Ivan Trigilia (54.), womit die &#8222;Schleifer&#8220; die Partie zwischenzeitlich mit der 4:2-F\u00fchrung fest im Griff hatten. Die Platzherren verpassten es aber, die Chancen konsequent zu nutzen und das Spiel vorzeitig zu entscheiden. Gegen Ende wurden Griesheim f\u00fcr Unachtsamkeiten bestraft: Zwei Fehler erm\u00f6glichten dem Gegner den Ausgleich zum 4:4. Erst verk\u00fcrzte Elias Jennaoui (68.), dann glich der \u00fcberragende Kahsay mit seinem dritten Treffer aus (80.). <\/span><\/p>\n<p><span style=\"color: initial;\">In der 88. Minute ordnete der Schiedsrichter das DFB-Stopp-Konzept an, um einer unruhigen Spielphase deeskalierend entgegen zu wirken. Dabei bekam BSC-Akteur Jennaoui eine Zehn-Minuten-Zeitstrafe, da er sich nicht regelkonform in den eigenen Strafraum begab. &#8222;<\/span><span style=\"color: initial;\">Das Unentschieden f\u00fchlt sich wie eine verpasste Gelegenheit an. Trotz klarer Phasen der \u00dcberlegenheit und guter Moral lie\u00dfen wir Cleverness und Effizienz vermissen. F\u00fcr unsere Anspr\u00fcche und den Spielverlauf ist das Ergebnis letztlich zu wenig&#8220;, konstatierte Griesheims Co-Trainer Cihan Yilmaz, der den verhinderten Chefcoach Dominic Machado vertrat. F\u00fcr BSC-Abteilungsleiter Christian Reinmold war die Austragung der Partie &#8222;auf dieser Eisfl\u00e4che bedenklich. Das Spiel unter diesen Bedingungen stattfinden zu lassen war kriminell.&#8220; Bereits am Freitagabend m\u00fcssen die Griesheimer in den Ostpark zum FC Gudesding (20.30 Uhr). Am Sonntag geht es f\u00fcr den BSC am Rosegger gegen Germania Enkheim (14.30 Uhr).\u00a0<\/span><\/p>\n<ul>\n<li><strong><span style=\"font-size: 16px;\">Schiedsrichter: Daniel Meier.\u00a0<\/span><\/strong><\/li>\n<li><strong><span style=\"font-size: 16px;\">Zuschauer: 45.\u00a0<\/span><\/strong><\/li>\n<li><strong><span style=\"font-size: 16px;\">Tore: 0:1 Sebhat Kahsay (1.)., 1:1 Husein Goruzdic (11.), 1:2 Sebhat Kahsay (17.), 2:2 Isaac Ameyaw (37.), 3:2 Ali Matmati (50.), 4:2 Ivan Trigilia (54.), 4:3 Elias Jennaoui (68.), 4:4 Sebhat Kahsay (80.).\u00a0<\/span><\/strong><\/li>\n<\/ul>\n","protected":false},"excerpt":{"rendered":"<p>Das Vorspiel der Reserven in der B-Klasse war nach wenigen Minuten wegen der rutschigen Platzverh\u00e4ltnisse abgebrochen worden. Das KOL-Spiel zwischen der Spvgg. 02 Griesheim und dem BSC Schwarz-Wei\u00df 19 wurde jedoch aller Widrigkeiten zum Trotz durchgezogen und endete 4:4 (2:2).\u00a0 Spvgg. 02 Griesheim &#8211; BSC Schwarz-Wei\u00df 19 4:4 (2:2) Das Spiel begann denkbar ung\u00fcnstig f\u00fcr [&hellip;]<\/p>\n","protected":false},"author":1,"featured_media":22902,"comment_status":"closed","ping_status":"closed","sticky":true,"template":"","format":"standard","meta":{"footnotes":""},"categories":[2],"tags":[],"class_list":["post-22901","post","type-post","status-publish","format-standard","has-post-thumbnail","hentry","category-kreisoberliga-frankfurt"],"_links":{"self":[{"href":"https:\/\/insideamateurfussball-ffm.de\/index.php?rest_route=\/wp\/v2\/posts\/22901","targetHints":{"allow":["GET"]}}],"collection":[{"href":"https:\/\/insideamateurfussball-ffm.de\/index.php?rest_route=\/wp\/v2\/posts"}],"about":[{"href":"https:\/\/insideamateurfussball-ffm.de\/index.php?rest_route=\/wp\/v2\/types\/post"}],"author":[{"embeddable":true,"href":"https:\/\/insideamateurfussball-ffm.de\/index.php?rest_route=\/wp\/v2\/users\/1"}],"replies":[{"embeddable":true,"href":"https:\/\/insideamateurfussball-ffm.de\/index.php?rest_route=%2Fwp%2Fv2%2Fcomments&post=22901"}],"version-history":[{"count":1,"href":"https:\/\/insideamateurfussball-ffm.de\/index.php?rest_route=\/wp\/v2\/posts\/22901\/revisions"}],"predecessor-version":[{"id":22903,"href":"https:\/\/insideamateurfussball-ffm.de\/index.php?rest_route=\/wp\/v2\/posts\/22901\/revisions\/22903"}],"wp:featuredmedia":[{"embeddable":true,"href":"https:\/\/insideamateurfussball-ffm.de\/index.php?rest_route=\/wp\/v2\/media\/22902"}],"wp:attachment":[{"href":"https:\/\/insideamateurfussball-ffm.de\/index.php?rest_route=%2Fwp%2Fv2%2Fmedia&parent=22901"}],"wp:term":[{"taxonomy":"category","embeddable":true,"href":"https:\/\/insideamateurfussball-ffm.de\/index.php?rest_route=%2Fwp%2Fv2%2Fcategories&post=22901"},{"taxonomy":"post_tag","embeddable":true,"href":"https:\/\/insideamateurfussball-ffm.de\/index.php?rest_route=%2Fwp%2Fv2%2Ftags&post=22901"}],"curies":[{"name":"wp","href":"https:\/\/api.w.org\/{rel}","templated":true}]}}