{"id":22897,"date":"2024-12-02T21:17:35","date_gmt":"2024-12-02T19:17:35","guid":{"rendered":"https:\/\/insideamateurfussball-ffm.de\/?p=22897"},"modified":"2024-12-02T21:17:35","modified_gmt":"2024-12-02T19:17:35","slug":"kein-kol-spiel-am-rosegger-wegen-glaette","status":"publish","type":"post","link":"https:\/\/insideamateurfussball-ffm.de\/?p=22897","title":{"rendered":"Kein KOL-Spiel am Rosegger wegen Gl\u00e4tte"},"content":{"rendered":"<h5><span style=\"font-size: 16px;\">Die Partie zwischen Concordia Eschersheim und dem FC Gudesding ist am Sonntag ausgefallen und nicht 0:0 ausgegangen, wie das offizielle DFB-Organ &#8222;Fussball.de&#8220; f\u00e4lschlicherweise vermeldet und das Resultat sogar in die Tabelle eingearbeitet hat.\u00a0<\/span><\/h5>\n<figure id=\"attachment_22898\" aria-describedby=\"caption-attachment-22898\" style=\"width: 652px\" class=\"wp-caption alignleft\"><img loading=\"lazy\" decoding=\"async\" class=\"wp-image-22898\" src=\"http:\/\/insideamateurfussball-ffm.de\/wp-content\/uploads\/2024\/12\/Maradona-1024x768.jpg\" alt=\"\" width=\"652\" height=\"489\" srcset=\"https:\/\/insideamateurfussball-ffm.de\/wp-content\/uploads\/2024\/12\/Maradona-1024x768.jpg 1024w, https:\/\/insideamateurfussball-ffm.de\/wp-content\/uploads\/2024\/12\/Maradona-300x225.jpg 300w, https:\/\/insideamateurfussball-ffm.de\/wp-content\/uploads\/2024\/12\/Maradona-768x576.jpg 768w, https:\/\/insideamateurfussball-ffm.de\/wp-content\/uploads\/2024\/12\/Maradona-1536x1152.jpg 1536w, https:\/\/insideamateurfussball-ffm.de\/wp-content\/uploads\/2024\/12\/Maradona.jpg 2048w\" sizes=\"auto, (max-width: 652px) 100vw, 652px\" \/><figcaption id=\"caption-attachment-22898\" class=\"wp-caption-text\">Diego Maradonas Geist schwebt auf diesem Konterfei \u00fcber dem Rosegger-Platz. Foto: Archiv PA.\u00a0\u00a0<\/figcaption><\/figure>\n<h5><span style=\"font-size: 16px;\">Concordia Eschersheim &#8211; FC Gudesding ausgefallen\u00a0<\/span><\/h5>\n<p><img loading=\"lazy\" decoding=\"async\" class=\"alignnone size-full wp-image-37\" src=\"http:\/\/insideamateurfussball-ffm.de\/wp-content\/uploads\/2021\/11\/1sv07_news2_4178_01_01_02.jpg\" alt=\"\" width=\"80\" height=\"80\" \/><img loading=\"lazy\" decoding=\"async\" class=\"alignnone size-full wp-image-10\" src=\"http:\/\/insideamateurfussball-ffm.de\/wp-content\/uploads\/2021\/11\/Gudesding.jpg\" alt=\"\" width=\"64\" height=\"80\" \/><\/p>\n<p><span style=\"font-size: 16px;\">&#8222;Wir h\u00e4tten gerne gespielt, aber der Schiedsrichter hat wegen der Platzverh\u00e4ltnisse beziehungsweise zu gro\u00dfer Verletzungsgefahr gar nicht erst angepfiffen&#8220;, berichtete Concordias Sportlicher Leiter Walter Dorn.<\/span><\/p>\n<ul>\n<li><strong><span style=\"font-size: 16px;\">Gudesding schon am Freitag (20.30 Uhr) gegen Griesheim 02\u00a0<\/span><\/strong><\/li>\n<\/ul>\n<p><span style=\"font-size: 16px;\">Zuvor hatte jedoch das Vorspiel der Concordia-Reserve in der Kreisliga A gegen Germania Ginnheim (1:5) stattgefunden. Durch die Minustemperaturen in der Nacht und weil es am Sonntag auch tags\u00fcber 0 Grad waren, war der Platz rutschig und glatt. Das KOL-Spiel wird wohl in diesem Jahr nicht mehr neu angesetzt, sondern erst im neuen Jahr nachgeholt werden.<\/span><\/p>\n<p><span style=\"font-size: 16px;\"> Beide Teams haben aber noch eine Partie vor der Winterpause zu absolvieren. Der FC Gudesding erwartet bereits am Freitagabend zu sp\u00e4ter Stunde um 20.30 Uhr die Spvgg. 02 Griesheim. Concordia Eschersheim gastiert am Sonntag um 13 Uhr bei der SG Bornheim\/Gr\u00fcn-Wei\u00df II.\u00a0\u00a0<\/span><\/p>\n","protected":false},"excerpt":{"rendered":"<p>Die Partie zwischen Concordia Eschersheim und dem FC Gudesding ist am Sonntag ausgefallen und nicht 0:0 ausgegangen, wie das offizielle DFB-Organ &#8222;Fussball.de&#8220; f\u00e4lschlicherweise vermeldet und das Resultat sogar in die Tabelle eingearbeitet hat.\u00a0 Concordia Eschersheim &#8211; FC Gudesding ausgefallen\u00a0 &#8222;Wir h\u00e4tten gerne gespielt, aber der Schiedsrichter hat wegen der Platzverh\u00e4ltnisse beziehungsweise zu gro\u00dfer Verletzungsgefahr gar [&hellip;]<\/p>\n","protected":false},"author":1,"featured_media":22898,"comment_status":"closed","ping_status":"closed","sticky":true,"template":"","format":"standard","meta":{"footnotes":""},"categories":[2],"tags":[],"class_list":["post-22897","post","type-post","status-publish","format-standard","has-post-thumbnail","hentry","category-kreisoberliga-frankfurt"],"_links":{"self":[{"href":"https:\/\/insideamateurfussball-ffm.de\/index.php?rest_route=\/wp\/v2\/posts\/22897","targetHints":{"allow":["GET"]}}],"collection":[{"href":"https:\/\/insideamateurfussball-ffm.de\/index.php?rest_route=\/wp\/v2\/posts"}],"about":[{"href":"https:\/\/insideamateurfussball-ffm.de\/index.php?rest_route=\/wp\/v2\/types\/post"}],"author":[{"embeddable":true,"href":"https:\/\/insideamateurfussball-ffm.de\/index.php?rest_route=\/wp\/v2\/users\/1"}],"replies":[{"embeddable":true,"href":"https:\/\/insideamateurfussball-ffm.de\/index.php?rest_route=%2Fwp%2Fv2%2Fcomments&post=22897"}],"version-history":[{"count":1,"href":"https:\/\/insideamateurfussball-ffm.de\/index.php?rest_route=\/wp\/v2\/posts\/22897\/revisions"}],"predecessor-version":[{"id":22899,"href":"https:\/\/insideamateurfussball-ffm.de\/index.php?rest_route=\/wp\/v2\/posts\/22897\/revisions\/22899"}],"wp:featuredmedia":[{"embeddable":true,"href":"https:\/\/insideamateurfussball-ffm.de\/index.php?rest_route=\/wp\/v2\/media\/22898"}],"wp:attachment":[{"href":"https:\/\/insideamateurfussball-ffm.de\/index.php?rest_route=%2Fwp%2Fv2%2Fmedia&parent=22897"}],"wp:term":[{"taxonomy":"category","embeddable":true,"href":"https:\/\/insideamateurfussball-ffm.de\/index.php?rest_route=%2Fwp%2Fv2%2Fcategories&post=22897"},{"taxonomy":"post_tag","embeddable":true,"href":"https:\/\/insideamateurfussball-ffm.de\/index.php?rest_route=%2Fwp%2Fv2%2Ftags&post=22897"}],"curies":[{"name":"wp","href":"https:\/\/api.w.org\/{rel}","templated":true}]}}