{"id":22888,"date":"2024-12-02T19:31:22","date_gmt":"2024-12-02T17:31:22","guid":{"rendered":"https:\/\/insideamateurfussball-ffm.de\/?p=22888"},"modified":"2024-12-02T19:31:22","modified_gmt":"2024-12-02T17:31:22","slug":"20-starke-minuten-reichen-oberrad-zum-sieg","status":"publish","type":"post","link":"https:\/\/insideamateurfussball-ffm.de\/?p=22888","title":{"rendered":"20 starke Minuten reichen Oberrad zum Sieg"},"content":{"rendered":"<h4>Die Spvgg. 05 Oberrad gewann ungef\u00e4hrdet und auch in der H\u00f6he verdient mit 4:0 beim FV Bad Vilbel, dabei fielen alle 4 Tore in der ersten Halbzeit innerhalb von 20 Minuten.<\/h4>\n<figure id=\"attachment_21728\" aria-describedby=\"caption-attachment-21728\" style=\"width: 2016px\" class=\"wp-caption alignnone\"><img loading=\"lazy\" decoding=\"async\" class=\"wp-image-21728 size-full\" src=\"http:\/\/insideamateurfussball-ffm.de\/wp-content\/uploads\/2024\/10\/kalbachoberrad04.jpg\" alt=\"\" width=\"2016\" height=\"1512\" srcset=\"https:\/\/insideamateurfussball-ffm.de\/wp-content\/uploads\/2024\/10\/kalbachoberrad04.jpg 2016w, https:\/\/insideamateurfussball-ffm.de\/wp-content\/uploads\/2024\/10\/kalbachoberrad04-300x225.jpg 300w, https:\/\/insideamateurfussball-ffm.de\/wp-content\/uploads\/2024\/10\/kalbachoberrad04-1024x768.jpg 1024w, https:\/\/insideamateurfussball-ffm.de\/wp-content\/uploads\/2024\/10\/kalbachoberrad04-768x576.jpg 768w, https:\/\/insideamateurfussball-ffm.de\/wp-content\/uploads\/2024\/10\/kalbachoberrad04-1536x1152.jpg 1536w\" sizes=\"auto, (max-width: 2016px) 100vw, 2016px\" \/><figcaption id=\"caption-attachment-21728\" class=\"wp-caption-text\">Oberrads Mannschaft war in Bad Vilbel ungef\u00e4hrdet. Foto: Archiv MZ<\/figcaption><\/figure>\n<h4>FV Bad Vilbel &#8211; Spvgg. 05 Oberrad 0:4 (0:4)<\/h4>\n<p><img loading=\"lazy\" decoding=\"async\" class=\"alignnone size-full wp-image-146\" src=\"http:\/\/insideamateurfussball-ffm.de\/wp-content\/uploads\/2022\/05\/FV-Bad-Vilbel.jpg\" alt=\"\" width=\"80\" height=\"80\" \/><img loading=\"lazy\" decoding=\"async\" class=\"alignnone size-full wp-image-137\" src=\"http:\/\/insideamateurfussball-ffm.de\/wp-content\/uploads\/2022\/05\/Oberrad05.jpg\" alt=\"\" width=\"79\" height=\"80\" \/><\/p>\n<p>Die Spvgg.05 Oberrad untermauerte ihren siebten Tabellenplatz mit einem nach den Worten ihres Trainers Gabriel Bernstein \u201eungef\u00e4hrdeten Sieg, der auch in der H\u00f6he verdient war\u201c. Es dauerte bis zur 24.Minute, ehe Milan Matijevic nach einem Pass von Julian Baumann in die Tiefe startete und Bad Vilbels Torwart Max Ehrig mit einem Lupfer zum 1:0 \u00fcberwinden konnte. Bereits drei Minuten sp\u00e4ter erh\u00f6hte Ouassim Asghar nach einer Flanke von Matijevic auf 2:0, und der Torsch\u00fctze konnte mit seinem zweiten Tor in der 37.Minute auch auf 3:0 erh\u00f6hen. Den Pausenstand von 4:0 erzielte der Vilbeler Adrian Pervan mit einem Eigentor, der eine Hereingabe von Matijevic von der Grundlinie ins eigene Tor lenkte.<\/p>\n<p>Die 20 Minuten vor der Pause reichte den Frankfurter G\u00e4sten zu einem souver\u00e4nen Sieg, in der zweiten H\u00e4lfte versuchte Bad Vilbel zwar noch etwas und Oberrads Torwart Filip Stojilkovic musste zweimal eingreifen, doch insgesamt verlief die zweite Halbzeit ereignisloser und Oberrad brachte den Sieg ungef\u00e4hrdet \u00fcber die Ziellinie. Am n\u00e4chsten Wochenende empfangen die Oberr\u00e4der dann den Tabellendrittletzten FC Tempo zum letzten Spiel vor der Winterpause.<\/p>\n<h4>Schiedsrichter: Christian Grieninger (FC Waldems). Zuschauer: 50.<\/h4>\n<h4>Tore: 0:1 Milan Matijevic (24.), 0:2 Ouassim Asghar (27.), 0:3 Ouassim Asghar (37.), 0:4 Adrian Pervan (44., Eigentor)<\/h4>\n","protected":false},"excerpt":{"rendered":"<p>Die Spvgg. 05 Oberrad gewann ungef\u00e4hrdet und auch in der H\u00f6he verdient mit 4:0 beim FV Bad Vilbel, dabei fielen alle 4 Tore in der ersten Halbzeit innerhalb von 20 Minuten. FV Bad Vilbel &#8211; Spvgg. 05 Oberrad 0:4 (0:4) Die Spvgg.05 Oberrad untermauerte ihren siebten Tabellenplatz mit einem nach den Worten ihres Trainers Gabriel [&hellip;]<\/p>\n","protected":false},"author":3,"featured_media":21728,"comment_status":"closed","ping_status":"open","sticky":true,"template":"","format":"standard","meta":{"footnotes":""},"categories":[13],"tags":[],"class_list":["post-22888","post","type-post","status-publish","format-standard","has-post-thumbnail","hentry","category-gruppenliga-frankfurt-west"],"_links":{"self":[{"href":"https:\/\/insideamateurfussball-ffm.de\/index.php?rest_route=\/wp\/v2\/posts\/22888","targetHints":{"allow":["GET"]}}],"collection":[{"href":"https:\/\/insideamateurfussball-ffm.de\/index.php?rest_route=\/wp\/v2\/posts"}],"about":[{"href":"https:\/\/insideamateurfussball-ffm.de\/index.php?rest_route=\/wp\/v2\/types\/post"}],"author":[{"embeddable":true,"href":"https:\/\/insideamateurfussball-ffm.de\/index.php?rest_route=\/wp\/v2\/users\/3"}],"replies":[{"embeddable":true,"href":"https:\/\/insideamateurfussball-ffm.de\/index.php?rest_route=%2Fwp%2Fv2%2Fcomments&post=22888"}],"version-history":[{"count":1,"href":"https:\/\/insideamateurfussball-ffm.de\/index.php?rest_route=\/wp\/v2\/posts\/22888\/revisions"}],"predecessor-version":[{"id":22889,"href":"https:\/\/insideamateurfussball-ffm.de\/index.php?rest_route=\/wp\/v2\/posts\/22888\/revisions\/22889"}],"wp:featuredmedia":[{"embeddable":true,"href":"https:\/\/insideamateurfussball-ffm.de\/index.php?rest_route=\/wp\/v2\/media\/21728"}],"wp:attachment":[{"href":"https:\/\/insideamateurfussball-ffm.de\/index.php?rest_route=%2Fwp%2Fv2%2Fmedia&parent=22888"}],"wp:term":[{"taxonomy":"category","embeddable":true,"href":"https:\/\/insideamateurfussball-ffm.de\/index.php?rest_route=%2Fwp%2Fv2%2Fcategories&post=22888"},{"taxonomy":"post_tag","embeddable":true,"href":"https:\/\/insideamateurfussball-ffm.de\/index.php?rest_route=%2Fwp%2Fv2%2Ftags&post=22888"}],"curies":[{"name":"wp","href":"https:\/\/api.w.org\/{rel}","templated":true}]}}