{"id":22877,"date":"2024-12-02T19:25:11","date_gmt":"2024-12-02T17:25:11","guid":{"rendered":"https:\/\/insideamateurfussball-ffm.de\/?p=22877"},"modified":"2024-12-02T19:25:11","modified_gmt":"2024-12-02T17:25:11","slug":"bosnier-setzen-mit-61-ein-ausrufezeichen","status":"publish","type":"post","link":"https:\/\/insideamateurfussball-ffm.de\/?p=22877","title":{"rendered":"Bosnier setzen mit 6:1 ein Ausrufezeichen"},"content":{"rendered":"<h4>Der SV Bosnien\/Herzegowina konnte sich \u00fcberraschend klar bei einer der \u00dcberraschungs-Mannschaften der Saison, der FG Seckbach, mit 6:1 durchsetzen und verbuchte den zweiten klaren Sieg innerhalb einer Woche.<\/h4>\n<figure id=\"attachment_22885\" aria-describedby=\"caption-attachment-22885\" style=\"width: 2016px\" class=\"wp-caption alignnone\"><img loading=\"lazy\" decoding=\"async\" class=\"wp-image-22885 size-full\" src=\"http:\/\/insideamateurfussball-ffm.de\/wp-content\/uploads\/2024\/12\/seckbachbosnien08.jpg\" alt=\"\" width=\"2016\" height=\"1512\" srcset=\"https:\/\/insideamateurfussball-ffm.de\/wp-content\/uploads\/2024\/12\/seckbachbosnien08.jpg 2016w, https:\/\/insideamateurfussball-ffm.de\/wp-content\/uploads\/2024\/12\/seckbachbosnien08-300x225.jpg 300w, https:\/\/insideamateurfussball-ffm.de\/wp-content\/uploads\/2024\/12\/seckbachbosnien08-1024x768.jpg 1024w, https:\/\/insideamateurfussball-ffm.de\/wp-content\/uploads\/2024\/12\/seckbachbosnien08-768x576.jpg 768w, https:\/\/insideamateurfussball-ffm.de\/wp-content\/uploads\/2024\/12\/seckbachbosnien08-1536x1152.jpg 1536w\" sizes=\"auto, (max-width: 2016px) 100vw, 2016px\" \/><figcaption id=\"caption-attachment-22885\" class=\"wp-caption-text\">Der SV Bosnien\/Herzegowina feierte einen klaren Sieg in Seckbach. Foto: MZ<\/figcaption><\/figure>\n<h4>FG Seckbach &#8211; SV Bosnien\/Herzegowina 1:6 (0:3)<\/h4>\n<p><img loading=\"lazy\" decoding=\"async\" class=\"alignnone size-full wp-image-544\" src=\"http:\/\/insideamateurfussball-ffm.de\/wp-content\/uploads\/2022\/06\/Seckbach.jpg\" alt=\"\" width=\"80\" height=\"80\" \/><img loading=\"lazy\" decoding=\"async\" class=\"alignnone size-full wp-image-139\" src=\"http:\/\/insideamateurfussball-ffm.de\/wp-content\/uploads\/2022\/05\/Bosnien.jpg\" alt=\"\" width=\"79\" height=\"80\" \/><\/p>\n<p>Kaltes Wetter empfing die ca. 80 Zuschauer, ungef\u00e4hr die H\u00e4lfte davon hatte der Gast mitgebracht. Der Kunstrasen war nur sehr schwer bespielbar, einmal in Bewegung fanden die Spieler kaum einen Halt auf dem angefrorenen Gel\u00e4uf, und schnell wurde klar, dass die leichtf\u00fc\u00dfigen Spieler der G\u00e4ste besser mit den Bedingungen klarkamen. Und die Bosnier erwischten die Gastgeber von der FG Seckbach kalt, in der 3.Minute war Secouba Diatta nach Pass von Hamza Reko frei vor Torwart Christoph Lange und erzielte das 1:0. Nur zwei Minuten sp\u00e4ter war Hamza Reko frei vor dem Torwart und \u00fcberlupfte diesen zum 2:0.<\/p>\n<p>Die erste klare Offensivsituation f\u00fcr Seckbach hatte in der 14.Minute Florian Schuberth, er versuchte es auch mit einem Lupfer \u00fcber den Torwart, der Ball landete allerdings auf dem Tor. In der 29.Minute folgte dann das 0:3, nach einem schnellen Angriff \u00fcber die rechte Seite und einer flachen Hereingabe war es erneut Secouba Diatta, der aus 5 Metern vollenden konnte. Mit diesem Ergebnis ging es dann in die Halbzeit.<\/p>\n<p>In der zweiten Halbzeit kamen die Seckbacher dann offensiver aus der Kabine und \u00fcbernahmen das Kommando, in der 54.Minute gab es einen aus Sicht der Bosnier unberechtigten Freisto\u00df aus ca. 20 Metern. Spielertrainer Manuel May schnappte sich den Ball und zirkelte ihn \u00fcber die Mauer, von der Unterkante der Latte sprang er ins Tor zum 1:3. Die Bosnier f\u00fchlten sich nach dem Tor benachteiligt und es kam von der Seitenlinie und den Zuschauern Hektik ins Spiel, das in der 59. Minute darin gipfelte, dass der Schiedsrichter nach einer Rudelbildung zum DFB-Stopp-Konzept griff und beide Mannschaften zur Beruhigung in ihren eigenen Strafraum schickte.<\/p>\n<p>Danach ging es etwas ruhiger weiter und die Bosnier bekamen das Spiel wieder etwas in den Griff, in der 66.Minute war es dann Elvedin Jasic, der nach einem Steckpass frei vor Torwart Lange das 4:1 erzielen konnte, was die Vorentscheidung bedeutete. Innerhalb von zwei Minuten, in der 72. und der 74.Minute, lie\u00dfen die G\u00e4ste dann noch das 1:5 durch Hamza Reko und das 1:6 durch Husejn Mevkic folgen, bei diesem Ergebnis blieb es dann bis zum Schlusspfiff.<\/p>\n<p>Seckbachs Spielertrainer Manuel May sagte nach dem Spiel: \u201eerste Halbzeit, muss man sagen, waren wir nicht schlechter, und liegen 3:0 hinten, so ist Fu\u00dfball manchmal. Dann waren wir mit dem 3:1 dran, oder haben noch ein bisschen Blut geleckt, und dann war das 4:1 der Nackenschlag. Einfach brutale Qualit\u00e4t beim Gegner, die wir nicht aufhalten konnten, sehr schade und bitter.\u201c<\/p>\n<p>Bosniens Pressesprecher Admir Malohodzic dagegen war sehr zufrieden: \u201eich glaube, das Ergebnis sagt alles gegen einen Gegner, der weit vorne steht und guten Fu\u00dfball spielt. Da sind wir froh \u00fcber das, was die Jungs heute geleistet haben, wir waren den Seckbachern in allen Belangen \u00fcberlegen von der ersten Minute an, da war alles dabei, was das Fu\u00dfballherz begehrt, taktisch, fu\u00dfballerisch und k\u00e4mpferisch. Damit haben wir auch ein Ausrufezeichen gesetzt nach dem Spiel gegen die Speuzer, dass wir so gut spielen und auch so hoch gewinnen. Das war das, was man am Anfang der Saison auch von uns erwartet hat, jetzt haben wir vielleicht etwas sp\u00e4t gez\u00fcndet. Ich denke auch, dass wir in der Saison noch einige gute Ergebnisse einfahren und den Zuschauern bestimmt etwas zeigen werden.\u201c<\/p>\n<p>Am letzten Spieltag vor der Winterpause sind beide Mannschaften noch einmal gefordert, die FG Seckbach empf\u00e4ngt den FC Karben, der SV Bosnien\/Herzegowina empf\u00e4ngt die Spvgg. 05\/99 Bomber Bad Homburg.<\/p>\n<h4>Schiedsrichter: Sonja Bachhuber (DKG Bauschheim). Zuschauer: 80.<\/h4>\n<h4>Tore: 0:1 Secouba Diatta (3.), 0:2 Hamza Reko (5.), 0:3 Secouba Diatta (29.), 1:3 Manuel May (54.), 1:4 Elvedin Jasic (66.), 1:5 Hamza Reko (72.), 1:6 Husejn Mevkic (74.)<\/h4>\n\n\n<figure class=\"wp-block-image size-large\"><img loading=\"lazy\" decoding=\"async\" width=\"1024\" height=\"768\" src=\"http:\/\/insideamateurfussball-ffm.de\/wp-content\/uploads\/2024\/12\/seckbachbosnien01-1024x768.jpg\" alt=\"\" class=\"wp-image-22878\" srcset=\"https:\/\/insideamateurfussball-ffm.de\/wp-content\/uploads\/2024\/12\/seckbachbosnien01-1024x768.jpg 1024w, https:\/\/insideamateurfussball-ffm.de\/wp-content\/uploads\/2024\/12\/seckbachbosnien01-300x225.jpg 300w, https:\/\/insideamateurfussball-ffm.de\/wp-content\/uploads\/2024\/12\/seckbachbosnien01-768x576.jpg 768w, https:\/\/insideamateurfussball-ffm.de\/wp-content\/uploads\/2024\/12\/seckbachbosnien01-1536x1152.jpg 1536w, https:\/\/insideamateurfussball-ffm.de\/wp-content\/uploads\/2024\/12\/seckbachbosnien01.jpg 2016w\" sizes=\"auto, (max-width: 1024px) 100vw, 1024px\" \/><\/figure>\n\n\n\n<figure class=\"wp-block-image size-large\"><img loading=\"lazy\" decoding=\"async\" width=\"1024\" height=\"768\" src=\"http:\/\/insideamateurfussball-ffm.de\/wp-content\/uploads\/2024\/12\/seckbachbosnien02-1024x768.jpg\" alt=\"\" class=\"wp-image-22879\" srcset=\"https:\/\/insideamateurfussball-ffm.de\/wp-content\/uploads\/2024\/12\/seckbachbosnien02-1024x768.jpg 1024w, https:\/\/insideamateurfussball-ffm.de\/wp-content\/uploads\/2024\/12\/seckbachbosnien02-300x225.jpg 300w, https:\/\/insideamateurfussball-ffm.de\/wp-content\/uploads\/2024\/12\/seckbachbosnien02-768x576.jpg 768w, https:\/\/insideamateurfussball-ffm.de\/wp-content\/uploads\/2024\/12\/seckbachbosnien02-1536x1152.jpg 1536w, https:\/\/insideamateurfussball-ffm.de\/wp-content\/uploads\/2024\/12\/seckbachbosnien02.jpg 2016w\" sizes=\"auto, (max-width: 1024px) 100vw, 1024px\" \/><\/figure>\n\n\n\n<figure class=\"wp-block-image size-large\"><img loading=\"lazy\" decoding=\"async\" width=\"1024\" height=\"768\" src=\"http:\/\/insideamateurfussball-ffm.de\/wp-content\/uploads\/2024\/12\/seckbachbosnien03-1024x768.jpg\" alt=\"\" class=\"wp-image-22880\" srcset=\"https:\/\/insideamateurfussball-ffm.de\/wp-content\/uploads\/2024\/12\/seckbachbosnien03-1024x768.jpg 1024w, https:\/\/insideamateurfussball-ffm.de\/wp-content\/uploads\/2024\/12\/seckbachbosnien03-300x225.jpg 300w, https:\/\/insideamateurfussball-ffm.de\/wp-content\/uploads\/2024\/12\/seckbachbosnien03-768x576.jpg 768w, https:\/\/insideamateurfussball-ffm.de\/wp-content\/uploads\/2024\/12\/seckbachbosnien03-1536x1152.jpg 1536w, https:\/\/insideamateurfussball-ffm.de\/wp-content\/uploads\/2024\/12\/seckbachbosnien03.jpg 2016w\" sizes=\"auto, (max-width: 1024px) 100vw, 1024px\" \/><\/figure>\n\n\n\n<figure class=\"wp-block-image size-large\"><img loading=\"lazy\" decoding=\"async\" width=\"1024\" height=\"768\" src=\"http:\/\/insideamateurfussball-ffm.de\/wp-content\/uploads\/2024\/12\/seckbachbosnien04-1024x768.jpg\" alt=\"\" class=\"wp-image-22881\" srcset=\"https:\/\/insideamateurfussball-ffm.de\/wp-content\/uploads\/2024\/12\/seckbachbosnien04-1024x768.jpg 1024w, https:\/\/insideamateurfussball-ffm.de\/wp-content\/uploads\/2024\/12\/seckbachbosnien04-300x225.jpg 300w, https:\/\/insideamateurfussball-ffm.de\/wp-content\/uploads\/2024\/12\/seckbachbosnien04-768x576.jpg 768w, https:\/\/insideamateurfussball-ffm.de\/wp-content\/uploads\/2024\/12\/seckbachbosnien04-1536x1152.jpg 1536w, https:\/\/insideamateurfussball-ffm.de\/wp-content\/uploads\/2024\/12\/seckbachbosnien04.jpg 2016w\" sizes=\"auto, (max-width: 1024px) 100vw, 1024px\" \/><\/figure>\n\n\n\n<figure class=\"wp-block-image size-large\"><img loading=\"lazy\" decoding=\"async\" width=\"1024\" height=\"768\" src=\"http:\/\/insideamateurfussball-ffm.de\/wp-content\/uploads\/2024\/12\/seckbachbosnien05-1024x768.jpg\" alt=\"\" class=\"wp-image-22882\" srcset=\"https:\/\/insideamateurfussball-ffm.de\/wp-content\/uploads\/2024\/12\/seckbachbosnien05-1024x768.jpg 1024w, https:\/\/insideamateurfussball-ffm.de\/wp-content\/uploads\/2024\/12\/seckbachbosnien05-300x225.jpg 300w, https:\/\/insideamateurfussball-ffm.de\/wp-content\/uploads\/2024\/12\/seckbachbosnien05-768x576.jpg 768w, https:\/\/insideamateurfussball-ffm.de\/wp-content\/uploads\/2024\/12\/seckbachbosnien05-1536x1152.jpg 1536w, https:\/\/insideamateurfussball-ffm.de\/wp-content\/uploads\/2024\/12\/seckbachbosnien05.jpg 2016w\" sizes=\"auto, (max-width: 1024px) 100vw, 1024px\" \/><\/figure>\n\n\n\n<figure class=\"wp-block-image size-large\"><img loading=\"lazy\" decoding=\"async\" width=\"1024\" height=\"768\" src=\"http:\/\/insideamateurfussball-ffm.de\/wp-content\/uploads\/2024\/12\/seckbachbosnien06-1024x768.jpg\" alt=\"\" class=\"wp-image-22883\" srcset=\"https:\/\/insideamateurfussball-ffm.de\/wp-content\/uploads\/2024\/12\/seckbachbosnien06-1024x768.jpg 1024w, https:\/\/insideamateurfussball-ffm.de\/wp-content\/uploads\/2024\/12\/seckbachbosnien06-300x225.jpg 300w, https:\/\/insideamateurfussball-ffm.de\/wp-content\/uploads\/2024\/12\/seckbachbosnien06-768x576.jpg 768w, https:\/\/insideamateurfussball-ffm.de\/wp-content\/uploads\/2024\/12\/seckbachbosnien06-1536x1152.jpg 1536w, https:\/\/insideamateurfussball-ffm.de\/wp-content\/uploads\/2024\/12\/seckbachbosnien06.jpg 2016w\" sizes=\"auto, (max-width: 1024px) 100vw, 1024px\" \/><\/figure>\n\n\n\n<figure class=\"wp-block-image size-large\"><img loading=\"lazy\" decoding=\"async\" width=\"1024\" height=\"768\" src=\"http:\/\/insideamateurfussball-ffm.de\/wp-content\/uploads\/2024\/12\/seckbachbosnien07-1024x768.jpg\" alt=\"\" class=\"wp-image-22884\" srcset=\"https:\/\/insideamateurfussball-ffm.de\/wp-content\/uploads\/2024\/12\/seckbachbosnien07-1024x768.jpg 1024w, https:\/\/insideamateurfussball-ffm.de\/wp-content\/uploads\/2024\/12\/seckbachbosnien07-300x225.jpg 300w, https:\/\/insideamateurfussball-ffm.de\/wp-content\/uploads\/2024\/12\/seckbachbosnien07-768x576.jpg 768w, https:\/\/insideamateurfussball-ffm.de\/wp-content\/uploads\/2024\/12\/seckbachbosnien07-1536x1152.jpg 1536w, https:\/\/insideamateurfussball-ffm.de\/wp-content\/uploads\/2024\/12\/seckbachbosnien07.jpg 2016w\" sizes=\"auto, (max-width: 1024px) 100vw, 1024px\" \/><\/figure>\n\n\n\n<p><\/p>\n","protected":false},"excerpt":{"rendered":"<p>Der SV Bosnien\/Herzegowina konnte sich \u00fcberraschend klar bei einer der \u00dcberraschungs-Mannschaften der Saison, der FG Seckbach, mit 6:1 durchsetzen und verbuchte den zweiten klaren Sieg innerhalb einer Woche. FG Seckbach &#8211; SV Bosnien\/Herzegowina 1:6 (0:3) Kaltes Wetter empfing die ca. 80 Zuschauer, ungef\u00e4hr die H\u00e4lfte davon hatte der Gast mitgebracht. Der Kunstrasen war nur sehr [&hellip;]<\/p>\n","protected":false},"author":3,"featured_media":22885,"comment_status":"closed","ping_status":"open","sticky":true,"template":"","format":"standard","meta":{"footnotes":""},"categories":[13],"tags":[],"class_list":["post-22877","post","type-post","status-publish","format-standard","has-post-thumbnail","hentry","category-gruppenliga-frankfurt-west"],"_links":{"self":[{"href":"https:\/\/insideamateurfussball-ffm.de\/index.php?rest_route=\/wp\/v2\/posts\/22877","targetHints":{"allow":["GET"]}}],"collection":[{"href":"https:\/\/insideamateurfussball-ffm.de\/index.php?rest_route=\/wp\/v2\/posts"}],"about":[{"href":"https:\/\/insideamateurfussball-ffm.de\/index.php?rest_route=\/wp\/v2\/types\/post"}],"author":[{"embeddable":true,"href":"https:\/\/insideamateurfussball-ffm.de\/index.php?rest_route=\/wp\/v2\/users\/3"}],"replies":[{"embeddable":true,"href":"https:\/\/insideamateurfussball-ffm.de\/index.php?rest_route=%2Fwp%2Fv2%2Fcomments&post=22877"}],"version-history":[{"count":2,"href":"https:\/\/insideamateurfussball-ffm.de\/index.php?rest_route=\/wp\/v2\/posts\/22877\/revisions"}],"predecessor-version":[{"id":22887,"href":"https:\/\/insideamateurfussball-ffm.de\/index.php?rest_route=\/wp\/v2\/posts\/22877\/revisions\/22887"}],"wp:featuredmedia":[{"embeddable":true,"href":"https:\/\/insideamateurfussball-ffm.de\/index.php?rest_route=\/wp\/v2\/media\/22885"}],"wp:attachment":[{"href":"https:\/\/insideamateurfussball-ffm.de\/index.php?rest_route=%2Fwp%2Fv2%2Fmedia&parent=22877"}],"wp:term":[{"taxonomy":"category","embeddable":true,"href":"https:\/\/insideamateurfussball-ffm.de\/index.php?rest_route=%2Fwp%2Fv2%2Fcategories&post=22877"},{"taxonomy":"post_tag","embeddable":true,"href":"https:\/\/insideamateurfussball-ffm.de\/index.php?rest_route=%2Fwp%2Fv2%2Ftags&post=22877"}],"curies":[{"name":"wp","href":"https:\/\/api.w.org\/{rel}","templated":true}]}}