{"id":22874,"date":"2024-12-02T19:12:48","date_gmt":"2024-12-02T17:12:48","guid":{"rendered":"https:\/\/insideamateurfussball-ffm.de\/?p=22874"},"modified":"2024-12-02T19:12:48","modified_gmt":"2024-12-02T17:12:48","slug":"tempo-mit-niederlage-und-zwei-roten-karten","status":"publish","type":"post","link":"https:\/\/insideamateurfussball-ffm.de\/?p=22874","title":{"rendered":"Tempo mit Niederlage und zwei roten Karten"},"content":{"rendered":"<h4>Gegen den FC Karben konnte der FC Tempo seinen Negativlauf nicht beenden, das Spiel gegen die G\u00e4ste aus der Wetterau ging mit 0:3 verloren, zudem verloren die Gastgeber noch zwei Spieler durch rote Karten.<\/h4>\n<figure id=\"attachment_13892\" aria-describedby=\"caption-attachment-13892\" style=\"width: 2016px\" class=\"wp-caption alignnone\"><img loading=\"lazy\" decoding=\"async\" class=\"wp-image-13892 size-full\" src=\"http:\/\/insideamateurfussball-ffm.de\/wp-content\/uploads\/2023\/10\/tempo-karben07.jpg\" alt=\"\" width=\"2016\" height=\"1512\" srcset=\"https:\/\/insideamateurfussball-ffm.de\/wp-content\/uploads\/2023\/10\/tempo-karben07.jpg 2016w, https:\/\/insideamateurfussball-ffm.de\/wp-content\/uploads\/2023\/10\/tempo-karben07-300x225.jpg 300w, https:\/\/insideamateurfussball-ffm.de\/wp-content\/uploads\/2023\/10\/tempo-karben07-1024x768.jpg 1024w, https:\/\/insideamateurfussball-ffm.de\/wp-content\/uploads\/2023\/10\/tempo-karben07-768x576.jpg 768w, https:\/\/insideamateurfussball-ffm.de\/wp-content\/uploads\/2023\/10\/tempo-karben07-1536x1152.jpg 1536w\" sizes=\"auto, (max-width: 2016px) 100vw, 2016px\" \/><figcaption id=\"caption-attachment-13892\" class=\"wp-caption-text\">Tempo und Karben standen sich auch schon letztes Jahr bei ungem\u00fctlichem Wetter gegen\u00fcber. Foto: Archiv MZ<\/figcaption><\/figure>\n<h4>FC Tempo &#8211; FC Karben 0:3 (0:1)<\/h4>\n<p><img loading=\"lazy\" decoding=\"async\" class=\"alignnone size-full wp-image-31\" src=\"http:\/\/insideamateurfussball-ffm.de\/wp-content\/uploads\/2021\/11\/Tempo.jpg\" alt=\"\" width=\"80\" height=\"80\" \/><img loading=\"lazy\" decoding=\"async\" class=\"alignnone size-full wp-image-2525\" src=\"http:\/\/insideamateurfussball-ffm.de\/wp-content\/uploads\/2022\/09\/karben.jpg\" alt=\"\" width=\"65\" height=\"80\" \/><\/p>\n<p>F\u00fcr den FC Tempo wird es immer enger im Abstiegskampf, nach der dritten klaren Niederlage in Serie liegen die Ginnheimer weiterhin auf dem drittletzten Platz, der den direkten Abstieg bedeuten w\u00fcrde. Der FC Karben indes, dem jetzt in der Tabelle die 6 Punkte f\u00fcr den fehlenden Unterbau abgezogen wurden, kann nach diesem Sieg wieder vom Aufstieg tr\u00e4umen, denn der Relegationsplatz ist nur noch ein Punkt entfernt.<\/p>\n<p>Das Spiel selbst war einseitig, Tempo hatte zwar in der ersten Halbzeit zwei Chancen zum 1:0, doch die spielbestimmende Mannschaft war der Gast aus Karben, der durch ein Tor von Owen Hare in der 32.Minute in F\u00fchrung ging. Nach der Halbzeitpause war es dann Florian Kurtz, der mit einem Distanzschuss das 2:0 f\u00fcr die G\u00e4ste erzielen konnte. Die Gastgeber schw\u00e4chten sich dann durch eine gelb-rote Karte f\u00fcr Arsen Kryvobedryi in der 69.Minute, damit war das Spiel praktisch entschieden.<\/p>\n<p>Owen Hare nutzte in der 75.Minute die \u00dcberzahl und erzielte mit dem 3:0 sein 14.Saisontor, der FC Tempo hatte nichts mehr entgegenzusetzen und verlor in der 89.Minute noch Tomislav Stekovic mit einer roten Karte nach einer T\u00e4tlichkeit. Tempos Sportlicher Leiter Zoran Marcetic sagte nach dem Spiel: \u201emanchmal macht Fu\u00dfball einfach keinen Spa\u00df, wir sind in einer schwierigen Situation und m\u00fcssen schauen, dass wir da schnellstm\u00f6glich wieder rauskommen. Wir haben 3:0 verloren, obwohl wir beim Spielstand von 0:0 und 1:0 immer wieder eine Torchance hatten, danach allerdings nicht mehr.\u201c<\/p>\n<p>Im letzten Spiel vor der Winterpause muss der FC Tempo zur Spvgg. 05 Oberrad.<\/p>\n<h4>Schiedsrichter: Julien Scherthan (SV 07 Bischofsheim). Zuschauer: 80.<\/h4>\n<h4>Tore: 0:1 Owen Hare (32.), 0:2 Florian Kurtz (56.), 0:3 Owen Hare (75.)<\/h4>\n","protected":false},"excerpt":{"rendered":"<p>Gegen den FC Karben konnte der FC Tempo seinen Negativlauf nicht beenden, das Spiel gegen die G\u00e4ste aus der Wetterau ging mit 0:3 verloren, zudem verloren die Gastgeber noch zwei Spieler durch rote Karten. FC Tempo &#8211; FC Karben 0:3 (0:1) F\u00fcr den FC Tempo wird es immer enger im Abstiegskampf, nach der dritten klaren [&hellip;]<\/p>\n","protected":false},"author":3,"featured_media":13892,"comment_status":"closed","ping_status":"open","sticky":true,"template":"","format":"standard","meta":{"footnotes":""},"categories":[13],"tags":[],"class_list":["post-22874","post","type-post","status-publish","format-standard","has-post-thumbnail","hentry","category-gruppenliga-frankfurt-west"],"_links":{"self":[{"href":"https:\/\/insideamateurfussball-ffm.de\/index.php?rest_route=\/wp\/v2\/posts\/22874","targetHints":{"allow":["GET"]}}],"collection":[{"href":"https:\/\/insideamateurfussball-ffm.de\/index.php?rest_route=\/wp\/v2\/posts"}],"about":[{"href":"https:\/\/insideamateurfussball-ffm.de\/index.php?rest_route=\/wp\/v2\/types\/post"}],"author":[{"embeddable":true,"href":"https:\/\/insideamateurfussball-ffm.de\/index.php?rest_route=\/wp\/v2\/users\/3"}],"replies":[{"embeddable":true,"href":"https:\/\/insideamateurfussball-ffm.de\/index.php?rest_route=%2Fwp%2Fv2%2Fcomments&post=22874"}],"version-history":[{"count":2,"href":"https:\/\/insideamateurfussball-ffm.de\/index.php?rest_route=\/wp\/v2\/posts\/22874\/revisions"}],"predecessor-version":[{"id":22876,"href":"https:\/\/insideamateurfussball-ffm.de\/index.php?rest_route=\/wp\/v2\/posts\/22874\/revisions\/22876"}],"wp:featuredmedia":[{"embeddable":true,"href":"https:\/\/insideamateurfussball-ffm.de\/index.php?rest_route=\/wp\/v2\/media\/13892"}],"wp:attachment":[{"href":"https:\/\/insideamateurfussball-ffm.de\/index.php?rest_route=%2Fwp%2Fv2%2Fmedia&parent=22874"}],"wp:term":[{"taxonomy":"category","embeddable":true,"href":"https:\/\/insideamateurfussball-ffm.de\/index.php?rest_route=%2Fwp%2Fv2%2Fcategories&post=22874"},{"taxonomy":"post_tag","embeddable":true,"href":"https:\/\/insideamateurfussball-ffm.de\/index.php?rest_route=%2Fwp%2Fv2%2Ftags&post=22874"}],"curies":[{"name":"wp","href":"https:\/\/api.w.org\/{rel}","templated":true}]}}