{"id":22834,"date":"2024-12-02T13:06:41","date_gmt":"2024-12-02T11:06:41","guid":{"rendered":"https:\/\/insideamateurfussball-ffm.de\/?p=22834"},"modified":"2024-12-02T13:06:41","modified_gmt":"2024-12-02T11:06:41","slug":"rw-schlaegt-namensvetter-aus-darmstadt","status":"publish","type":"post","link":"https:\/\/insideamateurfussball-ffm.de\/?p=22834","title":{"rendered":"RW schl\u00e4gt Namensvetter aus Darmstadt"},"content":{"rendered":"<h4>Die Rot-Weissen aus Frankfurt konnten auch das zweite Spiel in der Saison gegen ihren Namensvetter RW Darmstadt gewinnen, am Ende stand ein souver\u00e4ner 3:0-Sieg f\u00fcr die Frankfurter zu Buche, die sich in der Tabelle weiter verbessern konnten.<\/h4>\n<figure id=\"attachment_22843\" aria-describedby=\"caption-attachment-22843\" style=\"width: 886px\" class=\"wp-caption alignnone\"><img loading=\"lazy\" decoding=\"async\" class=\"wp-image-22843 size-full\" src=\"http:\/\/insideamateurfussball-ffm.de\/wp-content\/uploads\/2024\/12\/rw-darm10.jpg\" alt=\"\" width=\"886\" height=\"596\" srcset=\"https:\/\/insideamateurfussball-ffm.de\/wp-content\/uploads\/2024\/12\/rw-darm10.jpg 886w, https:\/\/insideamateurfussball-ffm.de\/wp-content\/uploads\/2024\/12\/rw-darm10-300x202.jpg 300w, https:\/\/insideamateurfussball-ffm.de\/wp-content\/uploads\/2024\/12\/rw-darm10-768x517.jpg 768w\" sizes=\"auto, (max-width: 886px) 100vw, 886px\" \/><figcaption id=\"caption-attachment-22843\" class=\"wp-caption-text\">Das Trainerteam von RW Frankfurt konnte sich \u00fcber eine erneut gute Heimleistung freuen. Foto: Mithat G\u00fcrser<\/figcaption><\/figure>\n<h4>SG RW Frankfurt &#8211; RW Darmstadt 3:0 (1:0)<\/h4>\n<p><img loading=\"lazy\" decoding=\"async\" class=\"alignnone size-full wp-image-120\" src=\"http:\/\/insideamateurfussball-ffm.de\/wp-content\/uploads\/2022\/05\/rot-weiss.png\" alt=\"\" width=\"80\" height=\"70\" \/><img loading=\"lazy\" decoding=\"async\" class=\"alignnone size-full wp-image-328\" src=\"http:\/\/insideamateurfussball-ffm.de\/wp-content\/uploads\/2022\/05\/RWDA.png\" alt=\"\" width=\"76\" height=\"80\" \/><\/p>\n<p>Bei kalten Temperaturen konnte RW Frankfurt auf heimischem Gel\u00e4nde wieder ihre Performance auf den Platz bringen, gegen RW Darmstadt waren die Gastgeber \u00fcber 90 Minuten dominant und hatten das Spiel unter Kontrolle, den G\u00e4sten gelang es zwar ein paar Mal, Nadelstiche zu setzen, doch die Frankfurter lie\u00dfen sich dadurch nicht beirren. Das verdiente 1:0 erzielte Bilal El Makrini nach einem Darmst\u00e4dter Fehler, einen zu kurz geratenen R\u00fcckpass erlief der Frankfurter und hatte keine M\u00fche, in der 29.Minute zum 1:0 zu vollenden.<\/p>\n<p>In der zweiten Halbzeit wurde der Patz eisiger und es war schwierig, den Halt auf dem seifigen Untergrund zu behalten, RW-Trainer Ibo Cigdem fand die Bedingungen \u201efast unspielbar\u201c, doch die Gastgeber kamen mit den Platzverh\u00e4ltnissen besser zurecht und erh\u00f6hten in der 50.Minute auf 2:0. Nachdem die Darmst\u00e4dter nach einem Schuss von Shuto Nabeta gerade noch auf der Linie retten konnten, brachte die anschlie\u00dfende Ecke den Torerfolg. Bilal El Makrini f\u00fchrte die Ecke kurz aus und erhielt den Ball zur\u00fcck, bei seinem Schuss in die kurze Ecke sah Darmstadts Torh\u00fcter Max Steinbrecher nicht gut aus, der Ball schlug zum 2.0 im Tor ein.<\/p>\n<p>In der 80.Minute belohnten sich die St\u00fcrmer der Gastgeber f\u00fcr ihr stetes fr\u00fches Pressing, sie setzten Darmstadts Torwart unter Druck und der nur 5 Minuten zuvor eingewechselte Yassin Ennaji erh\u00f6hte zum Endstand von 3:0. Eine gute Mannschaftsleistung der Frankfurter, Coach Cigdem hofft jetzt, am n\u00e4chsten Sonntag das Jahr mit einem Sieg gegen die im Tabellenkeller stehende TS Ober-Roden abschlie\u00dfen zu k\u00f6nnen. Mit dem Sieg gegen die Darmst\u00e4dter konnten die Frankfurter den Anschluss an das Mittelfeld der Tabelle herstellen und liegen nur noch einen Punkt hinter dem Gegner vom Sonntag bei gewonnenem Direktduell.<\/p>\n<h4>Schiedsrichter: Lennart Probst (SVG Gr\u00fcn-Wei\u00df Gandersheim). Zuschauer: 53.<\/h4>\n<h4>Tore: 1:0 Bilal El Makrini (29.), 2:0 Bilal El Makrini (50.), 3:0 Yassin Ennaji (80.)<\/h4>\n<blockquote>\n<h4>Die Bilder verdanken wir wie immer dem RW-Fotografen Mithat G\u00fcrser.<\/h4>\n<\/blockquote>\n\n\n<figure class=\"wp-block-image size-full\"><img loading=\"lazy\" decoding=\"async\" width=\"886\" height=\"661\" src=\"http:\/\/insideamateurfussball-ffm.de\/wp-content\/uploads\/2024\/12\/rw-darm1.jpg\" alt=\"\" class=\"wp-image-22835\" srcset=\"https:\/\/insideamateurfussball-ffm.de\/wp-content\/uploads\/2024\/12\/rw-darm1.jpg 886w, https:\/\/insideamateurfussball-ffm.de\/wp-content\/uploads\/2024\/12\/rw-darm1-300x224.jpg 300w, https:\/\/insideamateurfussball-ffm.de\/wp-content\/uploads\/2024\/12\/rw-darm1-768x573.jpg 768w\" sizes=\"auto, (max-width: 886px) 100vw, 886px\" \/><\/figure>\n\n\n\n<figure class=\"wp-block-image size-full\"><img loading=\"lazy\" decoding=\"async\" width=\"886\" height=\"635\" src=\"http:\/\/insideamateurfussball-ffm.de\/wp-content\/uploads\/2024\/12\/rw-darm2.jpg\" alt=\"\" class=\"wp-image-22836\" srcset=\"https:\/\/insideamateurfussball-ffm.de\/wp-content\/uploads\/2024\/12\/rw-darm2.jpg 886w, https:\/\/insideamateurfussball-ffm.de\/wp-content\/uploads\/2024\/12\/rw-darm2-300x215.jpg 300w, https:\/\/insideamateurfussball-ffm.de\/wp-content\/uploads\/2024\/12\/rw-darm2-768x550.jpg 768w\" sizes=\"auto, (max-width: 886px) 100vw, 886px\" \/><\/figure>\n\n\n\n<figure class=\"wp-block-image size-full\"><img loading=\"lazy\" decoding=\"async\" width=\"886\" height=\"637\" src=\"http:\/\/insideamateurfussball-ffm.de\/wp-content\/uploads\/2024\/12\/rw-darm3.jpg\" alt=\"\" class=\"wp-image-22837\" srcset=\"https:\/\/insideamateurfussball-ffm.de\/wp-content\/uploads\/2024\/12\/rw-darm3.jpg 886w, https:\/\/insideamateurfussball-ffm.de\/wp-content\/uploads\/2024\/12\/rw-darm3-300x216.jpg 300w, https:\/\/insideamateurfussball-ffm.de\/wp-content\/uploads\/2024\/12\/rw-darm3-768x552.jpg 768w\" sizes=\"auto, (max-width: 886px) 100vw, 886px\" \/><\/figure>\n\n\n\n<figure class=\"wp-block-image size-full\"><img loading=\"lazy\" decoding=\"async\" width=\"886\" height=\"637\" src=\"http:\/\/insideamateurfussball-ffm.de\/wp-content\/uploads\/2024\/12\/rw-darm4.jpg\" alt=\"\" class=\"wp-image-22838\" srcset=\"https:\/\/insideamateurfussball-ffm.de\/wp-content\/uploads\/2024\/12\/rw-darm4.jpg 886w, https:\/\/insideamateurfussball-ffm.de\/wp-content\/uploads\/2024\/12\/rw-darm4-300x216.jpg 300w, https:\/\/insideamateurfussball-ffm.de\/wp-content\/uploads\/2024\/12\/rw-darm4-768x552.jpg 768w\" sizes=\"auto, (max-width: 886px) 100vw, 886px\" \/><\/figure>\n\n\n\n<figure class=\"wp-block-image size-full\"><img loading=\"lazy\" decoding=\"async\" width=\"886\" height=\"638\" src=\"http:\/\/insideamateurfussball-ffm.de\/wp-content\/uploads\/2024\/12\/rw-darm5.jpg\" alt=\"\" class=\"wp-image-22839\" srcset=\"https:\/\/insideamateurfussball-ffm.de\/wp-content\/uploads\/2024\/12\/rw-darm5.jpg 886w, https:\/\/insideamateurfussball-ffm.de\/wp-content\/uploads\/2024\/12\/rw-darm5-300x216.jpg 300w, https:\/\/insideamateurfussball-ffm.de\/wp-content\/uploads\/2024\/12\/rw-darm5-768x553.jpg 768w\" sizes=\"auto, (max-width: 886px) 100vw, 886px\" \/><\/figure>\n\n\n\n<figure class=\"wp-block-image size-full\"><img loading=\"lazy\" decoding=\"async\" width=\"886\" height=\"638\" src=\"http:\/\/insideamateurfussball-ffm.de\/wp-content\/uploads\/2024\/12\/rw-darm7.jpg\" alt=\"\" class=\"wp-image-22840\" srcset=\"https:\/\/insideamateurfussball-ffm.de\/wp-content\/uploads\/2024\/12\/rw-darm7.jpg 886w, https:\/\/insideamateurfussball-ffm.de\/wp-content\/uploads\/2024\/12\/rw-darm7-300x216.jpg 300w, https:\/\/insideamateurfussball-ffm.de\/wp-content\/uploads\/2024\/12\/rw-darm7-768x553.jpg 768w\" sizes=\"auto, (max-width: 886px) 100vw, 886px\" \/><\/figure>\n\n\n\n<figure class=\"wp-block-image size-full\"><img loading=\"lazy\" decoding=\"async\" width=\"886\" height=\"637\" src=\"http:\/\/insideamateurfussball-ffm.de\/wp-content\/uploads\/2024\/12\/rw-darm8.jpg\" alt=\"\" class=\"wp-image-22841\" srcset=\"https:\/\/insideamateurfussball-ffm.de\/wp-content\/uploads\/2024\/12\/rw-darm8.jpg 886w, https:\/\/insideamateurfussball-ffm.de\/wp-content\/uploads\/2024\/12\/rw-darm8-300x216.jpg 300w, https:\/\/insideamateurfussball-ffm.de\/wp-content\/uploads\/2024\/12\/rw-darm8-768x552.jpg 768w\" sizes=\"auto, (max-width: 886px) 100vw, 886px\" \/><\/figure>\n\n\n\n<figure class=\"wp-block-image size-full\"><img loading=\"lazy\" decoding=\"async\" width=\"726\" height=\"591\" src=\"http:\/\/insideamateurfussball-ffm.de\/wp-content\/uploads\/2024\/12\/rw-darm9.jpg\" alt=\"\" class=\"wp-image-22842\" srcset=\"https:\/\/insideamateurfussball-ffm.de\/wp-content\/uploads\/2024\/12\/rw-darm9.jpg 726w, https:\/\/insideamateurfussball-ffm.de\/wp-content\/uploads\/2024\/12\/rw-darm9-300x244.jpg 300w\" sizes=\"auto, (max-width: 726px) 100vw, 726px\" \/><\/figure>\n","protected":false},"excerpt":{"rendered":"<p>Die Rot-Weissen aus Frankfurt konnten auch das zweite Spiel in der Saison gegen ihren Namensvetter RW Darmstadt gewinnen, am Ende stand ein souver\u00e4ner 3:0-Sieg f\u00fcr die Frankfurter zu Buche, die sich in der Tabelle weiter verbessern konnten. SG RW Frankfurt &#8211; RW Darmstadt 3:0 (1:0) Bei kalten Temperaturen konnte RW Frankfurt auf heimischem Gel\u00e4nde wieder [&hellip;]<\/p>\n","protected":false},"author":3,"featured_media":22843,"comment_status":"closed","ping_status":"open","sticky":true,"template":"","format":"standard","meta":{"footnotes":""},"categories":[10],"tags":[],"class_list":["post-22834","post","type-post","status-publish","format-standard","has-post-thumbnail","hentry","category-verbandsliga-sued"],"_links":{"self":[{"href":"https:\/\/insideamateurfussball-ffm.de\/index.php?rest_route=\/wp\/v2\/posts\/22834","targetHints":{"allow":["GET"]}}],"collection":[{"href":"https:\/\/insideamateurfussball-ffm.de\/index.php?rest_route=\/wp\/v2\/posts"}],"about":[{"href":"https:\/\/insideamateurfussball-ffm.de\/index.php?rest_route=\/wp\/v2\/types\/post"}],"author":[{"embeddable":true,"href":"https:\/\/insideamateurfussball-ffm.de\/index.php?rest_route=\/wp\/v2\/users\/3"}],"replies":[{"embeddable":true,"href":"https:\/\/insideamateurfussball-ffm.de\/index.php?rest_route=%2Fwp%2Fv2%2Fcomments&post=22834"}],"version-history":[{"count":4,"href":"https:\/\/insideamateurfussball-ffm.de\/index.php?rest_route=\/wp\/v2\/posts\/22834\/revisions"}],"predecessor-version":[{"id":22847,"href":"https:\/\/insideamateurfussball-ffm.de\/index.php?rest_route=\/wp\/v2\/posts\/22834\/revisions\/22847"}],"wp:featuredmedia":[{"embeddable":true,"href":"https:\/\/insideamateurfussball-ffm.de\/index.php?rest_route=\/wp\/v2\/media\/22843"}],"wp:attachment":[{"href":"https:\/\/insideamateurfussball-ffm.de\/index.php?rest_route=%2Fwp%2Fv2%2Fmedia&parent=22834"}],"wp:term":[{"taxonomy":"category","embeddable":true,"href":"https:\/\/insideamateurfussball-ffm.de\/index.php?rest_route=%2Fwp%2Fv2%2Fcategories&post=22834"},{"taxonomy":"post_tag","embeddable":true,"href":"https:\/\/insideamateurfussball-ffm.de\/index.php?rest_route=%2Fwp%2Fv2%2Ftags&post=22834"}],"curies":[{"name":"wp","href":"https:\/\/api.w.org\/{rel}","templated":true}]}}