{"id":22803,"date":"2024-11-28T21:06:41","date_gmt":"2024-11-28T19:06:41","guid":{"rendered":"https:\/\/insideamateurfussball-ffm.de\/?p=22803"},"modified":"2024-11-28T21:07:26","modified_gmt":"2024-11-28T19:07:26","slug":"hasan-basci-uebernimmt-fv-hausen","status":"publish","type":"post","link":"https:\/\/insideamateurfussball-ffm.de\/?p=22803","title":{"rendered":"Hasan Basci \u00fcbernimmt FV Hausen"},"content":{"rendered":"<p><span style=\"font-size: 16px;\">A-Ligist FV Hausen hat einen Nachfolger f\u00fcr Interimstrainer Martin Reyschmidt gefunden, der zum Jahreswechsel wieder aufh\u00f6rt. Danach \u00fcbernimmt Hasan Basci den Kreisoberliga-Absteiger, der in der Kreisliga A derzeit den zehnten Rang belegt.\u00a0<\/span><\/p>\n<figure id=\"attachment_14263\" aria-describedby=\"caption-attachment-14263\" style=\"width: 150px\" class=\"wp-caption alignleft\"><img loading=\"lazy\" decoding=\"async\" class=\"wp-image-14263 size-thumbnail\" src=\"http:\/\/insideamateurfussball-ffm.de\/wp-content\/uploads\/2023\/10\/trainer-germania-1-150x150.jpg\" alt=\"\" width=\"150\" height=\"150\" \/><figcaption id=\"caption-attachment-14263\" class=\"wp-caption-text\">Hasan Basci wird neuer Trainer beim FV Hausen. Foto: J\u00f6rg Schulz.<\/figcaption><\/figure>\n<p><span style=\"font-size: 16px;\"><img loading=\"lazy\" decoding=\"async\" class=\"alignnone size-full wp-image-12700\" src=\"http:\/\/insideamateurfussball-ffm.de\/wp-content\/uploads\/2023\/09\/Hausen.jpg\" alt=\"\" width=\"80\" height=\"60\" \/><\/span><\/p>\n<p>Wie Spielausschuss-Chef Peter Schl\u00fc\u00dfmann mitteilte, hat sich der Kreisoberliga-Absteiger mit Hasan Basci \u00fcber eine Zusammenarbeit ab Januar 2025 geeinigt.<\/p>\n<p>Basci hatte zuvor zweieinhalb Jahre den VfL Germania 94 trainiert, den er 2023 als Meister der A-Klasse in die Kreisoberliga f\u00fchrte und im Aufstiegsjahr Rang f\u00fcnf belegte.<\/p>\n<p>&#8222;Nach der Zeit bei der Germania war ich ausgebrannt und wollte eigentlich nichts mehr machen&#8220;, sagt Basci. Beim Besuch der A-Liga-Partie der Hausener in Praunheim (0:0) h\u00e4tten die Verantwortlichen von der M\u00fchlwiese den Kontakt aufgenommen und Basci zehn Tage Bedenkzeit gegeben.<\/p>\n<p>&#8222;Ich m\u00f6chte diesen Traditionsverein in der n\u00e4chsten Saison zur\u00fcck in die Kreisoberliga f\u00fchren. Hier ist Potenzial vorhanden&#8220;, hat Basci klare Ziele.<\/p>\n<p><span style=\"font-size: 16px;\">\u00a0<\/span><\/p>\n","protected":false},"excerpt":{"rendered":"<p>A-Ligist FV Hausen hat einen Nachfolger f\u00fcr Interimstrainer Martin Reyschmidt gefunden, der zum Jahreswechsel wieder aufh\u00f6rt. Danach \u00fcbernimmt Hasan Basci den Kreisoberliga-Absteiger, der in der Kreisliga A derzeit den zehnten Rang belegt.\u00a0 Wie Spielausschuss-Chef Peter Schl\u00fc\u00dfmann mitteilte, hat sich der Kreisoberliga-Absteiger mit Hasan Basci \u00fcber eine Zusammenarbeit ab Januar 2025 geeinigt. Basci hatte zuvor zweieinhalb [&hellip;]<\/p>\n","protected":false},"author":1,"featured_media":14263,"comment_status":"closed","ping_status":"closed","sticky":true,"template":"","format":"standard","meta":{"footnotes":""},"categories":[12],"tags":[],"class_list":["post-22803","post","type-post","status-publish","format-standard","has-post-thumbnail","hentry","category-kreisliga-a1"],"_links":{"self":[{"href":"https:\/\/insideamateurfussball-ffm.de\/index.php?rest_route=\/wp\/v2\/posts\/22803","targetHints":{"allow":["GET"]}}],"collection":[{"href":"https:\/\/insideamateurfussball-ffm.de\/index.php?rest_route=\/wp\/v2\/posts"}],"about":[{"href":"https:\/\/insideamateurfussball-ffm.de\/index.php?rest_route=\/wp\/v2\/types\/post"}],"author":[{"embeddable":true,"href":"https:\/\/insideamateurfussball-ffm.de\/index.php?rest_route=\/wp\/v2\/users\/1"}],"replies":[{"embeddable":true,"href":"https:\/\/insideamateurfussball-ffm.de\/index.php?rest_route=%2Fwp%2Fv2%2Fcomments&post=22803"}],"version-history":[{"count":2,"href":"https:\/\/insideamateurfussball-ffm.de\/index.php?rest_route=\/wp\/v2\/posts\/22803\/revisions"}],"predecessor-version":[{"id":22805,"href":"https:\/\/insideamateurfussball-ffm.de\/index.php?rest_route=\/wp\/v2\/posts\/22803\/revisions\/22805"}],"wp:featuredmedia":[{"embeddable":true,"href":"https:\/\/insideamateurfussball-ffm.de\/index.php?rest_route=\/wp\/v2\/media\/14263"}],"wp:attachment":[{"href":"https:\/\/insideamateurfussball-ffm.de\/index.php?rest_route=%2Fwp%2Fv2%2Fmedia&parent=22803"}],"wp:term":[{"taxonomy":"category","embeddable":true,"href":"https:\/\/insideamateurfussball-ffm.de\/index.php?rest_route=%2Fwp%2Fv2%2Fcategories&post=22803"},{"taxonomy":"post_tag","embeddable":true,"href":"https:\/\/insideamateurfussball-ffm.de\/index.php?rest_route=%2Fwp%2Fv2%2Ftags&post=22803"}],"curies":[{"name":"wp","href":"https:\/\/api.w.org\/{rel}","templated":true}]}}