{"id":22776,"date":"2024-11-26T19:29:16","date_gmt":"2024-11-26T17:29:16","guid":{"rendered":"https:\/\/insideamateurfussball-ffm.de\/?p=22776"},"modified":"2024-11-26T19:29:16","modified_gmt":"2024-11-26T17:29:16","slug":"josh-haas-matchwinner-bei-svh-sieg-im-ostpark","status":"publish","type":"post","link":"https:\/\/insideamateurfussball-ffm.de\/?p=22776","title":{"rendered":"Josh Haas Matchwinner bei SVH-Sieg im Ostpark"},"content":{"rendered":"<h4>Mit dem 2:1-Ausw\u00e4rtssieg im Ostpark beim FC Gudesding hat der SV 07 Heddernheim die Abstiegsr\u00e4nge verlassen und die Gastgeber auf einen solchen verwiesen. Bei drei Absteigern (Tempo und die Speuzer belegen in der Gruppenliga Abstiegspl\u00e4tze) belegen die Gr\u00fcn-Wei\u00dfen nach dem f\u00fcnften Saisonsieg den Relegationsplatz.\u00a0<\/h4>\n<figure id=\"attachment_22778\" aria-describedby=\"caption-attachment-22778\" style=\"width: 2048px\" class=\"wp-caption alignnone\"><img loading=\"lazy\" decoding=\"async\" class=\"wp-image-22778 size-full\" src=\"http:\/\/insideamateurfussball-ffm.de\/wp-content\/uploads\/2024\/11\/Gu-hed.jpg\" alt=\"\" width=\"2048\" height=\"1536\" srcset=\"https:\/\/insideamateurfussball-ffm.de\/wp-content\/uploads\/2024\/11\/Gu-hed.jpg 2048w, https:\/\/insideamateurfussball-ffm.de\/wp-content\/uploads\/2024\/11\/Gu-hed-300x225.jpg 300w, https:\/\/insideamateurfussball-ffm.de\/wp-content\/uploads\/2024\/11\/Gu-hed-1024x768.jpg 1024w, https:\/\/insideamateurfussball-ffm.de\/wp-content\/uploads\/2024\/11\/Gu-hed-768x576.jpg 768w, https:\/\/insideamateurfussball-ffm.de\/wp-content\/uploads\/2024\/11\/Gu-hed-1536x1152.jpg 1536w\" sizes=\"auto, (max-width: 2048px) 100vw, 2048px\" \/><figcaption id=\"caption-attachment-22778\" class=\"wp-caption-text\">Bei milden 15 Grad liefen die Teams nach 15.30 Uhr im Ostpark ein. Foto: PA.\u00a0<\/figcaption><\/figure>\n<h4>FC Gudesding &#8211; SV 07 Heddernheim 1:2 (0:1)<\/h4>\n<p><img loading=\"lazy\" decoding=\"async\" class=\"alignnone size-full wp-image-10\" src=\"http:\/\/insideamateurfussball-ffm.de\/wp-content\/uploads\/2021\/11\/Gudesding.jpg\" alt=\"\" width=\"64\" height=\"80\" \/><img loading=\"lazy\" decoding=\"async\" class=\"alignnone size-full wp-image-302\" src=\"http:\/\/insideamateurfussball-ffm.de\/wp-content\/uploads\/2022\/05\/1sv07_news2_4511-1.jpg\" alt=\"\" width=\"80\" height=\"80\" \/><\/p>\n<p>Seitdem der FC Gudesding im August 2019 erstmals in einem Pflichtspiel auf den SV 07 Heddernheim traf, sind die Gr\u00fcn-Wei\u00dfen zu einem Angstgegner avanciert. Nur einen Sieg (5:2 am 15. Februar 2023) gab es in mittlerweile sechs gemeinsamen KOL-Spielzeiten, mit dem 2:1-Sieg vom Sonntag gingen die letzten vier Begegnungen an Heddernheim. Die G\u00e4ste wollten auf dem gro\u00dfen Kunstrasenplatz mit einer ver\u00e4nderten taktischen Formation zurecht kommen und vor allem defensiv stabil auftreten. Gleich zu Beginn setzte der SV 07 aber schon offensive Akzente. Eine Flanke von Kapit\u00e4n Deniz Yatci setzte Torj\u00e4ger Marcus Kreckel am Tor vorbei (4.). Nach einem Ballverlust der Gastgeber setzte Johannes Nordmeyer seinen Mitspieler Josh Haas ein, der flach zur G\u00e4stef\u00fchrung einschob (7.). Die erste gef\u00e4hrliche Situation der &#8222;Guden&#8220; entstand nach einem langen Ball in den Strafraum, da war Arne Kuhrs zu \u00fcberrascht, dass er den Ball erhielt und zielte am Kasten vorbei (16.). Auf der Gegenseite war FCG-Torh\u00fcter Jonathan Koenen bei einem Freisto\u00df von Tomislav Cudina auf dem Posten (19.).<\/p>\n<p>\u00dcberraschend gut war die Partie besucht, zur dreistelligen Kulisse trug auch die Anwesenheit der Mannschaft des FC Fortuna bei, die im Vorspiel in der A-Klasse bei Gudesding II 1:1 gespielt hatte. Kurz vor der Pause forderten die G\u00e4ste einen Elfmeter an Haas, doch statt diesen zu pfeifen hielt der Schiedsrichter dem SVH-Neuzugang die Gelbe Karte wegen Schwalbe vor die Nase. Nach dem Seitenwechsel wurde Gudesding st\u00e4rker, kam zu Abschl\u00fcssen durch Mutaz Husain, Fabian Lifka und Lukas M\u00fcrlebach. Einen Lifka-Freisto\u00df lenkte Heddernheims Torh\u00fcter Hidayet Yapici an den Pfosten. Die Gastgeber reklamierten Tor, danach musste der G\u00e4stekeeper erstmal behandelt werden (59.). Die G\u00e4ste kamen nur noch selten zur Entlastung, als Kreckel einmal durchkam wurde sein Schuss abgeblockt (66.). Auf der Gegenseite war Yapici auch vom links sehr agilen M\u00fcrlebach nicht zu \u00fcberwinden. Auf SVH-Seite gab der zuvor noch in der B-Klasse beim 2:1-Ausw\u00e4rtssieg bei Germania Ginnheim II eingesetzte Aissam Handour sein KOL-Deb\u00fct ab der 78. Minute und sah f\u00fcnf Minuten sp\u00e4ter die Gelbe Karte.<\/p>\n<blockquote>\n<h4>Haas in Arjen Robben-Manier zum Siegtreffer\u00a0<\/h4>\n<\/blockquote>\n<p>Der Druck der Hausherren stieg in der Schlussphase. Yapici parierte einen Kopfball von Abderrafik Imeghry (85.), nach einer abseitsverd\u00e4chtigen Situation \u00fcber die rechte Seite kam der Ball nach innen und diesmal traf Imeghry zum Ausgleich (86.). Doch die &#8222;Guden&#8220; hatten die Rechnung ohne Josh Haas gemacht. Der zusammen mit Tomislav Cudina vom FSV Bergen gekommene Offensivmann zog in Arjen Robben-Manier nach innen und traf per Traumtor in den Winkel &#8211; 1:2 (89.). Der ehemalige Gudesding-Spielertrainer Alexander Root hatte die letzte Schusschance f\u00fcr das Team von Trainer Bela Cohn-Bendit und dessen Assistenten Paul Weiss, der hinterher konstatierte: &#8222;Sehr bittere Niederlage gegen einen direkten Konkurrenten. Wir haben die ersten 15 Minuten leider verschlafen und gehen mit 0:1 in R\u00fcckstand. Je l\u00e4nger das Spiel ging, desto besser wurden wir. Der Ausgleich in der 86. Minute war mehr als verdient. Dass Du dann postwendend den Gegentreffer kassierst, ist leider symptomatisch f\u00fcr die ganze Saison. Den Punkt h\u00e4tten wir gerne genommen, auch wenn ein Sieg besser gewesen w\u00e4re. So stehen wir aber &#8211; mal wieder &#8211; mit leeren H\u00e4nden da. Aber wir schauen nach vorne, es bleibt uns ja nichts anderes \u00fcbrig. Es geht weiter.&#8220;<\/p>\n<p>SVH-Trainer Andreas Berggold: &#8222;Es war nat\u00fcrlich f\u00fcr uns ein sehr wichtiges Spiel beim direkten Tabellennachbarn hier einen Dreier zu holen. Wir haben sehr konzentriert angefangen, stabil gestanden und wenig zugelassen. Das war auch unsere Pr\u00e4misse erstmal. Wir wollten dem Gegner das Spiel \u00fcberlassen, die fr\u00fche F\u00fchrung hat uns in die Karten gespielt. In der zweiten Halbzeit ist der Druck von Gudesding extrem gro\u00df geworden, wir hatten kaum noch Entlastung. Wir wollten Nadelstiche setzen, haben aber die B\u00e4lle zu schnell in der Vorw\u00e4rtsbewegung hergeschenkt. Der Ausgleich war folgerichtig, meiner Meinung nach aber durch eine Abseitsposition. Dass wir aber noch durch diese wunderbare Einzelaktion von Josh Haas den Siegtreffer machen, ist nat\u00fcrlich Wahnsinn und absolut Gold wert. Wir hatten das Spielgl\u00fcck auf unserer Seite und hatten mit Yapici einen \u00fcberragenden Torwart.&#8220; Weiter geht es am Sonntag f\u00fcr Gudesding bei Concordia Eschersheim (14.30 Uhr). Zeitgleich erwartet Heddernheim den FC Posavina.\u00a0 \u00a0\u00a0<\/p>\n<blockquote>\n<h4>Schiedsrichter: Manuel Jeck (Usingen). Zuschauer: 114.\u00a0<\/h4>\n<h4>Tore: 0:1 Josh Haas (7.), 1:1 Abderrafik Imeghry (86.), 1:2 Josh Haas (89.).\u00a0<\/h4>\n<\/blockquote>\n\n\n<figure class=\"wp-block-image size-large is-style-rounded\"><img loading=\"lazy\" decoding=\"async\" width=\"1024\" height=\"768\" src=\"https:\/\/insideamateurfussball-ffm.de\/wp-content\/uploads\/2024\/11\/gu-hed1-1024x768.jpg\" alt=\"\" class=\"wp-image-22779\" srcset=\"https:\/\/insideamateurfussball-ffm.de\/wp-content\/uploads\/2024\/11\/gu-hed1-1024x768.jpg 1024w, https:\/\/insideamateurfussball-ffm.de\/wp-content\/uploads\/2024\/11\/gu-hed1-300x225.jpg 300w, https:\/\/insideamateurfussball-ffm.de\/wp-content\/uploads\/2024\/11\/gu-hed1-768x576.jpg 768w, https:\/\/insideamateurfussball-ffm.de\/wp-content\/uploads\/2024\/11\/gu-hed1-1536x1152.jpg 1536w, https:\/\/insideamateurfussball-ffm.de\/wp-content\/uploads\/2024\/11\/gu-hed1.jpg 2048w\" sizes=\"auto, (max-width: 1024px) 100vw, 1024px\" \/><\/figure>\n\n\n\n<figure class=\"wp-block-gallery has-nested-images columns-default is-cropped wp-block-gallery-1 is-layout-flex wp-block-gallery-is-layout-flex\">\n<figure class=\"wp-block-image size-large is-style-rounded\"><img loading=\"lazy\" decoding=\"async\" width=\"1024\" height=\"768\" data-id=\"22780\" src=\"https:\/\/insideamateurfussball-ffm.de\/wp-content\/uploads\/2024\/11\/gu-hed2-1024x768.jpg\" alt=\"\" class=\"wp-image-22780\" srcset=\"https:\/\/insideamateurfussball-ffm.de\/wp-content\/uploads\/2024\/11\/gu-hed2-1024x768.jpg 1024w, https:\/\/insideamateurfussball-ffm.de\/wp-content\/uploads\/2024\/11\/gu-hed2-300x225.jpg 300w, https:\/\/insideamateurfussball-ffm.de\/wp-content\/uploads\/2024\/11\/gu-hed2-768x576.jpg 768w, https:\/\/insideamateurfussball-ffm.de\/wp-content\/uploads\/2024\/11\/gu-hed2-1536x1152.jpg 1536w, https:\/\/insideamateurfussball-ffm.de\/wp-content\/uploads\/2024\/11\/gu-hed2.jpg 2048w\" sizes=\"auto, (max-width: 1024px) 100vw, 1024px\" \/><\/figure>\n<\/figure>\n\n\n\n<figure class=\"wp-block-gallery has-nested-images columns-default is-cropped wp-block-gallery-2 is-layout-flex wp-block-gallery-is-layout-flex\">\n<figure class=\"wp-block-image size-large is-style-rounded\"><img loading=\"lazy\" decoding=\"async\" width=\"1024\" height=\"768\" data-id=\"22781\" src=\"https:\/\/insideamateurfussball-ffm.de\/wp-content\/uploads\/2024\/11\/gu-hed3-1024x768.jpg\" alt=\"\" class=\"wp-image-22781\" srcset=\"https:\/\/insideamateurfussball-ffm.de\/wp-content\/uploads\/2024\/11\/gu-hed3-1024x768.jpg 1024w, https:\/\/insideamateurfussball-ffm.de\/wp-content\/uploads\/2024\/11\/gu-hed3-300x225.jpg 300w, https:\/\/insideamateurfussball-ffm.de\/wp-content\/uploads\/2024\/11\/gu-hed3-768x576.jpg 768w, https:\/\/insideamateurfussball-ffm.de\/wp-content\/uploads\/2024\/11\/gu-hed3-1536x1152.jpg 1536w, https:\/\/insideamateurfussball-ffm.de\/wp-content\/uploads\/2024\/11\/gu-hed3.jpg 2048w\" sizes=\"auto, (max-width: 1024px) 100vw, 1024px\" \/><\/figure>\n<\/figure>\n\n\n\n<figure class=\"wp-block-gallery has-nested-images columns-default is-cropped wp-block-gallery-3 is-layout-flex wp-block-gallery-is-layout-flex\">\n<figure class=\"wp-block-image size-large is-style-rounded\"><img loading=\"lazy\" decoding=\"async\" width=\"1024\" height=\"768\" data-id=\"22782\" src=\"https:\/\/insideamateurfussball-ffm.de\/wp-content\/uploads\/2024\/11\/gu-hed4-1024x768.jpg\" alt=\"\" class=\"wp-image-22782\" srcset=\"https:\/\/insideamateurfussball-ffm.de\/wp-content\/uploads\/2024\/11\/gu-hed4-1024x768.jpg 1024w, https:\/\/insideamateurfussball-ffm.de\/wp-content\/uploads\/2024\/11\/gu-hed4-300x225.jpg 300w, https:\/\/insideamateurfussball-ffm.de\/wp-content\/uploads\/2024\/11\/gu-hed4-768x576.jpg 768w, https:\/\/insideamateurfussball-ffm.de\/wp-content\/uploads\/2024\/11\/gu-hed4-1536x1152.jpg 1536w, https:\/\/insideamateurfussball-ffm.de\/wp-content\/uploads\/2024\/11\/gu-hed4.jpg 2048w\" sizes=\"auto, (max-width: 1024px) 100vw, 1024px\" \/><\/figure>\n<\/figure>\n\n\n\n<figure class=\"wp-block-gallery has-nested-images columns-default is-cropped wp-block-gallery-4 is-layout-flex wp-block-gallery-is-layout-flex\">\n<figure class=\"wp-block-image size-large is-style-rounded\"><img loading=\"lazy\" decoding=\"async\" width=\"1024\" height=\"768\" data-id=\"22783\" src=\"https:\/\/insideamateurfussball-ffm.de\/wp-content\/uploads\/2024\/11\/hedfr-1024x768.jpg\" alt=\"\" class=\"wp-image-22783\" srcset=\"https:\/\/insideamateurfussball-ffm.de\/wp-content\/uploads\/2024\/11\/hedfr-1024x768.jpg 1024w, https:\/\/insideamateurfussball-ffm.de\/wp-content\/uploads\/2024\/11\/hedfr-300x225.jpg 300w, https:\/\/insideamateurfussball-ffm.de\/wp-content\/uploads\/2024\/11\/hedfr-768x576.jpg 768w, https:\/\/insideamateurfussball-ffm.de\/wp-content\/uploads\/2024\/11\/hedfr-1536x1152.jpg 1536w, https:\/\/insideamateurfussball-ffm.de\/wp-content\/uploads\/2024\/11\/hedfr.jpg 2048w\" sizes=\"auto, (max-width: 1024px) 100vw, 1024px\" \/><\/figure>\n<\/figure>\n","protected":false},"excerpt":{"rendered":"<p>Mit dem 2:1-Ausw\u00e4rtssieg im Ostpark beim FC Gudesding hat der SV 07 Heddernheim die Abstiegsr\u00e4nge verlassen und die Gastgeber auf einen solchen verwiesen. Bei drei Absteigern (Tempo und die Speuzer belegen in der Gruppenliga Abstiegspl\u00e4tze) belegen die Gr\u00fcn-Wei\u00dfen nach dem f\u00fcnften Saisonsieg den Relegationsplatz.\u00a0 FC Gudesding &#8211; SV 07 Heddernheim 1:2 (0:1) Seitdem der FC [&hellip;]<\/p>\n","protected":false},"author":1,"featured_media":22778,"comment_status":"closed","ping_status":"closed","sticky":true,"template":"","format":"standard","meta":{"footnotes":""},"categories":[2],"tags":[],"class_list":["post-22776","post","type-post","status-publish","format-standard","has-post-thumbnail","hentry","category-kreisoberliga-frankfurt"],"_links":{"self":[{"href":"https:\/\/insideamateurfussball-ffm.de\/index.php?rest_route=\/wp\/v2\/posts\/22776","targetHints":{"allow":["GET"]}}],"collection":[{"href":"https:\/\/insideamateurfussball-ffm.de\/index.php?rest_route=\/wp\/v2\/posts"}],"about":[{"href":"https:\/\/insideamateurfussball-ffm.de\/index.php?rest_route=\/wp\/v2\/types\/post"}],"author":[{"embeddable":true,"href":"https:\/\/insideamateurfussball-ffm.de\/index.php?rest_route=\/wp\/v2\/users\/1"}],"replies":[{"embeddable":true,"href":"https:\/\/insideamateurfussball-ffm.de\/index.php?rest_route=%2Fwp%2Fv2%2Fcomments&post=22776"}],"version-history":[{"count":1,"href":"https:\/\/insideamateurfussball-ffm.de\/index.php?rest_route=\/wp\/v2\/posts\/22776\/revisions"}],"predecessor-version":[{"id":22784,"href":"https:\/\/insideamateurfussball-ffm.de\/index.php?rest_route=\/wp\/v2\/posts\/22776\/revisions\/22784"}],"wp:featuredmedia":[{"embeddable":true,"href":"https:\/\/insideamateurfussball-ffm.de\/index.php?rest_route=\/wp\/v2\/media\/22778"}],"wp:attachment":[{"href":"https:\/\/insideamateurfussball-ffm.de\/index.php?rest_route=%2Fwp%2Fv2%2Fmedia&parent=22776"}],"wp:term":[{"taxonomy":"category","embeddable":true,"href":"https:\/\/insideamateurfussball-ffm.de\/index.php?rest_route=%2Fwp%2Fv2%2Fcategories&post=22776"},{"taxonomy":"post_tag","embeddable":true,"href":"https:\/\/insideamateurfussball-ffm.de\/index.php?rest_route=%2Fwp%2Fv2%2Ftags&post=22776"}],"curies":[{"name":"wp","href":"https:\/\/api.w.org\/{rel}","templated":true}]}}