{"id":22750,"date":"2024-11-26T17:00:20","date_gmt":"2024-11-26T15:00:20","guid":{"rendered":"https:\/\/insideamateurfussball-ffm.de\/?p=22750"},"modified":"2024-11-27T16:25:45","modified_gmt":"2024-11-27T14:25:45","slug":"boeller-uebertoenen-tarik-heimsieg","status":"publish","type":"post","link":"https:\/\/insideamateurfussball-ffm.de\/?p=22750","title":{"rendered":"B\u00f6ller \u00fcbert\u00f6nen Tarik-Heimsieg"},"content":{"rendered":"<h4>Der 3:2 (0:2)-Heimsieg des SV Griesheim Tarik gegen Concordia Eschersheim wurde von lauten B\u00f6llerw\u00fcrfen begleitet und \u00fcbert\u00f6nt. W\u00e4hrend die Vertreter der G\u00e4ste auf die Gef\u00e4hrlichkeit der un\u00fcblichen Detonationen hinwiesen, versuchte man auf Heimseite einen gesellschaftspolitischen Erkl\u00e4rungsansatz zu liefern.\u00a0<\/h4>\n<figure id=\"attachment_22751\" aria-describedby=\"caption-attachment-22751\" style=\"width: 896px\" class=\"wp-caption alignnone\"><img loading=\"lazy\" decoding=\"async\" class=\"wp-image-22751\" src=\"http:\/\/insideamateurfussball-ffm.de\/wp-content\/uploads\/2024\/11\/tarik-conc4.jpg\" alt=\"\" width=\"896\" height=\"618\" srcset=\"https:\/\/insideamateurfussball-ffm.de\/wp-content\/uploads\/2024\/11\/tarik-conc4.jpg 886w, https:\/\/insideamateurfussball-ffm.de\/wp-content\/uploads\/2024\/11\/tarik-conc4-300x207.jpg 300w, https:\/\/insideamateurfussball-ffm.de\/wp-content\/uploads\/2024\/11\/tarik-conc4-768x530.jpg 768w\" sizes=\"auto, (max-width: 896px) 100vw, 896px\" \/><figcaption id=\"caption-attachment-22751\" class=\"wp-caption-text\">Kopfballduell in der Partie Griesheim Tarik &#8211; Concodia Eschersheim. Foto: Mithat G\u00fcrser.<\/figcaption><\/figure>\n<h4>SV Griesheim Tarik &#8211; Concordia Eschersheim 3:2 (0:2)<\/h4>\n<p><img loading=\"lazy\" decoding=\"async\" class=\"alignnone size-full wp-image-34\" src=\"http:\/\/insideamateurfussball-ffm.de\/wp-content\/uploads\/2021\/11\/Tarik.jpg\" alt=\"\" width=\"80\" height=\"80\" \/><img loading=\"lazy\" decoding=\"async\" class=\"alignnone size-full wp-image-37\" src=\"http:\/\/insideamateurfussball-ffm.de\/wp-content\/uploads\/2021\/11\/1sv07_news2_4178_01_01_02.jpg\" alt=\"\" width=\"80\" height=\"80\" \/><\/p>\n<p>F\u00fcr den Sportlichen Leiter Walter Dorn trat das Spielgeschehen an der L\u00e4rchenstra\u00dfe in den Hintergrund. Dorn war mehr als ver\u00e4rgert: &#8222;Es wurden insgesamt vier B\u00f6ller gez\u00fcndet, der erste von au\u00dferhalb. Nach dem Anschlusstreffer haben Tarik-Anh\u00e4nger kurz hintereinander zwei B\u00f6ller gez\u00fcndet, nach dem Ausgleich zum 2:2 landete ein weiterer im F\u00fcnf-Meter-Raum direkt neben unserem Torh\u00fcter. Das war gemeingef\u00e4hrlich. Ich bin froh, dass niemand mit einem Knalltrauma ins Krankenhaus musste. Der Schiedsrichter hat einfach weiter laufen lassen.&#8220; Tarik-Sportdirektor Hamza Azaoum r\u00e4umte ein: &#8222;Nach dem 3:2 gab es von der Seite der Ahornstra\u00dfe Jugendliche, die B\u00f6ller angez\u00fcndet haben. Die haben wir dann rausgeschickt, das sind aber keine Tarik-Anh\u00e4nger. Das sind Stra\u00dfenjungs, die kiffen.&#8220;<\/p>\n<p>Die Stadt kenne das Problem, &#8222;wir haben jeden Tag damit zu k\u00e4mpfen, da jeder von denen auf den Sportplatz rein kann. Die Jugendlichen h\u00e4ngen am Kiosk ab oder chillen auf dem Basketballplatz. Die kamen am Sonntag rein um zuzugucken und haben beim 3:2 B\u00f6ller gez\u00fcndet. Das ist uns auch mal im Training passiert, die sind dann verschwunden und abgehauen. Zwei Personen haben einen Platzverweis bekommen, die Polizei war auch schon zweimal da. Das sind nicht mal Griesheimer, die kommen wahrscheinlich um ihr Zeug zu kriegen, da sind auch Fl\u00fcchtlinge dabei.&#8220;<\/p>\n<blockquote>\n<h4>&#8222;Es mangelte an Laufbereitschaft&#8220; (Tarik-Sportdirektor Hamza Azaoum)<\/h4>\n<\/blockquote>\n<p>Zum Spielverlauf sagte Hamza: &#8222;Mit dem letzten Aufgebot haben wir gespielt, zum Gl\u00fcck nur noch einmal. Uns fehlen seit Wochen mehr als sechs Stammspieler. Wir sind in der ersten Halbzeit halbherzig angelaufen und es gab einen Riesenabstand zwischen den Mannschaftsteilen. Es mangelte an Laufbereitschaft. Concordia hat einfach und direkt gespielt.&#8220; Die G\u00e4ste lagen zur Pause durch Emil Gutschmidt (26.) und Fabian Nordholt (45.\/+2) mit 2:0 vorne. Nach dem Seitenwechsel kamen die Gastgeber schnell durch Oualid Naimi zum Anschluss (50.).<\/p>\n<p>Bedingt durch die Begleitumst\u00e4nde wuchs die Verunsicherung bei der jungen Gastmannschaft. Ahmet Keser gelang der Ausgleich (68.) und nach dem 3:2 von Ismail El Fakiri (73.) brachten die Hausherren die drei Punkte nach Hause. Zu sportlichen Dingen wollte man sich bei der Concordia nicht \u00e4u\u00dfern, was Azaoum bedauerte: &#8222;Ich finde das schade, dass nicht \u00fcber Fu\u00dfball gesprochen wurde. Der Schiedsrichter hat einen guten Job gemacht.&#8220; N\u00e4chsten Sonntag geht es f\u00fcr beide Vereine so weiter: Tarik reist zu Viktoria Preu\u00dfen (15 Uhr) und geht dann schon in die Winterpause. Zeitgleich erwartet die Concordia den FC Gudesding.\u00a0<\/p>\n<blockquote>\n<h4>Schiedsrichter: Hennis Hogrebe (1. FC Sulzbach). Zuschauer: 52.\u00a0<\/h4>\n<h4>Tore: 0:1 Emil Gutschmidt (26.), 0:2 Fabian Nordholt (45.\/+2), 1:1 Oualid Naimi (50.), 2:2 Ahmet Keser (68.), 3:2 Ismail El Fakiri (73.).<\/h4>\n<h4>Bildergalerie: Mithat G\u00fcrser war nur in der ersten Halbzeit da, somit blieben ihm die B\u00f6ller in seinem hohen Alter erspart. Vielen Dank f\u00fcr die Tour!\u00a0\u00a0<\/h4>\n<\/blockquote>\n\n\n<figure class=\"wp-block-image size-full is-style-rounded\"><img loading=\"lazy\" decoding=\"async\" width=\"886\" height=\"644\" src=\"https:\/\/insideamateurfussball-ffm.de\/wp-content\/uploads\/2024\/11\/tarik-conc8.jpg\" alt=\"\" class=\"wp-image-22752\" srcset=\"https:\/\/insideamateurfussball-ffm.de\/wp-content\/uploads\/2024\/11\/tarik-conc8.jpg 886w, https:\/\/insideamateurfussball-ffm.de\/wp-content\/uploads\/2024\/11\/tarik-conc8-300x218.jpg 300w, https:\/\/insideamateurfussball-ffm.de\/wp-content\/uploads\/2024\/11\/tarik-conc8-768x558.jpg 768w\" sizes=\"auto, (max-width: 886px) 100vw, 886px\" \/><\/figure>\n\n\n\n<figure class=\"wp-block-gallery has-nested-images columns-default is-cropped wp-block-gallery-1 is-layout-flex wp-block-gallery-is-layout-flex\"><\/figure>\n\n\n\n<figure class=\"wp-block-gallery has-nested-images columns-default is-cropped wp-block-gallery-2 is-layout-flex wp-block-gallery-is-layout-flex\">\n<figure class=\"wp-block-image size-large is-style-rounded\"><img loading=\"lazy\" decoding=\"async\" width=\"886\" height=\"685\" data-id=\"22754\" src=\"https:\/\/insideamateurfussball-ffm.de\/wp-content\/uploads\/2024\/11\/tarik-conc6.jpg\" alt=\"\" class=\"wp-image-22754\" srcset=\"https:\/\/insideamateurfussball-ffm.de\/wp-content\/uploads\/2024\/11\/tarik-conc6.jpg 886w, https:\/\/insideamateurfussball-ffm.de\/wp-content\/uploads\/2024\/11\/tarik-conc6-300x232.jpg 300w, https:\/\/insideamateurfussball-ffm.de\/wp-content\/uploads\/2024\/11\/tarik-conc6-768x594.jpg 768w\" sizes=\"auto, (max-width: 886px) 100vw, 886px\" \/><\/figure>\n<\/figure>\n\n\n\n<figure class=\"wp-block-gallery has-nested-images columns-default is-cropped wp-block-gallery-3 is-layout-flex wp-block-gallery-is-layout-flex\"><\/figure>\n\n\n\n<figure class=\"wp-block-gallery has-nested-images columns-default is-cropped wp-block-gallery-4 is-layout-flex wp-block-gallery-is-layout-flex\">\n<figure class=\"wp-block-image size-large is-style-rounded\"><img loading=\"lazy\" decoding=\"async\" width=\"886\" height=\"675\" data-id=\"22756\" src=\"https:\/\/insideamateurfussball-ffm.de\/wp-content\/uploads\/2024\/11\/tarik-conc5.jpg\" alt=\"\" class=\"wp-image-22756\" srcset=\"https:\/\/insideamateurfussball-ffm.de\/wp-content\/uploads\/2024\/11\/tarik-conc5.jpg 886w, https:\/\/insideamateurfussball-ffm.de\/wp-content\/uploads\/2024\/11\/tarik-conc5-300x229.jpg 300w, https:\/\/insideamateurfussball-ffm.de\/wp-content\/uploads\/2024\/11\/tarik-conc5-768x585.jpg 768w\" sizes=\"auto, (max-width: 886px) 100vw, 886px\" \/><\/figure>\n<\/figure>\n\n\n\n<figure class=\"wp-block-gallery has-nested-images columns-default is-cropped wp-block-gallery-5 is-layout-flex wp-block-gallery-is-layout-flex\">\n<figure class=\"wp-block-image size-large is-style-rounded\"><img loading=\"lazy\" decoding=\"async\" width=\"886\" height=\"619\" data-id=\"22757\" src=\"https:\/\/insideamateurfussball-ffm.de\/wp-content\/uploads\/2024\/11\/tarik-conc9.jpg\" alt=\"\" class=\"wp-image-22757\" srcset=\"https:\/\/insideamateurfussball-ffm.de\/wp-content\/uploads\/2024\/11\/tarik-conc9.jpg 886w, https:\/\/insideamateurfussball-ffm.de\/wp-content\/uploads\/2024\/11\/tarik-conc9-300x210.jpg 300w, https:\/\/insideamateurfussball-ffm.de\/wp-content\/uploads\/2024\/11\/tarik-conc9-768x537.jpg 768w\" sizes=\"auto, (max-width: 886px) 100vw, 886px\" \/><\/figure>\n<\/figure>\n\n\n\n<figure class=\"wp-block-gallery has-nested-images columns-default is-cropped wp-block-gallery-6 is-layout-flex wp-block-gallery-is-layout-flex\">\n<figure class=\"wp-block-image size-large is-style-rounded\"><img loading=\"lazy\" decoding=\"async\" width=\"886\" height=\"618\" data-id=\"22758\" src=\"https:\/\/insideamateurfussball-ffm.de\/wp-content\/uploads\/2024\/11\/tarik-conc3.jpg\" alt=\"\" class=\"wp-image-22758\" srcset=\"https:\/\/insideamateurfussball-ffm.de\/wp-content\/uploads\/2024\/11\/tarik-conc3.jpg 886w, https:\/\/insideamateurfussball-ffm.de\/wp-content\/uploads\/2024\/11\/tarik-conc3-300x209.jpg 300w, https:\/\/insideamateurfussball-ffm.de\/wp-content\/uploads\/2024\/11\/tarik-conc3-768x536.jpg 768w\" sizes=\"auto, (max-width: 886px) 100vw, 886px\" \/><\/figure>\n<\/figure>\n\n\n\n<figure class=\"wp-block-gallery has-nested-images columns-default is-cropped wp-block-gallery-7 is-layout-flex wp-block-gallery-is-layout-flex\"><\/figure>\n\n\n\n<figure class=\"wp-block-gallery has-nested-images columns-default is-cropped wp-block-gallery-8 is-layout-flex wp-block-gallery-is-layout-flex\">\n<figure class=\"wp-block-image size-large is-style-rounded\"><img loading=\"lazy\" decoding=\"async\" width=\"886\" height=\"619\" data-id=\"22760\" src=\"https:\/\/insideamateurfussball-ffm.de\/wp-content\/uploads\/2024\/11\/tarik-conc1.jpg\" alt=\"\" class=\"wp-image-22760\" srcset=\"https:\/\/insideamateurfussball-ffm.de\/wp-content\/uploads\/2024\/11\/tarik-conc1.jpg 886w, https:\/\/insideamateurfussball-ffm.de\/wp-content\/uploads\/2024\/11\/tarik-conc1-300x210.jpg 300w, https:\/\/insideamateurfussball-ffm.de\/wp-content\/uploads\/2024\/11\/tarik-conc1-768x537.jpg 768w\" sizes=\"auto, (max-width: 886px) 100vw, 886px\" \/><\/figure>\n<\/figure>\n","protected":false},"excerpt":{"rendered":"<p>Der 3:2 (0:2)-Heimsieg des SV Griesheim Tarik gegen Concordia Eschersheim wurde von lauten B\u00f6llerw\u00fcrfen begleitet und \u00fcbert\u00f6nt. W\u00e4hrend die Vertreter der G\u00e4ste auf die Gef\u00e4hrlichkeit der un\u00fcblichen Detonationen hinwiesen, versuchte man auf Heimseite einen gesellschaftspolitischen Erkl\u00e4rungsansatz zu liefern.\u00a0 SV Griesheim Tarik &#8211; Concordia Eschersheim 3:2 (0:2) F\u00fcr den Sportlichen Leiter Walter Dorn trat das Spielgeschehen [&hellip;]<\/p>\n","protected":false},"author":1,"featured_media":22751,"comment_status":"closed","ping_status":"closed","sticky":true,"template":"","format":"standard","meta":{"footnotes":""},"categories":[2],"tags":[],"class_list":["post-22750","post","type-post","status-publish","format-standard","has-post-thumbnail","hentry","category-kreisoberliga-frankfurt"],"_links":{"self":[{"href":"https:\/\/insideamateurfussball-ffm.de\/index.php?rest_route=\/wp\/v2\/posts\/22750","targetHints":{"allow":["GET"]}}],"collection":[{"href":"https:\/\/insideamateurfussball-ffm.de\/index.php?rest_route=\/wp\/v2\/posts"}],"about":[{"href":"https:\/\/insideamateurfussball-ffm.de\/index.php?rest_route=\/wp\/v2\/types\/post"}],"author":[{"embeddable":true,"href":"https:\/\/insideamateurfussball-ffm.de\/index.php?rest_route=\/wp\/v2\/users\/1"}],"replies":[{"embeddable":true,"href":"https:\/\/insideamateurfussball-ffm.de\/index.php?rest_route=%2Fwp%2Fv2%2Fcomments&post=22750"}],"version-history":[{"count":3,"href":"https:\/\/insideamateurfussball-ffm.de\/index.php?rest_route=\/wp\/v2\/posts\/22750\/revisions"}],"predecessor-version":[{"id":22790,"href":"https:\/\/insideamateurfussball-ffm.de\/index.php?rest_route=\/wp\/v2\/posts\/22750\/revisions\/22790"}],"wp:featuredmedia":[{"embeddable":true,"href":"https:\/\/insideamateurfussball-ffm.de\/index.php?rest_route=\/wp\/v2\/media\/22751"}],"wp:attachment":[{"href":"https:\/\/insideamateurfussball-ffm.de\/index.php?rest_route=%2Fwp%2Fv2%2Fmedia&parent=22750"}],"wp:term":[{"taxonomy":"category","embeddable":true,"href":"https:\/\/insideamateurfussball-ffm.de\/index.php?rest_route=%2Fwp%2Fv2%2Fcategories&post=22750"},{"taxonomy":"post_tag","embeddable":true,"href":"https:\/\/insideamateurfussball-ffm.de\/index.php?rest_route=%2Fwp%2Fv2%2Ftags&post=22750"}],"curies":[{"name":"wp","href":"https:\/\/api.w.org\/{rel}","templated":true}]}}