{"id":22747,"date":"2024-11-25T23:25:53","date_gmt":"2024-11-25T21:25:53","guid":{"rendered":"https:\/\/insideamateurfussball-ffm.de\/?p=22747"},"modified":"2024-11-25T23:25:53","modified_gmt":"2024-11-25T21:25:53","slug":"croatia-sendet-wie-im-traum-ein-lebenszeichen","status":"publish","type":"post","link":"https:\/\/insideamateurfussball-ffm.de\/?p=22747","title":{"rendered":"Croatia sendet wie im Traum ein Lebenszeichen"},"content":{"rendered":"<h4>Schlusslicht FC Croatia hat ein kr\u00e4ftiges Lebenszeichen gesetzt und den Tabellenvierten Spvgg. 02 Griesheim mit 4:2 (2:0) besiegt. Es war der vierte Saisonsieg f\u00fcr den Tabellenletzten. F\u00fcr die Griesheimer scheint die Br\u00fchlwiese kein guter Spielort zu sein. Beide Niederlagen, das 2:3 am 6. Oktober beim SV 07 und die Niederlage bei Croatia am Sonntag, kassierten die &#8222;Schleifer&#8220; unterhalb der Maybachbr\u00fccke.<\/h4>\n<figure id=\"attachment_22748\" aria-describedby=\"caption-attachment-22748\" style=\"width: 1600px\" class=\"wp-caption alignnone\"><img loading=\"lazy\" decoding=\"async\" class=\"wp-image-22748 size-full\" src=\"http:\/\/insideamateurfussball-ffm.de\/wp-content\/uploads\/2024\/11\/cro-gries.jpg\" alt=\"\" width=\"1600\" height=\"1200\" srcset=\"https:\/\/insideamateurfussball-ffm.de\/wp-content\/uploads\/2024\/11\/cro-gries.jpg 1600w, https:\/\/insideamateurfussball-ffm.de\/wp-content\/uploads\/2024\/11\/cro-gries-300x225.jpg 300w, https:\/\/insideamateurfussball-ffm.de\/wp-content\/uploads\/2024\/11\/cro-gries-1024x768.jpg 1024w, https:\/\/insideamateurfussball-ffm.de\/wp-content\/uploads\/2024\/11\/cro-gries-768x576.jpg 768w, https:\/\/insideamateurfussball-ffm.de\/wp-content\/uploads\/2024\/11\/cro-gries-1536x1152.jpg 1536w\" sizes=\"auto, (max-width: 1600px) 100vw, 1600px\" \/><figcaption id=\"caption-attachment-22748\" class=\"wp-caption-text\">Nach langer Zeit konnte der FC Croatia wieder ein Siegerfoto einsenden. Foto: Stanislav Konta.<\/figcaption><\/figure>\n<h4>FC Croatia &#8211; Spvgg. 02 Griesheim 4:2 (2:0)<\/h4>\n<p><img loading=\"lazy\" decoding=\"async\" class=\"alignnone size-full wp-image-29\" src=\"http:\/\/insideamateurfussball-ffm.de\/wp-content\/uploads\/2021\/11\/croatia.jpg\" alt=\"\" width=\"63\" height=\"80\" \/><img loading=\"lazy\" decoding=\"async\" class=\"alignnone size-full wp-image-14\" src=\"http:\/\/insideamateurfussball-ffm.de\/wp-content\/uploads\/2021\/11\/SpVgg._02_Griesheim_02.jpg\" alt=\"\" width=\"100\" height=\"100\" \/><\/p>\n<p>Croatias Sportlicher Leiter Darko Krolo war am Sonntagmorgen aufgewacht und hatte von der Schlagzeile &#8222;Croatia sendet ein Lebenszeichen&#8220; getr\u00e4umt. Sein Traum wurde im wahrsten Sinne des Wortes wahr, denn mit einer konzentrierten Leistung konnten die favorisierten Griesheimer besiegt werden. &#8222;Ich hatte nie das Gef\u00fchl, dass wir so schlecht wie ein Tabellenletzter sind. Die Jungs haben sich endlich belohnt und obwohl wir nur zwei Ersatzspieler hatten, voll reingeh\u00e4ngt&#8220;, sagte Krolo. St\u00fcrmer Ivan Propadalo brachte die Croatia im ersten Abschnitt mit zwei Toren auf die Siegerstra\u00dfe (9.\/33.).<\/p>\n<p>Nach dem Seitenwechsel kamen die G\u00e4ste, die im ersten Abschnitt nur einen Pfostenschuss von Denis Memedi und eine Gro\u00dfchance von Husein Goruzdic verzeichneten, st\u00e4rker auf und durch Memedi zum Anschlusstreffer (54.). Per Foulelfmeter glich mit Griesheims Kapit\u00e4n Ante Peko ein Landsmann der Kroaten zum 2:2 aus (76.). &#8222;Wir waren hochmotiviert und pr\u00e4sent&#8220;, hob Krolo hervor. So pr\u00e4sent, dass Propadalo einen Foulelfmeter gegen Peko heraus holte, den Ante Strljic zum 3:2 verwandelte (83.). In der Nachspielzeit verwandelte Mateo Gamulin einen Freisto\u00df zum 4:2-Endstand (90.\/+1).<\/p>\n<blockquote>\n<h4>&#8222;Es war eigentlich \u00e4hnlich wie gegen Heddernheim, wieder eine katastrophale erste Halbzeit, haben alles vermissen lassen, was man f\u00fcr ein Fu\u00dfballspiel braucht.&#8220; (Griesheims Trainer Dominic Machado)<\/h4>\n<\/blockquote>\n<p>In der langen Nachspielzeit kassierten die Griesheimer Memedi und Isaac Ameyaw noch Zeitstrafen (90.\/+9), sodass die &#8222;Schleifer&#8220; die Partie mit neun Akteuren beendeten. Griesheims Trainer Dominic Machado vermutete &#8222;einen Fluch \u00fcber dem Heddernheimer Sportplatz. Das war unsere zweite Niederlage hier. Es war eigentlich \u00e4hnlich wie gegen Heddernheim, wieder eine katastrophale erste Halbzeit, haben alles vermissen lassen, was man f\u00fcr ein Fu\u00dfballspiel braucht. Laufbereitschaft, Zweikampfverhalten, Kommunikation, das ist alles nicht passiert.&#8220;<\/p>\n<p>Machado meinte, dass &#8222;es die Kroaten gut gemacht haben, deren Tabellenplatz \u00fcberhaupt nicht passt.&#8220; Nach der Pause stellte Machado etwas taktisch um, danach sei es besser gelaufen, bis nach dem Ausgleich wieder die Kroaten Oberwasser bekamen. &#8222;Wir m\u00fcssen die Niederlage akzeptieren. Croatia war bissiger, die haben alles rein geworfen. Der Schiedsrichter hatte auf beiden Seiten nicht seinen besten Tag&#8220;, erg\u00e4nzte Machado. W\u00e4hrend Croatia spielfrei ist, erwarten die Griesheimer am Sonntag den BSC Schwarz-Wei\u00df 19 an der Eichenstra\u00dfe um 14.30 Uhr.<\/p>\n<blockquote>\n<h4>Schiedsrichter: Jonas Doumaz (FC Mammolshain). Zuschauer: 120.<\/h4>\n<h4>Tore: 1:0, 2:0 Ivan Propadalo (9.\/33.), 2:1 Denis Memedi (54.), 2:2 Ante Peko (76.\/Foulelfmeter), 3:2 Ante Strljic (83.\/Foulelfmeter), 4:2 Mateo Gamulin (90.\/+1).<\/h4>\n<\/blockquote>\n","protected":false},"excerpt":{"rendered":"<p>Schlusslicht FC Croatia hat ein kr\u00e4ftiges Lebenszeichen gesetzt und den Tabellenvierten Spvgg. 02 Griesheim mit 4:2 (2:0) besiegt. Es war der vierte Saisonsieg f\u00fcr den Tabellenletzten. F\u00fcr die Griesheimer scheint die Br\u00fchlwiese kein guter Spielort zu sein. Beide Niederlagen, das 2:3 am 6. Oktober beim SV 07 und die Niederlage bei Croatia am Sonntag, kassierten [&hellip;]<\/p>\n","protected":false},"author":1,"featured_media":22748,"comment_status":"closed","ping_status":"closed","sticky":true,"template":"","format":"standard","meta":{"footnotes":""},"categories":[2],"tags":[],"class_list":["post-22747","post","type-post","status-publish","format-standard","has-post-thumbnail","hentry","category-kreisoberliga-frankfurt"],"_links":{"self":[{"href":"https:\/\/insideamateurfussball-ffm.de\/index.php?rest_route=\/wp\/v2\/posts\/22747","targetHints":{"allow":["GET"]}}],"collection":[{"href":"https:\/\/insideamateurfussball-ffm.de\/index.php?rest_route=\/wp\/v2\/posts"}],"about":[{"href":"https:\/\/insideamateurfussball-ffm.de\/index.php?rest_route=\/wp\/v2\/types\/post"}],"author":[{"embeddable":true,"href":"https:\/\/insideamateurfussball-ffm.de\/index.php?rest_route=\/wp\/v2\/users\/1"}],"replies":[{"embeddable":true,"href":"https:\/\/insideamateurfussball-ffm.de\/index.php?rest_route=%2Fwp%2Fv2%2Fcomments&post=22747"}],"version-history":[{"count":1,"href":"https:\/\/insideamateurfussball-ffm.de\/index.php?rest_route=\/wp\/v2\/posts\/22747\/revisions"}],"predecessor-version":[{"id":22749,"href":"https:\/\/insideamateurfussball-ffm.de\/index.php?rest_route=\/wp\/v2\/posts\/22747\/revisions\/22749"}],"wp:featuredmedia":[{"embeddable":true,"href":"https:\/\/insideamateurfussball-ffm.de\/index.php?rest_route=\/wp\/v2\/media\/22748"}],"wp:attachment":[{"href":"https:\/\/insideamateurfussball-ffm.de\/index.php?rest_route=%2Fwp%2Fv2%2Fmedia&parent=22747"}],"wp:term":[{"taxonomy":"category","embeddable":true,"href":"https:\/\/insideamateurfussball-ffm.de\/index.php?rest_route=%2Fwp%2Fv2%2Fcategories&post=22747"},{"taxonomy":"post_tag","embeddable":true,"href":"https:\/\/insideamateurfussball-ffm.de\/index.php?rest_route=%2Fwp%2Fv2%2Ftags&post=22747"}],"curies":[{"name":"wp","href":"https:\/\/api.w.org\/{rel}","templated":true}]}}