{"id":22738,"date":"2024-11-25T21:35:42","date_gmt":"2024-11-25T19:35:42","guid":{"rendered":"https:\/\/insideamateurfussball-ffm.de\/?p=22738"},"modified":"2024-11-25T21:36:10","modified_gmt":"2024-11-25T19:36:10","slug":"enkheim-bleibt-auswaerts-eine-macht","status":"publish","type":"post","link":"https:\/\/insideamateurfussball-ffm.de\/?p=22738","title":{"rendered":"Enkheim bleibt ausw\u00e4rts eine Macht"},"content":{"rendered":"<h4>W\u00e4hrend Aufsteiger Germania Enkheim zu Hause weiter sieglos ist, gelang mit dem 1:0 bei der SG Bornheim\/Gr\u00fcn-Wei\u00df II schon der f\u00fcnfte Ausw\u00e4rtssieg, der jedoch sehr gl\u00fccklich mit einem Treffer in der Nachspielzeit zustande kam.<\/h4>\n<figure id=\"attachment_22739\" aria-describedby=\"caption-attachment-22739\" style=\"width: 1006px\" class=\"wp-caption alignnone\"><img loading=\"lazy\" decoding=\"async\" class=\"wp-image-22739\" src=\"http:\/\/insideamateurfussball-ffm.de\/wp-content\/uploads\/2024\/11\/DSC_5568-2.jpg\" alt=\"\" width=\"1006\" height=\"755\" srcset=\"https:\/\/insideamateurfussball-ffm.de\/wp-content\/uploads\/2024\/11\/DSC_5568-2.jpg 997w, https:\/\/insideamateurfussball-ffm.de\/wp-content\/uploads\/2024\/11\/DSC_5568-2-300x225.jpg 300w, https:\/\/insideamateurfussball-ffm.de\/wp-content\/uploads\/2024\/11\/DSC_5568-2-768x576.jpg 768w\" sizes=\"auto, (max-width: 1006px) 100vw, 1006px\" \/><figcaption id=\"caption-attachment-22739\" class=\"wp-caption-text\">Aufsteiger Germania Enkheim kann bislang nur ausw\u00e4rts gewinnen. Foto: Archiv J\u00f6rg Schulz.<\/figcaption><\/figure>\n<h4>SG Bornheim\/Gr\u00fcn-Wei\u00df II &#8211; FC Germania Enkheim 0:1 (0:0)<\/h4>\n<p><img loading=\"lazy\" decoding=\"async\" class=\"alignnone size-full wp-image-119\" src=\"http:\/\/insideamateurfussball-ffm.de\/wp-content\/uploads\/2022\/05\/Bornheim.jpg\" alt=\"\" width=\"80\" height=\"80\" \/><img loading=\"lazy\" decoding=\"async\" class=\"alignnone size-full wp-image-1537\" src=\"http:\/\/insideamateurfussball-ffm.de\/wp-content\/uploads\/2022\/07\/Enkheim.jpg\" alt=\"\" width=\"63\" height=\"80\" \/><\/p>\n<p>Schon in der 14. Minute erhielt der Enkheimer Jonas Acker eine Zeitstrafe (14.). Den Spielausgang mit dem Gegentor in der Nachspielzeit durch Mihajlo Atanaskovic nach einem Abpraller im Zuge eines Freisto\u00dfes (90.\/+2) konnte Bornheims Trainer Lucas Milbredt nicht verstehen: &#8222;Das Ergebnis ist unglaublich, weil keiner erkl\u00e4ren kann, wie es zustande kam. Weder Enkheim, noch wir, noch die Zuschauer. Wir hatten in der ersten Halbzeit f\u00fcnf hundertprozentige Torchancen. Zweimal haben wir den Ball ohne Torh\u00fcter nicht ins Tor gebracht und h\u00e4tten zur Halbzeit 4:0 oder 5:0 f\u00fchren m\u00fcssen. In der zweiten Halbzeit hatten wir dann nicht mehr die gro\u00dfen M\u00f6glichkeiten, Enkheim aber auch nicht.&#8220;<\/p>\n<p>Das Ergebnis sei &#8222;sehr frustrierend, weil wir es h\u00e4tten klar gewinnen m\u00fcssen. Wir waren die deutlich bessere Mannschaft, hatten Riesenchancen. Deswegen ist das sehr entt\u00e4uschend, aber wir werden diese Woche wieder hart trainieren und versuchen es am Sonntag besser zu machen&#8220;, erg\u00e4nzte Milbredt.<\/p>\n<blockquote>\n<h4>&#8222;Es war ein gl\u00fccklicher Erfolg, aber insgesamt z\u00e4hlen in diesem wichtigen Spiel nur die drei Punkte.&#8220; (Enkheims Trainer Steffen Wittig)<\/h4>\n<\/blockquote>\n<p>Aus Sicht von Enkheims Trainer Steffen Wittig war es &#8222;ein hitziges Derby mit wenig fu\u00dfballerischen Aspekten. In der ersten Halbzeit hat Bornheim drei-vier 100%ige vergeben und wir konnten froh sein, dass wir mit einem 0:0 in die Halbzeit gegangen sind. Die zweite Halbzeit war sehr zerfahren und wir haben mit dem letzten Standard durch einen Abstauber das 1:0 erzielt. Es war ein gl\u00fccklicher Erfolg, aber insgesamt z\u00e4hlen in diesem wichtigen Spiel nur die drei Punkte.&#8220;<\/p>\n<p>N\u00e4chsten Sonntag f\u00e4hrt die Bornheimer Reserve nach Harheim (14.30 Uhr). Zeitgleich versucht Germania Enkheim, gegen Union Niederrad endlich den ersten Heimsieg einzufahren.<\/p>\n<blockquote>\n<h4>Schiedsrichter: Kubilay Acer (T\u00fcrk G\u00fcc\u00fc Hanau). Zuschauer: 60.<\/h4>\n<h4>Tor: 0:1 Mihajlo Atanaskovic (90.\/+2).<\/h4>\n<\/blockquote>\n","protected":false},"excerpt":{"rendered":"<p>W\u00e4hrend Aufsteiger Germania Enkheim zu Hause weiter sieglos ist, gelang mit dem 1:0 bei der SG Bornheim\/Gr\u00fcn-Wei\u00df II schon der f\u00fcnfte Ausw\u00e4rtssieg, der jedoch sehr gl\u00fccklich mit einem Treffer in der Nachspielzeit zustande kam. SG Bornheim\/Gr\u00fcn-Wei\u00df II &#8211; FC Germania Enkheim 0:1 (0:0) Schon in der 14. Minute erhielt der Enkheimer Jonas Acker eine Zeitstrafe [&hellip;]<\/p>\n","protected":false},"author":1,"featured_media":22739,"comment_status":"closed","ping_status":"closed","sticky":true,"template":"","format":"standard","meta":{"footnotes":""},"categories":[2],"tags":[],"class_list":["post-22738","post","type-post","status-publish","format-standard","has-post-thumbnail","hentry","category-kreisoberliga-frankfurt"],"_links":{"self":[{"href":"https:\/\/insideamateurfussball-ffm.de\/index.php?rest_route=\/wp\/v2\/posts\/22738","targetHints":{"allow":["GET"]}}],"collection":[{"href":"https:\/\/insideamateurfussball-ffm.de\/index.php?rest_route=\/wp\/v2\/posts"}],"about":[{"href":"https:\/\/insideamateurfussball-ffm.de\/index.php?rest_route=\/wp\/v2\/types\/post"}],"author":[{"embeddable":true,"href":"https:\/\/insideamateurfussball-ffm.de\/index.php?rest_route=\/wp\/v2\/users\/1"}],"replies":[{"embeddable":true,"href":"https:\/\/insideamateurfussball-ffm.de\/index.php?rest_route=%2Fwp%2Fv2%2Fcomments&post=22738"}],"version-history":[{"count":3,"href":"https:\/\/insideamateurfussball-ffm.de\/index.php?rest_route=\/wp\/v2\/posts\/22738\/revisions"}],"predecessor-version":[{"id":22742,"href":"https:\/\/insideamateurfussball-ffm.de\/index.php?rest_route=\/wp\/v2\/posts\/22738\/revisions\/22742"}],"wp:featuredmedia":[{"embeddable":true,"href":"https:\/\/insideamateurfussball-ffm.de\/index.php?rest_route=\/wp\/v2\/media\/22739"}],"wp:attachment":[{"href":"https:\/\/insideamateurfussball-ffm.de\/index.php?rest_route=%2Fwp%2Fv2%2Fmedia&parent=22738"}],"wp:term":[{"taxonomy":"category","embeddable":true,"href":"https:\/\/insideamateurfussball-ffm.de\/index.php?rest_route=%2Fwp%2Fv2%2Fcategories&post=22738"},{"taxonomy":"post_tag","embeddable":true,"href":"https:\/\/insideamateurfussball-ffm.de\/index.php?rest_route=%2Fwp%2Fv2%2Ftags&post=22738"}],"curies":[{"name":"wp","href":"https:\/\/api.w.org\/{rel}","templated":true}]}}