{"id":22736,"date":"2024-11-25T20:43:46","date_gmt":"2024-11-25T18:43:46","guid":{"rendered":"https:\/\/insideamateurfussball-ffm.de\/?p=22736"},"modified":"2024-11-25T20:43:46","modified_gmt":"2024-11-25T18:43:46","slug":"in-kalbach-war-die-messe-frueh-gelesen","status":"publish","type":"post","link":"https:\/\/insideamateurfussball-ffm.de\/?p=22736","title":{"rendered":"In Kalbach war die Messe fr\u00fch gelesen"},"content":{"rendered":"<h4>Gruppenliga-Spitzenreiter FC Kalbach schoss den auf einen Abstiegsplatz zur\u00fcckgefallenen FC Tempo mit 7:0 ab. Die Partie war nach 20 Minuten schon entschieden, danach offenbarte sich am Hopfenbrunnen ein Klassenunterschied.<\/h4>\n<figure id=\"attachment_21729\" aria-describedby=\"caption-attachment-21729\" style=\"width: 2016px\" class=\"wp-caption alignnone\"><img loading=\"lazy\" decoding=\"async\" class=\"wp-image-21729 size-full\" src=\"http:\/\/insideamateurfussball-ffm.de\/wp-content\/uploads\/2024\/10\/kalbachoberrad05.jpg\" alt=\"\" width=\"2016\" height=\"1512\" srcset=\"https:\/\/insideamateurfussball-ffm.de\/wp-content\/uploads\/2024\/10\/kalbachoberrad05.jpg 2016w, https:\/\/insideamateurfussball-ffm.de\/wp-content\/uploads\/2024\/10\/kalbachoberrad05-300x225.jpg 300w, https:\/\/insideamateurfussball-ffm.de\/wp-content\/uploads\/2024\/10\/kalbachoberrad05-1024x768.jpg 1024w, https:\/\/insideamateurfussball-ffm.de\/wp-content\/uploads\/2024\/10\/kalbachoberrad05-768x576.jpg 768w, https:\/\/insideamateurfussball-ffm.de\/wp-content\/uploads\/2024\/10\/kalbachoberrad05-1536x1152.jpg 1536w\" sizes=\"auto, (max-width: 2016px) 100vw, 2016px\" \/><figcaption id=\"caption-attachment-21729\" class=\"wp-caption-text\">Der FC Kalbach bleibt in der Gruppenliga West das Ma\u00df aller Dinge. Foto: Archiv MZ.\u00a0<\/figcaption><\/figure>\n<h4>FC Kalbach &#8211; FC Tempo 7:0 (4:0)<\/h4>\n<p><img loading=\"lazy\" decoding=\"async\" class=\"alignnone size-full wp-image-16\" src=\"http:\/\/insideamateurfussball-ffm.de\/wp-content\/uploads\/2021\/11\/kalbach-wappen.jpg\" alt=\"\" width=\"80\" height=\"80\" \/><img loading=\"lazy\" decoding=\"async\" class=\"alignnone size-full wp-image-31\" src=\"http:\/\/insideamateurfussball-ffm.de\/wp-content\/uploads\/2021\/11\/Tempo.jpg\" alt=\"\" width=\"80\" height=\"80\" \/><\/p>\n<p>Der Spitzenreiter baute seinen Vorsprung vor 80 Zuschauern auf vier Punkte aus, da der FC Karben gegen den T\u00fcrkischen SV Bad Nauheim in der Nachspielzeit den 2:2-Ausgleich kassierte. Am Hopfenbrunnen war die Partie nach 20 Minuten nach den Toren von Aleksej Radulaski (6.), Achraf Gara Ali (10.) und Celil Cetinkaya (20.) schon entschieden. Der f\u00fcr den verletzten Gara Ali eingewechselte Ihab Suleiman erh\u00f6hte noch vor der Pause (35.).<\/p>\n<p>Nach dem Seitenwechsel ergab sich Tempo laut Manfred Meyer aus dem Kalbacher F\u00fchrungsteam &#8222;in sein Schicksal. Ich war \u00fcberrascht, dass die \u00fcberhaupt nicht aggressiv waren.&#8220; Jonas L\u00f6ffler (72.) und zweimal Routinier Anthony Wade per Kopfball (81.\/90.+2) besorgten den Rest. &#8222;Wir haben nachdem die Messe fr\u00fch gelesen war, noch munter durchgewechselt. Es sieht nun gut aus, dass wir das Jahr als Tabellenf\u00fchrer beenden&#8220;, freute sich Meyer.<\/p>\n<p>Bei den G\u00e4sten, die nur zwei Spieler einwechselten, musste Sportchef Zoran Marcetic nach dem Debakel anerkennen: &#8222;Wir konnten gegen Kalbach nicht mithalten, weil Fu\u00dfball manchmal auch nicht so ist, wie man es sich w\u00fcnscht.&#8220;<\/p>\n<p>Die Talfahrt mit nur einem Sieg aus den letzten sechs Spielen hat Tempo auf einen direkten Abstiegsplatz fallen lassen und bis zur Winterpause wartet mit dem Heimspiel gegen den FC Karben und der Ausw\u00e4rtspartie bei der Spvgg. Oberrad noch ein schweres Restprogramm. Im Februar sehen sich beide Teams im Rahmen eines Testspieles schon wieder.<\/p>\n<blockquote>\n<h4>Schiedsrichterin: Doris-Maria Dornescu (Germania Enkheim). Zuschauer: 80.<\/h4>\n<h4>Tore: 1:0 Aleksej Radulaski (6.), 2:0 Achraf Gara Ali (10.), 3:0 Celil Cetinkaya (20.), 4:0 Ihab Suleiman (35.), 5:0 Jonas L\u00f6ffler (72.), 6:0, 7:0 Anthony Wade (81.\/90.+2).<\/h4>\n<\/blockquote>\n","protected":false},"excerpt":{"rendered":"<p>Gruppenliga-Spitzenreiter FC Kalbach schoss den auf einen Abstiegsplatz zur\u00fcckgefallenen FC Tempo mit 7:0 ab. Die Partie war nach 20 Minuten schon entschieden, danach offenbarte sich am Hopfenbrunnen ein Klassenunterschied. FC Kalbach &#8211; FC Tempo 7:0 (4:0) Der Spitzenreiter baute seinen Vorsprung vor 80 Zuschauern auf vier Punkte aus, da der FC Karben gegen den T\u00fcrkischen [&hellip;]<\/p>\n","protected":false},"author":1,"featured_media":21729,"comment_status":"closed","ping_status":"closed","sticky":true,"template":"","format":"standard","meta":{"footnotes":""},"categories":[13],"tags":[],"class_list":["post-22736","post","type-post","status-publish","format-standard","has-post-thumbnail","hentry","category-gruppenliga-frankfurt-west"],"_links":{"self":[{"href":"https:\/\/insideamateurfussball-ffm.de\/index.php?rest_route=\/wp\/v2\/posts\/22736","targetHints":{"allow":["GET"]}}],"collection":[{"href":"https:\/\/insideamateurfussball-ffm.de\/index.php?rest_route=\/wp\/v2\/posts"}],"about":[{"href":"https:\/\/insideamateurfussball-ffm.de\/index.php?rest_route=\/wp\/v2\/types\/post"}],"author":[{"embeddable":true,"href":"https:\/\/insideamateurfussball-ffm.de\/index.php?rest_route=\/wp\/v2\/users\/1"}],"replies":[{"embeddable":true,"href":"https:\/\/insideamateurfussball-ffm.de\/index.php?rest_route=%2Fwp%2Fv2%2Fcomments&post=22736"}],"version-history":[{"count":1,"href":"https:\/\/insideamateurfussball-ffm.de\/index.php?rest_route=\/wp\/v2\/posts\/22736\/revisions"}],"predecessor-version":[{"id":22737,"href":"https:\/\/insideamateurfussball-ffm.de\/index.php?rest_route=\/wp\/v2\/posts\/22736\/revisions\/22737"}],"wp:featuredmedia":[{"embeddable":true,"href":"https:\/\/insideamateurfussball-ffm.de\/index.php?rest_route=\/wp\/v2\/media\/21729"}],"wp:attachment":[{"href":"https:\/\/insideamateurfussball-ffm.de\/index.php?rest_route=%2Fwp%2Fv2%2Fmedia&parent=22736"}],"wp:term":[{"taxonomy":"category","embeddable":true,"href":"https:\/\/insideamateurfussball-ffm.de\/index.php?rest_route=%2Fwp%2Fv2%2Fcategories&post=22736"},{"taxonomy":"post_tag","embeddable":true,"href":"https:\/\/insideamateurfussball-ffm.de\/index.php?rest_route=%2Fwp%2Fv2%2Ftags&post=22736"}],"curies":[{"name":"wp","href":"https:\/\/api.w.org\/{rel}","templated":true}]}}