{"id":22727,"date":"2024-11-25T19:21:49","date_gmt":"2024-11-25T17:21:49","guid":{"rendered":"https:\/\/insideamateurfussball-ffm.de\/?p=22727"},"modified":"2024-11-25T19:21:49","modified_gmt":"2024-11-25T17:21:49","slug":"fechenheim-und-seckbach-auf-gleichem-level","status":"publish","type":"post","link":"https:\/\/insideamateurfussball-ffm.de\/?p=22727","title":{"rendered":"Fechenheim und Seckbach auf gleichem Level"},"content":{"rendered":"<h4>Im Duell Sechster gegen Dritter begegneten sich die Spvgg. 03 Fechenheim und die FG Seckbach im Ost-Derby der Gruppenliga Frankfurt West auf einem Level. Von daher war das 2:2 (0:0) ein folgerichtiges Ergebnis.\u00a0<\/h4>\n<p>\u00a0<\/p>\n<figure id=\"attachment_22728\" aria-describedby=\"caption-attachment-22728\" style=\"width: 1028px\" class=\"wp-caption alignnone\"><img loading=\"lazy\" decoding=\"async\" class=\"wp-image-22728\" src=\"http:\/\/insideamateurfussball-ffm.de\/wp-content\/uploads\/2024\/11\/pok12-4.jpg\" alt=\"\" width=\"1028\" height=\"755\" srcset=\"https:\/\/insideamateurfussball-ffm.de\/wp-content\/uploads\/2024\/11\/pok12-4.jpg 1018w, https:\/\/insideamateurfussball-ffm.de\/wp-content\/uploads\/2024\/11\/pok12-4-300x220.jpg 300w, https:\/\/insideamateurfussball-ffm.de\/wp-content\/uploads\/2024\/11\/pok12-4-768x564.jpg 768w\" sizes=\"auto, (max-width: 1028px) 100vw, 1028px\" \/><figcaption id=\"caption-attachment-22728\" class=\"wp-caption-text\">Seckbachs Spielertrainer Manuel May. Foto: Archiv Mithat G\u00fcrser.\u00a0\u00a0<\/figcaption><\/figure>\n<h4>Spvgg. 03 Fechenheim &#8211; FG Seckbach 2:2 (0:0)<\/h4>\n<p><img loading=\"lazy\" decoding=\"async\" class=\"alignnone size-full wp-image-603\" src=\"http:\/\/insideamateurfussball-ffm.de\/wp-content\/uploads\/2022\/06\/Fech03.jpg\" alt=\"\" width=\"52\" height=\"80\" \/><img loading=\"lazy\" decoding=\"async\" class=\"alignnone size-full wp-image-544\" src=\"http:\/\/insideamateurfussball-ffm.de\/wp-content\/uploads\/2022\/06\/Seckbach.jpg\" alt=\"\" width=\"80\" height=\"80\" \/><\/p>\n<p>Die G\u00e4ste hatten in der chancenarmen ersten H\u00e4lfte die beste Chance durch Shuya Harada, der an Fechenheims Torh\u00fcter Armin Buchholz scheiterte. In der ausgeglichenen Partie gingen die Seckbacher im zweiten Abschnitt nach einem Eckball von Yannik Siering durch Sven Schreiber in F\u00fchrung (63.).<\/p>\n<p>In der Schlussphase erzielte der eingewechselte Fechenheimer Torj\u00e4ger Yassin Chaouki den Ausgleich (85.) und vollendete eine Kontersituation zum 2:1 (90.). In der Nachspielzeit bekam Seckbach nach einem langen Einwurf einen Foulelfmeter zugesprochen, den Florian Schuberth zum 2:2 verwandelte (90.+8).<\/p>\n<blockquote>\n<h4>Fechenheim schon am Freitag (20 Uhr) bei T\u00fcrkg\u00fcc\u00fc<\/h4>\n<\/blockquote>\n<p>&#8222;Das war ein Spiel zweier ebenb\u00fcrtiger Mannschaften auf dem gleichen Level&#8220;, konstatierte Fechenheims Trainer Piradeep Siva Anandan. W\u00e4hrend Seckbachs Spielertrainer Manuel May &#8222;gewisse Derby-Emotionen&#8220; fehlten, res\u00fcmierte Spielauschuss-Chef Jo Nareike: &#8222;Wir sind gl\u00fccklich mit dem Punkt. Erst in der letzten Viertelstunde kamen die H\u00f6hepunkte.&#8220;<\/p>\n<p>F\u00fcr Fechenheim geht es schon am Freitag mit dem Gastspiel bei T\u00fcrkg\u00fcc\u00fc Frankfurt (20 Uhr) am Rebstock weiter. Seckbach erwartet am Sonntag um 15.30 Uhr den SV Bosnien\/Herzegowina.<\/p>\n<blockquote>\n<h4>Schiedsrichter: David Heizmann (FC Viktoria Urberach). Zuschauer: 70.\u00a0<\/h4>\n<h4>Tore: 0:1 Sven Schreiber (63.), 1:1, 2:1 Yassin Chaouki (85.\/90.), 2:2 Florian Schuberth (90.\/+8, Foulelfmeter).\u00a0<\/h4>\n<\/blockquote>\n<p>\u00a0<\/p>\n","protected":false},"excerpt":{"rendered":"<p>Im Duell Sechster gegen Dritter begegneten sich die Spvgg. 03 Fechenheim und die FG Seckbach im Ost-Derby der Gruppenliga Frankfurt West auf einem Level. Von daher war das 2:2 (0:0) ein folgerichtiges Ergebnis.\u00a0 \u00a0 Spvgg. 03 Fechenheim &#8211; FG Seckbach 2:2 (0:0) Die G\u00e4ste hatten in der chancenarmen ersten H\u00e4lfte die beste Chance durch Shuya [&hellip;]<\/p>\n","protected":false},"author":1,"featured_media":22728,"comment_status":"closed","ping_status":"closed","sticky":true,"template":"","format":"standard","meta":{"footnotes":""},"categories":[13],"tags":[],"class_list":["post-22727","post","type-post","status-publish","format-standard","has-post-thumbnail","hentry","category-gruppenliga-frankfurt-west"],"_links":{"self":[{"href":"https:\/\/insideamateurfussball-ffm.de\/index.php?rest_route=\/wp\/v2\/posts\/22727","targetHints":{"allow":["GET"]}}],"collection":[{"href":"https:\/\/insideamateurfussball-ffm.de\/index.php?rest_route=\/wp\/v2\/posts"}],"about":[{"href":"https:\/\/insideamateurfussball-ffm.de\/index.php?rest_route=\/wp\/v2\/types\/post"}],"author":[{"embeddable":true,"href":"https:\/\/insideamateurfussball-ffm.de\/index.php?rest_route=\/wp\/v2\/users\/1"}],"replies":[{"embeddable":true,"href":"https:\/\/insideamateurfussball-ffm.de\/index.php?rest_route=%2Fwp%2Fv2%2Fcomments&post=22727"}],"version-history":[{"count":1,"href":"https:\/\/insideamateurfussball-ffm.de\/index.php?rest_route=\/wp\/v2\/posts\/22727\/revisions"}],"predecessor-version":[{"id":22729,"href":"https:\/\/insideamateurfussball-ffm.de\/index.php?rest_route=\/wp\/v2\/posts\/22727\/revisions\/22729"}],"wp:featuredmedia":[{"embeddable":true,"href":"https:\/\/insideamateurfussball-ffm.de\/index.php?rest_route=\/wp\/v2\/media\/22728"}],"wp:attachment":[{"href":"https:\/\/insideamateurfussball-ffm.de\/index.php?rest_route=%2Fwp%2Fv2%2Fmedia&parent=22727"}],"wp:term":[{"taxonomy":"category","embeddable":true,"href":"https:\/\/insideamateurfussball-ffm.de\/index.php?rest_route=%2Fwp%2Fv2%2Fcategories&post=22727"},{"taxonomy":"post_tag","embeddable":true,"href":"https:\/\/insideamateurfussball-ffm.de\/index.php?rest_route=%2Fwp%2Fv2%2Ftags&post=22727"}],"curies":[{"name":"wp","href":"https:\/\/api.w.org\/{rel}","templated":true}]}}