{"id":22709,"date":"2024-11-25T18:39:50","date_gmt":"2024-11-25T16:39:50","guid":{"rendered":"https:\/\/insideamateurfussball-ffm.de\/?p=22709"},"modified":"2024-11-25T18:39:50","modified_gmt":"2024-11-25T16:39:50","slug":"dortelweil-setzt-herausragende-runde-fort","status":"publish","type":"post","link":"https:\/\/insideamateurfussball-ffm.de\/?p=22709","title":{"rendered":"Dortelweil setzt herausragende Runde fort"},"content":{"rendered":"<h4>Der SC Dortelweil setzt seiner herausragende Saison in der Verbandsliga S\u00fcd mit dem 2:0-Heimsieg gegen Hessenliga-Absteiger 1. FC Erlensee fort und belegt weiter den zweiten Platz, der zur Teilnahme an der Relegation zur Hessenliga berechtigt.<\/h4>\n<figure id=\"attachment_22710\" aria-describedby=\"caption-attachment-22710\" style=\"width: 956px\" class=\"wp-caption alignnone\"><img loading=\"lazy\" decoding=\"async\" class=\"wp-image-22710\" src=\"http:\/\/insideamateurfussball-ffm.de\/wp-content\/uploads\/2024\/11\/rw-dord2.jpg\" alt=\"\" width=\"956\" height=\"631\" srcset=\"https:\/\/insideamateurfussball-ffm.de\/wp-content\/uploads\/2024\/11\/rw-dord2.jpg 945w, https:\/\/insideamateurfussball-ffm.de\/wp-content\/uploads\/2024\/11\/rw-dord2-300x198.jpg 300w, https:\/\/insideamateurfussball-ffm.de\/wp-content\/uploads\/2024\/11\/rw-dord2-768x507.jpg 768w\" sizes=\"auto, (max-width: 956px) 100vw, 956px\" \/><figcaption id=\"caption-attachment-22710\" class=\"wp-caption-text\">Der SC Dortelweil spielt eine herausragende Runde. Foto: Archiv Mithat G\u00fcrser.<\/figcaption><\/figure>\n<h4>SC Dortelweil &#8211; 1. FC Erlensee 2:0 (1:0)<\/h4>\n<p><img loading=\"lazy\" decoding=\"async\" class=\"alignnone size-full wp-image-435\" src=\"http:\/\/insideamateurfussball-ffm.de\/wp-content\/uploads\/2022\/05\/Dortelweil.jpg\" alt=\"\" width=\"80\" height=\"80\" \/><img loading=\"lazy\" decoding=\"async\" class=\"alignnone size-full wp-image-1168\" src=\"http:\/\/insideamateurfussball-ffm.de\/wp-content\/uploads\/2022\/07\/Erlensee.jpg\" alt=\"\" width=\"66\" height=\"80\" \/><\/p>\n<p>Die Gastgeber hatten deutlich mehr Ballbesitz als die G\u00e4ste aus dem Kreis Hanau und ein klares Chancenplus. Ein h\u00f6herer Sieg lag durchaus im Bereich des M\u00f6glichen, wurde aber durch den guten Erlenseer Torh\u00fcter Leonhard Kohlstedt verhindert.<\/p>\n<p>Torj\u00e4ger Marvin Strenger nach einer Flanke von Masahito Morishima vollendete zum 1:0 (31.). Nach dem Seitenwechsel bedeutete ein Querpass von Bennet Batton zum eingewechselten Dominik Steffen den 2:0-Endstand (76.).<\/p>\n<p>Nun gelte es in den letzten beiden Spielen vor der Winterpause bei Kickers Offenbach II und gegen den FCA Darmstadt weiter zu punkten, um dem Spitzenreiter SV Hummetroth auf den Fersen zu bleiben.<\/p>\n<p>&#8222;Es war ein verdienter und souver\u00e4ner Sieg. Die Mannschaft hat alle Vorgaben umgesetzt&#8220;, war Trainer G\u00fcltekin Cagritekin zufrieden.<\/p>\n<blockquote>\n<h4>Schiedsrichter: Fynn Felix Walter (SV Wiesbaden). Zuschauer: 100.<\/h4>\n<h4>Tore: 1:0 Marvin Strenger (31.), 2:0 Dominik Steffen (76.).<\/h4>\n<\/blockquote>\n","protected":false},"excerpt":{"rendered":"<p>Der SC Dortelweil setzt seiner herausragende Saison in der Verbandsliga S\u00fcd mit dem 2:0-Heimsieg gegen Hessenliga-Absteiger 1. FC Erlensee fort und belegt weiter den zweiten Platz, der zur Teilnahme an der Relegation zur Hessenliga berechtigt. SC Dortelweil &#8211; 1. FC Erlensee 2:0 (1:0) Die Gastgeber hatten deutlich mehr Ballbesitz als die G\u00e4ste aus dem Kreis [&hellip;]<\/p>\n","protected":false},"author":1,"featured_media":22710,"comment_status":"closed","ping_status":"closed","sticky":true,"template":"","format":"standard","meta":{"footnotes":""},"categories":[10],"tags":[],"class_list":["post-22709","post","type-post","status-publish","format-standard","has-post-thumbnail","hentry","category-verbandsliga-sued"],"_links":{"self":[{"href":"https:\/\/insideamateurfussball-ffm.de\/index.php?rest_route=\/wp\/v2\/posts\/22709","targetHints":{"allow":["GET"]}}],"collection":[{"href":"https:\/\/insideamateurfussball-ffm.de\/index.php?rest_route=\/wp\/v2\/posts"}],"about":[{"href":"https:\/\/insideamateurfussball-ffm.de\/index.php?rest_route=\/wp\/v2\/types\/post"}],"author":[{"embeddable":true,"href":"https:\/\/insideamateurfussball-ffm.de\/index.php?rest_route=\/wp\/v2\/users\/1"}],"replies":[{"embeddable":true,"href":"https:\/\/insideamateurfussball-ffm.de\/index.php?rest_route=%2Fwp%2Fv2%2Fcomments&post=22709"}],"version-history":[{"count":1,"href":"https:\/\/insideamateurfussball-ffm.de\/index.php?rest_route=\/wp\/v2\/posts\/22709\/revisions"}],"predecessor-version":[{"id":22711,"href":"https:\/\/insideamateurfussball-ffm.de\/index.php?rest_route=\/wp\/v2\/posts\/22709\/revisions\/22711"}],"wp:featuredmedia":[{"embeddable":true,"href":"https:\/\/insideamateurfussball-ffm.de\/index.php?rest_route=\/wp\/v2\/media\/22710"}],"wp:attachment":[{"href":"https:\/\/insideamateurfussball-ffm.de\/index.php?rest_route=%2Fwp%2Fv2%2Fmedia&parent=22709"}],"wp:term":[{"taxonomy":"category","embeddable":true,"href":"https:\/\/insideamateurfussball-ffm.de\/index.php?rest_route=%2Fwp%2Fv2%2Fcategories&post=22709"},{"taxonomy":"post_tag","embeddable":true,"href":"https:\/\/insideamateurfussball-ffm.de\/index.php?rest_route=%2Fwp%2Fv2%2Ftags&post=22709"}],"curies":[{"name":"wp","href":"https:\/\/api.w.org\/{rel}","templated":true}]}}