{"id":22661,"date":"2024-11-25T17:09:47","date_gmt":"2024-11-25T15:09:47","guid":{"rendered":"https:\/\/insideamateurfussball-ffm.de\/?p=22661"},"modified":"2024-11-25T17:09:47","modified_gmt":"2024-11-25T15:09:47","slug":"zeilsheim-bleibt-souveraener-spitzenreiter","status":"publish","type":"post","link":"https:\/\/insideamateurfussball-ffm.de\/?p=22661","title":{"rendered":"Zeilsheim bleibt souver\u00e4ner Spitzenreiter"},"content":{"rendered":"<h4>Der SV Zeilsheim bleibt nach dem 4:0-Sieg \u00fcber Aufsteiger SV Wiesbaden mit sechs Punkten Vorsprung souver\u00e4ner Spitzenreiter der Verbandsliga Mitte.<\/h4>\n<figure id=\"attachment_22662\" aria-describedby=\"caption-attachment-22662\" style=\"width: 936px\" class=\"wp-caption alignnone\"><img loading=\"lazy\" decoding=\"async\" class=\"wp-image-22662\" src=\"http:\/\/insideamateurfussball-ffm.de\/wp-content\/uploads\/2024\/11\/16-Leo-Bianco-besiegelte-mit-seinem-Treffer-zum-4-0-die-Niederlage-Wiesbadens.jpg\" alt=\"\" width=\"936\" height=\"755\" srcset=\"https:\/\/insideamateurfussball-ffm.de\/wp-content\/uploads\/2024\/11\/16-Leo-Bianco-besiegelte-mit-seinem-Treffer-zum-4-0-die-Niederlage-Wiesbadens.jpg 927w, https:\/\/insideamateurfussball-ffm.de\/wp-content\/uploads\/2024\/11\/16-Leo-Bianco-besiegelte-mit-seinem-Treffer-zum-4-0-die-Niederlage-Wiesbadens-300x242.jpg 300w, https:\/\/insideamateurfussball-ffm.de\/wp-content\/uploads\/2024\/11\/16-Leo-Bianco-besiegelte-mit-seinem-Treffer-zum-4-0-die-Niederlage-Wiesbadens-768x620.jpg 768w\" sizes=\"auto, (max-width: 936px) 100vw, 936px\" \/><figcaption id=\"caption-attachment-22662\" class=\"wp-caption-text\">Leonardo Bianco am Ball. Foto: Peter Strauch.<\/figcaption><\/figure>\n<h4>SV Zeilsheim &#8211; SV Wiesbaden 4:0 (3:0)<\/h4>\n<p><img loading=\"lazy\" decoding=\"async\" class=\"alignnone size-full wp-image-1153\" src=\"http:\/\/insideamateurfussball-ffm.de\/wp-content\/uploads\/2022\/07\/SVZe.jpg\" alt=\"\" width=\"68\" height=\"80\" \/><img loading=\"lazy\" decoding=\"async\" class=\"alignnone size-full wp-image-20301\" src=\"http:\/\/insideamateurfussball-ffm.de\/wp-content\/uploads\/2024\/08\/logo-Wiesbaden.jpeg\" alt=\"\" width=\"80\" height=\"72\" \/><\/p>\n<p>F\u00fcr den SVW blieb beim Spitzenreiter Zeilsheim nichts h\u00e4ngen \u2013 am Ende gab es ein deutliches 4:0 f\u00fcr die Gr\u00fcnhemden. Zeilsheims Dominik Ortega Tapia begann seine Glanzvorstellung bereits in der ersten Minute mit dem 1:0, das der SVW zun\u00e4chst wegsteckte und selbst Chancen kreierte. Saki Nakos und Dillon Fosuhene schnupperten an einem Torerfolg. Anders der Spitzenreiter, der bei den weiteren Treffern von Jason Ptak und abermals Ortega \u201ehocheffizient\u201c agierte.<\/p>\n<p>Zu allem \u00dcbel f\u00fcr die G\u00e4ste z\u00fcckte der Referee kurz vor der Pause Gelb-Rot gegen SVW-Torj\u00e4ger Nakos. Der Wiesbadener hatte wegen Foulspiels nacheinander Gelb gesehen und musste noch vor dem Halbzeitpfiff gehen. Aufseiten des Tabellenf\u00fchrers spielten die beiden Torsch\u00fctzen richtig stark auf, die in Abwesenheit der beiden Top-St\u00fcrmer Dorian Miric (krank) und Samed G\u00fcrsoy (verletzte sich beim Warmmachen) zu Hochform aufliefen.<\/p>\n<blockquote>\n<h4>&#8222;Alle sind hungrig, jeder g\u00f6nnt auch dem anderen was.&#8220; (Zeilsheims Co-Trainer Benjamin Apidopoulos)<\/h4>\n<\/blockquote>\n<p>&#8222;Ortega hat das Spiel seines Lebens gemacht, auch Jason Ptak mit einem Tor und zwei Assists war richtig stark. Generell war es eine gute Mannschaftsleistung, wobei der SVW nach unserer fr\u00fchen F\u00fchrung auch ein paar gute M\u00f6glichkeiten hatte. Doch sp\u00e4testens mit dem 3:0 und dem Platzverweis war das Spiel durch\u201c, sagt Benjamin Apidopoulos, der dem Team einen guten Spirit attestiert.<\/p>\n<p>\u201eAlle sind hungrig, jeder g\u00f6nnt auch dem anderen was&#8220;, so der Co-Trainer weiter. F\u00fcr den SV Zeilsheim wartet zum Jahresabschluss noch der Kracher beim SV Rot-Wei\u00df Hadamar \u2013 in dem die \u201eGr\u00fcnen\u201c mit einem Remis die Tabellenf\u00fchrung \u00fcber Weihnachten absichern k\u00f6nnten &#8211; sowie der Abschluss zu Hause im Derby gegen Okriftel. \u201eWir nehmen die Rolle als Gejagter an\u201c, sagt Apidopoulos.<\/p>\n<blockquote>\n<h4>Schiedsrichter: Nikolas Czypull (TSV Reichenbach). Tore: 1:0 Dominik Ortega Tapia (1.), 2:0 Jason Ptak (27.), 3:0 Dominik Ortega Tapia (45.), 4:0 Leonardo Bianco (51.).<\/h4>\n<\/blockquote>\n","protected":false},"excerpt":{"rendered":"<p>Der SV Zeilsheim bleibt nach dem 4:0-Sieg \u00fcber Aufsteiger SV Wiesbaden mit sechs Punkten Vorsprung souver\u00e4ner Spitzenreiter der Verbandsliga Mitte. SV Zeilsheim &#8211; SV Wiesbaden 4:0 (3:0) F\u00fcr den SVW blieb beim Spitzenreiter Zeilsheim nichts h\u00e4ngen \u2013 am Ende gab es ein deutliches 4:0 f\u00fcr die Gr\u00fcnhemden. Zeilsheims Dominik Ortega Tapia begann seine Glanzvorstellung bereits [&hellip;]<\/p>\n","protected":false},"author":1,"featured_media":22662,"comment_status":"closed","ping_status":"closed","sticky":true,"template":"","format":"standard","meta":{"footnotes":""},"categories":[32],"tags":[],"class_list":["post-22661","post","type-post","status-publish","format-standard","has-post-thumbnail","hentry","category-verbandsliga-mitte"],"_links":{"self":[{"href":"https:\/\/insideamateurfussball-ffm.de\/index.php?rest_route=\/wp\/v2\/posts\/22661","targetHints":{"allow":["GET"]}}],"collection":[{"href":"https:\/\/insideamateurfussball-ffm.de\/index.php?rest_route=\/wp\/v2\/posts"}],"about":[{"href":"https:\/\/insideamateurfussball-ffm.de\/index.php?rest_route=\/wp\/v2\/types\/post"}],"author":[{"embeddable":true,"href":"https:\/\/insideamateurfussball-ffm.de\/index.php?rest_route=\/wp\/v2\/users\/1"}],"replies":[{"embeddable":true,"href":"https:\/\/insideamateurfussball-ffm.de\/index.php?rest_route=%2Fwp%2Fv2%2Fcomments&post=22661"}],"version-history":[{"count":1,"href":"https:\/\/insideamateurfussball-ffm.de\/index.php?rest_route=\/wp\/v2\/posts\/22661\/revisions"}],"predecessor-version":[{"id":22663,"href":"https:\/\/insideamateurfussball-ffm.de\/index.php?rest_route=\/wp\/v2\/posts\/22661\/revisions\/22663"}],"wp:featuredmedia":[{"embeddable":true,"href":"https:\/\/insideamateurfussball-ffm.de\/index.php?rest_route=\/wp\/v2\/media\/22662"}],"wp:attachment":[{"href":"https:\/\/insideamateurfussball-ffm.de\/index.php?rest_route=%2Fwp%2Fv2%2Fmedia&parent=22661"}],"wp:term":[{"taxonomy":"category","embeddable":true,"href":"https:\/\/insideamateurfussball-ffm.de\/index.php?rest_route=%2Fwp%2Fv2%2Fcategories&post=22661"},{"taxonomy":"post_tag","embeddable":true,"href":"https:\/\/insideamateurfussball-ffm.de\/index.php?rest_route=%2Fwp%2Fv2%2Ftags&post=22661"}],"curies":[{"name":"wp","href":"https:\/\/api.w.org\/{rel}","templated":true}]}}