{"id":22653,"date":"2024-11-22T20:26:24","date_gmt":"2024-11-22T18:26:24","guid":{"rendered":"https:\/\/insideamateurfussball-ffm.de\/?p=22653"},"modified":"2024-11-22T20:27:28","modified_gmt":"2024-11-22T18:27:28","slug":"nachbarschaftsduell-im-gallus","status":"publish","type":"post","link":"https:\/\/insideamateurfussball-ffm.de\/?p=22653","title":{"rendered":"Nachbarschaftsduell im Gallus"},"content":{"rendered":"<h4>In einem Nachbarschaftsduell erwartet der SV Bosnien\/Herzegowina den Tabellenletzten FFV Sportfreunde 04 in der Gruppenliga Frankfurt West. Wir schauen in einem Vorbericht auf das Spiel der Woche.<\/h4>\n<figure id=\"attachment_22654\" aria-describedby=\"caption-attachment-22654\" style=\"width: 1063px\" class=\"wp-caption alignnone\"><img loading=\"lazy\" decoding=\"async\" class=\"wp-image-22654 size-full\" src=\"http:\/\/insideamateurfussball-ffm.de\/wp-content\/uploads\/2024\/11\/DUEL.jpg\" alt=\"\" width=\"1063\" height=\"797\" srcset=\"https:\/\/insideamateurfussball-ffm.de\/wp-content\/uploads\/2024\/11\/DUEL.jpg 1063w, https:\/\/insideamateurfussball-ffm.de\/wp-content\/uploads\/2024\/11\/DUEL-300x225.jpg 300w, https:\/\/insideamateurfussball-ffm.de\/wp-content\/uploads\/2024\/11\/DUEL-1024x768.jpg 1024w, https:\/\/insideamateurfussball-ffm.de\/wp-content\/uploads\/2024\/11\/DUEL-768x576.jpg 768w\" sizes=\"auto, (max-width: 1063px) 100vw, 1063px\" \/><figcaption id=\"caption-attachment-22654\" class=\"wp-caption-text\">Die Ansto\u00dfzeit wurde mittlerweile auf 14.45 Uhr vorgelegt. Grafik: Mithat G\u00fcrser.<\/figcaption><\/figure>\n<h4>SV Bosnien\/Herzegowina &#8211; FFV Sportfreunde 04 (Sonntag, 14.45 Uhr)<\/h4>\n<p><img loading=\"lazy\" decoding=\"async\" class=\"alignnone size-full wp-image-139\" src=\"http:\/\/insideamateurfussball-ffm.de\/wp-content\/uploads\/2022\/05\/Bosnien.jpg\" alt=\"\" width=\"79\" height=\"80\" \/><img loading=\"lazy\" decoding=\"async\" class=\"alignnone size-full wp-image-141\" src=\"http:\/\/insideamateurfussball-ffm.de\/wp-content\/uploads\/2022\/05\/Speuzer.jpg\" alt=\"\" width=\"80\" height=\"80\" \/><\/p>\n<div>Der SV Bosnien\/Herzegowina freut sich auf das Nachbarschaftsduell gegen die &#8222;Speuzer&#8220;, dessen Sportplatz nur 1,3 Kilometer entfernt liegt. Das Hinspiel im August gewannen die Bosnier deutlich mit 4:0. &#8222;In Derbys kann viel passieren, aber was die Tabellenkonstellation und unsere Ziele betrifft, kommt f\u00fcr uns nichts anderes als ein Sieg in Frage&#8220;, erkl\u00e4rt Bosniens Pressesprecher Admir Malohodzic. Der Tabellenzehnte, der in der Hinrunde klar unter den Erwartungen blieb, erwartet den auch in der Gruppenliga auf den letzten Platz abgest\u00fcrzten Verbandsliga-Absteiger, der lediglich vier Punkte auf dem Konto aufweist.<\/div>\n<div><\/div>\n<div>Mit Amel Dizdarevic steht seit dieser Saison ein Eigengew\u00e4chs aus der erfolgreichen U19 im Tor, der den langzeitverletzten Stammkeeper Florian Sieler vertritt. Drei weitere Jugendspieler wurden in dieser Runde in das Team von Trainer Amir Mustafic integriert.<\/div>\n<div><\/div>\n<blockquote>\n<h4>&#8222;Wenn wir eine \u00e4hnliche Leistung wie gegen Kaichen abrufen, sollte es zeitnah mit dem ersten Sieg klappen&#8220; (Speuzer-Trainer Lamine Kaiser)<\/h4>\n<\/blockquote>\n<div>&#8222;Das ist unsere Philosophie, Spieler aus dem eigenen Jugendbereich in die Seniorenteams zu \u00fcbernehmen&#8220;, erkl\u00e4rt Malohodzic. Der FFV Sportfreunde verliert trotz der fast ausweglosen Situation am Tabellenende nicht den Mut. Trainer Lamine Kaiser wird nicht m\u00fcde, die Fortschritte der letzten Wochen hervorzuheben, die sich jedoch noch nicht in einem Sieg widerspiegeln.<\/div>\n<div><\/div>\n<div>&#8222;Wenn wir eine \u00e4hnliche Leistung wie gegen Kaichen abrufen, sollte es zeitnah mit dem ersten Sieg klappen&#8220;, betont Kaiser. Daf\u00fcr m\u00fcsse aber die Chancenverwertung besser werden. Ansonsten k\u00f6nne man das Team f\u00fcr das Engagement nur loben, &#8222;es fehlt uns das Spielgl\u00fcck.&#8220; In der Winterpause sei angedacht, den &#8222;Kader deutlich zu verbessern und zu verst\u00e4rken. Wir stehen mit neuen Spielern in Gespr\u00e4chen&#8220;, so Kaiser.<\/div>\n","protected":false},"excerpt":{"rendered":"<p>In einem Nachbarschaftsduell erwartet der SV Bosnien\/Herzegowina den Tabellenletzten FFV Sportfreunde 04 in der Gruppenliga Frankfurt West. Wir schauen in einem Vorbericht auf das Spiel der Woche. SV Bosnien\/Herzegowina &#8211; FFV Sportfreunde 04 (Sonntag, 14.45 Uhr) Der SV Bosnien\/Herzegowina freut sich auf das Nachbarschaftsduell gegen die &#8222;Speuzer&#8220;, dessen Sportplatz nur 1,3 Kilometer entfernt liegt. Das [&hellip;]<\/p>\n","protected":false},"author":1,"featured_media":22654,"comment_status":"closed","ping_status":"closed","sticky":true,"template":"","format":"standard","meta":{"footnotes":""},"categories":[13],"tags":[],"class_list":["post-22653","post","type-post","status-publish","format-standard","has-post-thumbnail","hentry","category-gruppenliga-frankfurt-west"],"_links":{"self":[{"href":"https:\/\/insideamateurfussball-ffm.de\/index.php?rest_route=\/wp\/v2\/posts\/22653","targetHints":{"allow":["GET"]}}],"collection":[{"href":"https:\/\/insideamateurfussball-ffm.de\/index.php?rest_route=\/wp\/v2\/posts"}],"about":[{"href":"https:\/\/insideamateurfussball-ffm.de\/index.php?rest_route=\/wp\/v2\/types\/post"}],"author":[{"embeddable":true,"href":"https:\/\/insideamateurfussball-ffm.de\/index.php?rest_route=\/wp\/v2\/users\/1"}],"replies":[{"embeddable":true,"href":"https:\/\/insideamateurfussball-ffm.de\/index.php?rest_route=%2Fwp%2Fv2%2Fcomments&post=22653"}],"version-history":[{"count":1,"href":"https:\/\/insideamateurfussball-ffm.de\/index.php?rest_route=\/wp\/v2\/posts\/22653\/revisions"}],"predecessor-version":[{"id":22655,"href":"https:\/\/insideamateurfussball-ffm.de\/index.php?rest_route=\/wp\/v2\/posts\/22653\/revisions\/22655"}],"wp:featuredmedia":[{"embeddable":true,"href":"https:\/\/insideamateurfussball-ffm.de\/index.php?rest_route=\/wp\/v2\/media\/22654"}],"wp:attachment":[{"href":"https:\/\/insideamateurfussball-ffm.de\/index.php?rest_route=%2Fwp%2Fv2%2Fmedia&parent=22653"}],"wp:term":[{"taxonomy":"category","embeddable":true,"href":"https:\/\/insideamateurfussball-ffm.de\/index.php?rest_route=%2Fwp%2Fv2%2Fcategories&post=22653"},{"taxonomy":"post_tag","embeddable":true,"href":"https:\/\/insideamateurfussball-ffm.de\/index.php?rest_route=%2Fwp%2Fv2%2Ftags&post=22653"}],"curies":[{"name":"wp","href":"https:\/\/api.w.org\/{rel}","templated":true}]}}